{"id":7781,"date":"2012-08-08T08:23:37","date_gmt":"2012-08-08T11:23:37","guid":{"rendered":"https:\/\/www.mpal.mp.br\/?p=7781"},"modified":"2022-06-02T08:24:01","modified_gmt":"2022-06-02T11:24:01","slug":"mpe-abre-concurso-para-28-vagas-de-promotor-de-justica","status":"publish","type":"post","link":"https:\/\/www.mpal.mp.br\/?p=7781","title":{"rendered":"MPE abre concurso para 28 vagas de promotor de Justi\u00e7a"},"content":{"rendered":"<p class=\"external\" style=\"text-align: justify;\"><span style=\"font-size: 14pt;\">O Minist\u00e9rio P\u00fablico Estadual lan\u00e7a nesta quarta-feira (8) o edital do III Concurso P\u00fablico para provimento do cargo de promotor de Justi\u00e7a de 1\u00aa Entr\u00e2ncia. S\u00e3o 28 vagas para membros do MPE, com sal\u00e1rio inicial de R$ 17,5 mil. As inscri\u00e7\u00f5es estar\u00e3o abertas a partir de 9 de agosto pelo\u00a0<a href=\"http:\/\/www.concursosfcc.com.br\/concursos\/mpeal112\/index.html\">site<\/a>\u00a0da Funda\u00e7\u00e3o Carlos Chagas (FCC), organizadora do processo seletivo. A taxa \u00e9 de R$ 240 .<\/span><\/p>\n<p class=\"external\" style=\"text-align: justify;\"><span style=\"font-size: 14pt;\">Para participar do concurso, o candidato deve ser brasileiro, formado em Direito, n\u00e3o ter antecedentes criminais ou c\u00edveis e possuir tr\u00eas anos de experi\u00eancia na atividade jur\u00eddica at\u00e9 a data final do prazo de inscri\u00e7\u00e3o.<\/span><\/p>\n<p class=\"external\" style=\"text-align: justify;\"><span style=\"font-size: 14pt;\">A sele\u00e7\u00e3o ser\u00e1 composta por cinco fases: prova preambular, prova discursiva, entrevista e exame psicot\u00e9cnico, prova oral (tribuna) e avalia\u00e7\u00e3o de t\u00edtulos. A primeira fase corresponde \u00e0 prova objetiva e ser\u00e1 realizada no dia 21 de outubro. J\u00e1 a segunda etapa acontecer\u00e1 no dia 16 de dezembro. O MPE e a FCC divulgar\u00e3o as datas das demais fases em editais espec\u00edficos.<\/span><\/p>\n<p class=\"external\" style=\"text-align: justify;\"><span style=\"font-size: 14pt;\">O procurador-geral de Justi\u00e7a, Eduardo Tavares, comemora a realiza\u00e7\u00e3o do concurso, uma vez que o \u00faltimo foi realizado h\u00e1 16 anos. \u201cEste \u00e9 um desejo da sociedade. Temos diversas vagas que precisam ser preenchidas. O concurso em quest\u00e3o visa contribuir para o aperfei\u00e7oamento do corpo funcional do MPE, al\u00e9m de otimizar as nossas rotinas e, principalmente, poder atender melhor \u00e0 sociedade, sobre o prisma da seriedade, austeridade e, sobretudo, \u00a0harmonia. Nesse sentido, o bom relacionamento com o Poder Executivo nos permitiu a disponibiliza\u00e7\u00e3o or\u00e7ament\u00e1ria para melhor atender a essa necessidade\u201d, afirmou o procurador-geral.<\/span><\/p>\n<p class=\"external\" style=\"text-align: justify;\"><span style=\"font-size: 14pt;\">Tavares preside a comiss\u00e3o do concurso que tamb\u00e9m conta com a participa\u00e7\u00e3o dos subprocuradores S\u00e9rgio Juc\u00e1 e Afr\u00e2nio Roberto Pereira de Queiroz, do procurador Ant\u00f4nio Arecippo e do representante da Ordem dos Advogados do Brasil (OAB), Tutm\u00e9s Toledo. J\u00e1 o promotor Alfredo Gaspar de Mendon\u00e7a integra o comit\u00ea organizador como secret\u00e1rio.<\/span><\/p>\n","protected":false},"excerpt":{"rendered":"<p> [&hellip;]<\/p>\n","protected":false},"author":2,"featured_media":7778,"comment_status":"open","ping_status":"open","sticky":false,"template":"","format":"standard","meta":{"om_disable_all_campaigns":false,"_monsterinsights_skip_tracking":false,"_monsterinsights_sitenote_active":false,"_monsterinsights_sitenote_note":"","_monsterinsights_sitenote_category":0,"_uf_show_specific_survey":0,"_uf_disable_surveys":false,"footnotes":""},"categories":[18],"tags":[],"class_list":["post-7781","post","type-post","status-publish","format-standard","has-post-thumbnail","hentry","category-not_concursos"],"aioseo_notices":[],"_links":{"self":[{"href":"https:\/\/www.mpal.mp.br\/index.php?rest_route=\/wp\/v2\/posts\/7781","targetHints":{"allow":["GET"]}}],"collection":[{"href":"https:\/\/www.mpal.mp.br\/index.php?rest_route=\/wp\/v2\/posts"}],"about":[{"href":"https:\/\/www.mpal.mp.br\/index.php?rest_route=\/wp\/v2\/types\/post"}],"author":[{"embeddable":true,"href":"https:\/\/www.mpal.mp.br\/index.php?rest_route=\/wp\/v2\/users\/2"}],"replies":[{"embeddable":true,"href":"https:\/\/www.mpal.mp.br\/index.php?rest_route=%2Fwp%2Fv2%2Fcomments&post=7781"}],"version-history":[{"count":1,"href":"https:\/\/www.mpal.mp.br\/index.php?rest_route=\/wp\/v2\/posts\/7781\/revisions"}],"predecessor-version":[{"id":7782,"href":"https:\/\/www.mpal.mp.br\/index.php?rest_route=\/wp\/v2\/posts\/7781\/revisions\/7782"}],"wp:featuredmedia":[{"embeddable":true,"href":"https:\/\/www.mpal.mp.br\/index.php?rest_route=\/wp\/v2\/media\/7778"}],"wp:attachment":[{"href":"https:\/\/www.mpal.mp.br\/index.php?rest_route=%2Fwp%2Fv2%2Fmedia&parent=7781"}],"wp:term":[{"taxonomy":"category","embeddable":true,"href":"https:\/\/www.mpal.mp.br\/index.php?rest_route=%2Fwp%2Fv2%2Fcategories&post=7781"},{"taxonomy":"post_tag","embeddable":true,"href":"https:\/\/www.mpal.mp.br\/index.php?rest_route=%2Fwp%2Fv2%2Ftags&post=7781"}],"curies":[{"name":"wp","href":"https:\/\/api.w.org\/{rel}","templated":true}]}}