{"id":7777,"date":"2012-07-03T08:22:28","date_gmt":"2012-07-03T11:22:28","guid":{"rendered":"https:\/\/www.mpal.mp.br\/?p=7777"},"modified":"2022-06-02T08:22:56","modified_gmt":"2022-06-02T11:22:56","slug":"selecao-de-estagio-do-ministerio-publico-conta-com-419-inscritos","status":"publish","type":"post","link":"https:\/\/www.mpal.mp.br\/?p=7777","title":{"rendered":"Sele\u00e7\u00e3o de Est\u00e1gio do Minist\u00e9rio P\u00fablico conta com 419 inscritos"},"content":{"rendered":"<p style=\"text-align: justify;\"><span style=\"font-size: 14pt;\">O Minist\u00e9rio P\u00fablico Estadual informa que as provas para seu 4\u00ba Processo Seletivo de Estagi\u00e1rios na \u00c1rea de Direito ser\u00e3o aplicadas no domingo 8 de julho. Ao todo, 419 estudantes fizeram inscri\u00e7\u00f5es para concorrer a uma das 66 oportunidades de est\u00e1gio, sendo 7 para portadores de necessidades especiais. Todo o processo \u00e9 desenvolvido pela Funda\u00e7\u00e3o Apol\u00f4nio Salles de Desenvolvimento Educacional de Pernambuco (Fadurpe) sob a supervis\u00e3o da Escola Superior do Minist\u00e9rio P\u00fablico, dirigida pelo procurador S\u00e9rgio Juc\u00e1.<\/span><\/p>\n<p style=\"text-align: justify;\"><span style=\"font-size: 14pt;\">Os estudantes concorrem a 66 vagas, sendo 11 delas destinadas \u00e0 cidade de Macei\u00f3 e as outras 55 para os outros munic\u00edpios do Estado. A prova de sele\u00e7\u00e3o ser\u00e1 constitu\u00edda de 80 quest\u00f5es que versar\u00e3o sobre conhecimentos b\u00e1sicos e espec\u00edficos. A maior concorr\u00eancia ficou por conta de Macei\u00f3 com 24,8 por vaga; Arapiraca registrou 7 candidatos por vaga; Campo Alegre, Girau do Ponciano, Igreja Nova, Marechal Deodoro e Pia\u00e7abu\u00e7u com 4; as demais s\u00e3o iguais ou menores que 3.<\/span><\/p>\n<p style=\"text-align: justify;\"><span style=\"font-size: 14pt;\">O est\u00e1gio oferece bolsa-aux\u00edlio no valor de um sal\u00e1rio m\u00ednimo, aux\u00edlio-transporte e seguro de vida. A jornada \u00e9 de 20 horas semanais, de segunda a sexta-feira. O resultado final do processo seletivo ser\u00e1 divulgado no pr\u00f3ximo dia 23 de julho. Os locais de prova ser\u00e3o divulgados at\u00e9 o final deste m\u00eas.<\/span><\/p>\n","protected":false},"excerpt":{"rendered":"<p> [&hellip;]<\/p>\n","protected":false},"author":2,"featured_media":7779,"comment_status":"open","ping_status":"open","sticky":false,"template":"","format":"standard","meta":{"om_disable_all_campaigns":false,"_monsterinsights_skip_tracking":false,"_monsterinsights_sitenote_active":false,"_monsterinsights_sitenote_note":"","_monsterinsights_sitenote_category":0,"_uf_show_specific_survey":0,"_uf_disable_surveys":false,"footnotes":""},"categories":[18],"tags":[],"class_list":["post-7777","post","type-post","status-publish","format-standard","has-post-thumbnail","hentry","category-not_concursos"],"aioseo_notices":[],"_links":{"self":[{"href":"https:\/\/www.mpal.mp.br\/index.php?rest_route=\/wp\/v2\/posts\/7777","targetHints":{"allow":["GET"]}}],"collection":[{"href":"https:\/\/www.mpal.mp.br\/index.php?rest_route=\/wp\/v2\/posts"}],"about":[{"href":"https:\/\/www.mpal.mp.br\/index.php?rest_route=\/wp\/v2\/types\/post"}],"author":[{"embeddable":true,"href":"https:\/\/www.mpal.mp.br\/index.php?rest_route=\/wp\/v2\/users\/2"}],"replies":[{"embeddable":true,"href":"https:\/\/www.mpal.mp.br\/index.php?rest_route=%2Fwp%2Fv2%2Fcomments&post=7777"}],"version-history":[{"count":1,"href":"https:\/\/www.mpal.mp.br\/index.php?rest_route=\/wp\/v2\/posts\/7777\/revisions"}],"predecessor-version":[{"id":7780,"href":"https:\/\/www.mpal.mp.br\/index.php?rest_route=\/wp\/v2\/posts\/7777\/revisions\/7780"}],"wp:featuredmedia":[{"embeddable":true,"href":"https:\/\/www.mpal.mp.br\/index.php?rest_route=\/wp\/v2\/media\/7779"}],"wp:attachment":[{"href":"https:\/\/www.mpal.mp.br\/index.php?rest_route=%2Fwp%2Fv2%2Fmedia&parent=7777"}],"wp:term":[{"taxonomy":"category","embeddable":true,"href":"https:\/\/www.mpal.mp.br\/index.php?rest_route=%2Fwp%2Fv2%2Fcategories&post=7777"},{"taxonomy":"post_tag","embeddable":true,"href":"https:\/\/www.mpal.mp.br\/index.php?rest_route=%2Fwp%2Fv2%2Ftags&post=7777"}],"curies":[{"name":"wp","href":"https:\/\/api.w.org\/{rel}","templated":true}]}}