{"id":7768,"date":"2012-10-11T08:07:00","date_gmt":"2012-10-11T11:07:00","guid":{"rendered":"https:\/\/www.mpal.mp.br\/?p=7768"},"modified":"2022-06-02T08:08:06","modified_gmt":"2022-06-02T11:08:06","slug":"concurso-promotor-de-justica-conheca-o-local-das-provas","status":"publish","type":"post","link":"https:\/\/www.mpal.mp.br\/?p=7768","title":{"rendered":"Concurso Promotor de Justi\u00e7a: conhe\u00e7a o local das provas"},"content":{"rendered":"<p class=\"western\" style=\"text-align: justify;\"><span style=\"font-size: 14pt;\">Mais de mil e oitocentos candidatos se inscreveram no III Concurso P\u00fablico para provimento do cargo de promotor de Justi\u00e7a de 1\u00aa entr\u00e2ncia do Minist\u00e9rio P\u00fablico Estadual (MPE). S\u00e3o 28 vagas destinadas a bachar\u00e9is de Direito, com sal\u00e1rio inicial de R$ 17,5 mil. A maioria dos futuros membros atender\u00e1 a demanda em promotorias do interior do estado. A primeira etapa, prova objetiva, ser\u00e1 realizada \u00e0s 8h do dia 21 de outubro, em Macei\u00f3. Os port\u00f5es ser\u00e3o fechados impreterivelmente \u00e0s 8h30.\u00a0<\/span><\/p>\n<p class=\"western\" style=\"text-align: justify;\"><span style=\"font-size: 14pt;\">A Funda\u00e7\u00e3o Carlos Chagas (FCC) \u00e9 a institui\u00e7\u00e3o respons\u00e1vel por organizar a sele\u00e7\u00e3o. O candidato que n\u00e3o receber o cart\u00e3o de inscri\u00e7\u00e3o at\u00e9 tr\u00eas dias antes da realiza\u00e7\u00e3o da prova deve entrar em contato com o Servi\u00e7o de Atendimento ao Cliente (SAC) da FCC atrav\u00e9s do n\u00famero (11) 3723-4388.<\/span><\/p>\n<p class=\"western\" style=\"text-align: justify;\"><span style=\"font-size: 14pt;\">Al\u00e9m do procurador-geral de Justi\u00e7a Eduardo Tavares, a comiss\u00e3o do concurso \u00e9 formada pelos subprocuradores S\u00e9rgio Juc\u00e1 e Afr\u00e2nio Roberto Pereira de Queiroz, o procurador Ant\u00f4nio Arecippo, o promotor Alfredo Gaspar de Mendon\u00e7a e o advogado Tutm\u00e9s Toledo, indicado pela Ordem dos Advogados do Brasil (OAB).<\/span><\/p>\n<p class=\"western\" style=\"text-align: justify;\"><span style=\"font-size: 14pt;\">O edital de convoca\u00e7\u00e3o para a prova est\u00e1 no Di\u00e1rio Oficial do Estado desta segunda-feira (15).<\/span><\/p>\n","protected":false},"excerpt":{"rendered":"<p> [&hellip;]<\/p>\n","protected":false},"author":2,"featured_media":3993,"comment_status":"open","ping_status":"open","sticky":false,"template":"","format":"standard","meta":{"om_disable_all_campaigns":false,"_monsterinsights_skip_tracking":false,"_monsterinsights_sitenote_active":false,"_monsterinsights_sitenote_note":"","_monsterinsights_sitenote_category":0,"_uf_show_specific_survey":0,"_uf_disable_surveys":false,"footnotes":""},"categories":[18],"tags":[],"class_list":["post-7768","post","type-post","status-publish","format-standard","has-post-thumbnail","hentry","category-not_concursos"],"aioseo_notices":[],"_links":{"self":[{"href":"https:\/\/www.mpal.mp.br\/index.php?rest_route=\/wp\/v2\/posts\/7768","targetHints":{"allow":["GET"]}}],"collection":[{"href":"https:\/\/www.mpal.mp.br\/index.php?rest_route=\/wp\/v2\/posts"}],"about":[{"href":"https:\/\/www.mpal.mp.br\/index.php?rest_route=\/wp\/v2\/types\/post"}],"author":[{"embeddable":true,"href":"https:\/\/www.mpal.mp.br\/index.php?rest_route=\/wp\/v2\/users\/2"}],"replies":[{"embeddable":true,"href":"https:\/\/www.mpal.mp.br\/index.php?rest_route=%2Fwp%2Fv2%2Fcomments&post=7768"}],"version-history":[{"count":2,"href":"https:\/\/www.mpal.mp.br\/index.php?rest_route=\/wp\/v2\/posts\/7768\/revisions"}],"predecessor-version":[{"id":7770,"href":"https:\/\/www.mpal.mp.br\/index.php?rest_route=\/wp\/v2\/posts\/7768\/revisions\/7770"}],"wp:featuredmedia":[{"embeddable":true,"href":"https:\/\/www.mpal.mp.br\/index.php?rest_route=\/wp\/v2\/media\/3993"}],"wp:attachment":[{"href":"https:\/\/www.mpal.mp.br\/index.php?rest_route=%2Fwp%2Fv2%2Fmedia&parent=7768"}],"wp:term":[{"taxonomy":"category","embeddable":true,"href":"https:\/\/www.mpal.mp.br\/index.php?rest_route=%2Fwp%2Fv2%2Fcategories&post=7768"},{"taxonomy":"post_tag","embeddable":true,"href":"https:\/\/www.mpal.mp.br\/index.php?rest_route=%2Fwp%2Fv2%2Ftags&post=7768"}],"curies":[{"name":"wp","href":"https:\/\/api.w.org\/{rel}","templated":true}]}}