{"id":7765,"date":"2012-10-19T08:05:13","date_gmt":"2012-10-19T11:05:13","guid":{"rendered":"https:\/\/www.mpal.mp.br\/?p=7765"},"modified":"2022-06-02T08:06:02","modified_gmt":"2022-06-02T11:06:02","slug":"comissao-do-mpe-acompanha-concurso-para-promotor-que-sera-realizado-neste-domingo","status":"publish","type":"post","link":"https:\/\/www.mpal.mp.br\/?p=7765","title":{"rendered":"Comiss\u00e3o do MPE acompanha concurso para Promotor que ser\u00e1 realizado neste domingo"},"content":{"rendered":"<p class=\"western\" style=\"text-align: justify;\"><span style=\"font-size: 14pt;\">A comiss\u00e3o organizadora do concurso para Promotor de Justi\u00e7a do Minist\u00e9rio Publico Estadual (MPE) vai acompanhar a aplica\u00e7\u00e3o das provas, que ser\u00e3o realizadas na manh\u00e3 do pr\u00f3ximo domingo (21). A equipe \u00e9 composta pelo procurador-geral de Justi\u00e7a Eduardo Tavares, pelos subprocuradores S\u00e9rgio Juc\u00e1 e Afr\u00e2nio Roberto, procurador Ant\u00f4nio Arecippo, pelo promotor Alfredo Gaspar de Mendon\u00e7a, al\u00e9m do representante da OAB, advogado Tutm\u00e9s Toledo.<\/span><\/p>\n<p class=\"western\" style=\"text-align: justify;\"><span style=\"font-size: 14pt;\">Segundo Eduardo Tavares, a equipe vai percorrer os locais onde as provas ser\u00e3o aplicadas, que s\u00e3o a faculdade Maur\u00edcio de Nassau e o Col\u00e9gio Intensivo. \u201cO nosso objetivo \u00e9 acompanhar de perto o andamento da sele\u00e7\u00e3o, e a nossa expectativa \u00e9 que tudo transcorra normalmente, a exemplo do concurso para analistas e t\u00e9cnico-administrativos, realizado em janeiro deste ano\u201d, afirmou Tavares.<\/span><\/p>\n<p class=\"western\" style=\"text-align: justify;\"><span style=\"font-size: 14pt;\">A avalia\u00e7\u00e3o ser\u00e1 aplicada pela Funda\u00e7\u00e3o Carlos Chagas (FCC). Esta \u00e9 a primeira fase do concurso, onde os candidatos passar\u00e3o pela prova objetiva. Ap\u00f3s a primeira etapa, haver\u00e1 ainda prova discursiva, entrevista e exame psicot\u00e9cnico, prova oral, avalia\u00e7\u00e3o da tribuna e avalia\u00e7\u00e3o de t\u00edtulos.<\/span><\/p>\n<p class=\"western\" style=\"text-align: justify;\"><span style=\"font-size: 14pt;\">Todos os candidatos dever\u00e3o levar caneta esferogr\u00e1fica em tinta preta e material transparente, e documento de identidade original. Lembrando que no dia da realiza\u00e7\u00e3o do concurso j\u00e1 estar\u00e1 em vigor o hor\u00e1rio de ver\u00e3o, mas as provas v\u00e3o acompanhar o hor\u00e1rio local, e os port\u00f5es ser\u00e3o fechados impreterivelmente \u00e0s 8:30h.<\/span><\/p>\n","protected":false},"excerpt":{"rendered":"<p> [&hellip;]<\/p>\n","protected":false},"author":2,"featured_media":3993,"comment_status":"open","ping_status":"open","sticky":false,"template":"","format":"standard","meta":{"om_disable_all_campaigns":false,"_monsterinsights_skip_tracking":false,"_monsterinsights_sitenote_active":false,"_monsterinsights_sitenote_note":"","_monsterinsights_sitenote_category":0,"_uf_show_specific_survey":0,"_uf_disable_surveys":false,"footnotes":""},"categories":[18],"tags":[],"class_list":["post-7765","post","type-post","status-publish","format-standard","has-post-thumbnail","hentry","category-not_concursos"],"aioseo_notices":[],"_links":{"self":[{"href":"https:\/\/www.mpal.mp.br\/index.php?rest_route=\/wp\/v2\/posts\/7765","targetHints":{"allow":["GET"]}}],"collection":[{"href":"https:\/\/www.mpal.mp.br\/index.php?rest_route=\/wp\/v2\/posts"}],"about":[{"href":"https:\/\/www.mpal.mp.br\/index.php?rest_route=\/wp\/v2\/types\/post"}],"author":[{"embeddable":true,"href":"https:\/\/www.mpal.mp.br\/index.php?rest_route=\/wp\/v2\/users\/2"}],"replies":[{"embeddable":true,"href":"https:\/\/www.mpal.mp.br\/index.php?rest_route=%2Fwp%2Fv2%2Fcomments&post=7765"}],"version-history":[{"count":1,"href":"https:\/\/www.mpal.mp.br\/index.php?rest_route=\/wp\/v2\/posts\/7765\/revisions"}],"predecessor-version":[{"id":7766,"href":"https:\/\/www.mpal.mp.br\/index.php?rest_route=\/wp\/v2\/posts\/7765\/revisions\/7766"}],"wp:featuredmedia":[{"embeddable":true,"href":"https:\/\/www.mpal.mp.br\/index.php?rest_route=\/wp\/v2\/media\/3993"}],"wp:attachment":[{"href":"https:\/\/www.mpal.mp.br\/index.php?rest_route=%2Fwp%2Fv2%2Fmedia&parent=7765"}],"wp:term":[{"taxonomy":"category","embeddable":true,"href":"https:\/\/www.mpal.mp.br\/index.php?rest_route=%2Fwp%2Fv2%2Fcategories&post=7765"},{"taxonomy":"post_tag","embeddable":true,"href":"https:\/\/www.mpal.mp.br\/index.php?rest_route=%2Fwp%2Fv2%2Ftags&post=7765"}],"curies":[{"name":"wp","href":"https:\/\/api.w.org\/{rel}","templated":true}]}}