{"id":7763,"date":"2012-10-22T08:03:07","date_gmt":"2012-10-22T10:03:07","guid":{"rendered":"https:\/\/www.mpal.mp.br\/?p=7763"},"modified":"2022-06-02T08:04:12","modified_gmt":"2022-06-02T11:04:12","slug":"concurso-para-promotor-de-justica-ocorre-de-forma-tranquila","status":"publish","type":"post","link":"https:\/\/www.mpal.mp.br\/?p=7763","title":{"rendered":"Concurso para Promotor de Justi\u00e7a ocorre de forma tranquila"},"content":{"rendered":"<p class=\"western\" style=\"text-align: justify;\"><span style=\"font-size: 14pt;\">O concurso do Minist\u00e9rio Publico Estadual (MPE) para o cargo de Promotor de Justi\u00e7a, ocorrido no \u00faltimo domingo (21), aconteceu de forma tranquila nas duas unidades onde as provas foram realizadas. Os port\u00f5es foram fechados \u00e0s 8:30h e nenhum atraso foi registrado.<\/span><\/p>\n<p class=\"western\" style=\"text-align: justify;\"><span style=\"font-size: 14pt;\">A sele\u00e7\u00e3o contabilizou 1809 inscritos, mas 302 faltaram no dia do certame, uma m\u00e9dia de 16% dos candidatos. De acordo com a Funda\u00e7\u00e3o Carlos Chagas (FCC), institui\u00e7\u00e3o respons\u00e1vel pela organiza\u00e7\u00e3o do concurso, o n\u00famero de faltosos est\u00e1 dentro da m\u00e9dia esperada, que \u00e9 de 15 \u00e0 20%.<\/span><\/p>\n<p class=\"western\" style=\"text-align: justify;\"><span style=\"font-size: 14pt;\">Ao longo de cinco horas de prova, apenas uma intercorr\u00eancia foi registrada, um candidato foi eliminado por portar um aparelho celular, identificado pelo detector de metais, na hora de ir ao banheiro.<\/span><\/p>\n<p class=\"western\" style=\"text-align: justify;\"><span style=\"font-size: 14pt;\">O gabarito deve ser divulgado no final da tarde desta segunda-feira (22) no\u00a0<a href=\"http:\/\/www.concursosfcc.com.br\/\">http:\/\/www.concursosfcc.com.br<\/a>, e e os candidatos t\u00eam at\u00e9 a quarta-feira (24) para dar entrada em recurso. A previs\u00e3o \u00e9 que no dia 23\/11 a lista dos aprovados nessa primeira fase seja publicada. A pr\u00f3xima fase, prova discursiva, est\u00e1 prevista para o dia 16\/12.<\/span><\/p>\n","protected":false},"excerpt":{"rendered":"<p> [&hellip;]<\/p>\n","protected":false},"author":2,"featured_media":3993,"comment_status":"open","ping_status":"open","sticky":false,"template":"","format":"standard","meta":{"om_disable_all_campaigns":false,"_monsterinsights_skip_tracking":false,"_monsterinsights_sitenote_active":false,"_monsterinsights_sitenote_note":"","_monsterinsights_sitenote_category":0,"_uf_show_specific_survey":0,"_uf_disable_surveys":false,"footnotes":""},"categories":[18],"tags":[],"class_list":["post-7763","post","type-post","status-publish","format-standard","has-post-thumbnail","hentry","category-not_concursos"],"aioseo_notices":[],"_links":{"self":[{"href":"https:\/\/www.mpal.mp.br\/index.php?rest_route=\/wp\/v2\/posts\/7763","targetHints":{"allow":["GET"]}}],"collection":[{"href":"https:\/\/www.mpal.mp.br\/index.php?rest_route=\/wp\/v2\/posts"}],"about":[{"href":"https:\/\/www.mpal.mp.br\/index.php?rest_route=\/wp\/v2\/types\/post"}],"author":[{"embeddable":true,"href":"https:\/\/www.mpal.mp.br\/index.php?rest_route=\/wp\/v2\/users\/2"}],"replies":[{"embeddable":true,"href":"https:\/\/www.mpal.mp.br\/index.php?rest_route=%2Fwp%2Fv2%2Fcomments&post=7763"}],"version-history":[{"count":1,"href":"https:\/\/www.mpal.mp.br\/index.php?rest_route=\/wp\/v2\/posts\/7763\/revisions"}],"predecessor-version":[{"id":7764,"href":"https:\/\/www.mpal.mp.br\/index.php?rest_route=\/wp\/v2\/posts\/7763\/revisions\/7764"}],"wp:featuredmedia":[{"embeddable":true,"href":"https:\/\/www.mpal.mp.br\/index.php?rest_route=\/wp\/v2\/media\/3993"}],"wp:attachment":[{"href":"https:\/\/www.mpal.mp.br\/index.php?rest_route=%2Fwp%2Fv2%2Fmedia&parent=7763"}],"wp:term":[{"taxonomy":"category","embeddable":true,"href":"https:\/\/www.mpal.mp.br\/index.php?rest_route=%2Fwp%2Fv2%2Fcategories&post=7763"},{"taxonomy":"post_tag","embeddable":true,"href":"https:\/\/www.mpal.mp.br\/index.php?rest_route=%2Fwp%2Fv2%2Ftags&post=7763"}],"curies":[{"name":"wp","href":"https:\/\/api.w.org\/{rel}","templated":true}]}}