{"id":7760,"date":"2013-03-13T08:01:46","date_gmt":"2013-03-13T11:01:46","guid":{"rendered":"https:\/\/www.mpal.mp.br\/?p=7760"},"modified":"2022-06-02T08:02:20","modified_gmt":"2022-06-02T11:02:20","slug":"mpe-divulga-resultado-definitivo-da-prova-discursiva-para-promotor-de-justica","status":"publish","type":"post","link":"https:\/\/www.mpal.mp.br\/?p=7760","title":{"rendered":"MPE divulga resultado definitivo da prova discursiva para promotor de Justi\u00e7a"},"content":{"rendered":"<p style=\"text-align: justify;\"><span style=\"font-size: 14pt;\">O Minist\u00e9rio P\u00fablico Estadual de Alagoas (MPE) divulgou, nesta quinta-feira (14), os nomes dos 161 candidatos aprovados no resultado definitivo da prova especializada discursiva do concurso para promotor de Justi\u00e7a do Estado de Alagoas. A lista completa foi publicada no Di\u00e1rio Eletr\u00f4nico Oficial do Estado de hoje. A rela\u00e7\u00e3o tamb\u00e9m est\u00e1 dispon\u00edvel no s\u00edtio eletr\u00f4nico do MPE .<\/span><\/p>\n<p style=\"text-align: justify;\"><span style=\"font-size: 14pt;\">O resultado desta 2\u00aa etapa do concurso p\u00fablico para ingresso \u00e0 carreira MPE, como promotor de Justi\u00e7a de 1\u00aa entr\u00e2ncia, exibe a lista, em ordem alfab\u00e9tica, dos candidatos que foram habilitados, definitivamente, na prova especializada discursiva, ap\u00f3s a an\u00e1lise dos recursos apresentados. Os resultados de tais recursos ficar\u00e3o dispon\u00edveis no site da Funda\u00e7\u00e3o Carlos Chagas (www.concursosfcc.com.br) no per\u00edodo de sete dias, a contar da publica\u00e7\u00e3o do edital desta quinta-feira. Do total de aprovados, quatro s\u00e3o candidatos com defici\u00eancia f\u00edsica.<\/span><\/p>\n<p style=\"text-align: justify;\"><span style=\"font-size: 14pt;\">Com a divulga\u00e7\u00e3o desse resultado, o Minist\u00e9rio P\u00fablico convoca, a partir de agora, os aprovados para formalizarem, pessoalmente ou por procurador, a inscri\u00e7\u00e3o definitiva, de acordo com o cap\u00edtulo XI do Edital n\u00ba 02\/2012, de abertura de inscri\u00e7\u00f5es, publicado no Di\u00e1rio Oficial do Estado de 08\/08\/2012. Cada um dever\u00e1 entregar a documenta\u00e7\u00e3o exigida na Sala da Comiss\u00e3o do Concurso, sede do MPE, localizada na Rua Dr. Pedro Jorge e Melo, n\u00ba 79, 5\u00ba andar, bairro do Po\u00e7o, no per\u00edodo de 15\/03\/2013 a 25\/03\/2013, das 8 \u00e0s 13:30h.<\/span><\/p>\n<p style=\"text-align: justify;\"><span style=\"font-size: 14pt;\">Aqueles candidatos que tiverem a inscri\u00e7\u00e3o definitiva deferida ser\u00e3o convocados para realizar a entrevista e o exame psicot\u00e9cnico, previstos para ocorrerem no per\u00edodo de 11\/04 a 19\/04. A confirma\u00e7\u00e3o da data, local e hor\u00e1rio ser\u00e1 divulgada por meio de edital, a ser publicado oportunamente no Di\u00e1rio Oficial do Estado e no site da Funda\u00e7\u00e3o Carlos Chagas.<\/span><\/p>\n<p style=\"text-align: justify;\"><span style=\"font-size: 14pt;\">S\u00f3 ap\u00f3s a realiza\u00e7\u00e3o desses procedimentos haver\u00e1 a \u00faltima etapa do concurso, que consiste na prova oral.<\/span><\/p>\n<p style=\"text-align: justify;\"><span style=\"font-size: 14pt;\"><strong>O concurso<\/strong><\/span><\/p>\n<p style=\"text-align: justify;\"><span style=\"font-size: 14pt;\">O certame para o preenchimento de 28 vagas para a Procuradoria-Geral de Justi\u00e7a do Estado de Alagoas teve in\u00edcio ainda em 2011, passou por duas etapas no ano passado, agora em 2013, os novos membros do MPE dever\u00e3o ser nomeados e, posteriormente, empossados no cargo.<\/span><\/p>\n<p style=\"text-align: justify;\"><span style=\"font-size: 14pt;\">O concurso exigiu n\u00edvel superior em Direito, em institui\u00e7\u00e3o reconhecida pelo Minist\u00e9rio da Educa\u00e7\u00e3o, al\u00e9m de comprova\u00e7\u00e3o de, no m\u00ednimo, tr\u00eas anos de atividade jur\u00eddica. A organiza\u00e7\u00e3o do certame est\u00e1 a cargo da Funda\u00e7\u00e3o Carlos Chagas e \u00a0o sal\u00e1rio inicial ser\u00e1 de R$ 17.581,75. O edital destinou 5% das vagas para pessoas com defici\u00eancia.<\/span><\/p>\n<p style=\"text-align: justify;\"><span style=\"font-size: 14pt;\">As duas primeiras etapas do concurso j\u00e1 foram realizadas: prova preambular, de car\u00e1ter eliminat\u00f3rio, e a prova discursiva, de car\u00e1ter eliminat\u00f3rio e classificat\u00f3ria. Ainda faltam ser realizadas a inscri\u00e7\u00e3o definitiva, a entrevista, a prova oral, o exame psicot\u00e9cnico, a prova de tribuna e, por \u00faltimo, a avalia\u00e7\u00e3o de t\u00edtulos.<\/span><\/p>\n<p style=\"text-align: justify;\"><span style=\"font-size: 14pt;\">O concurso ter\u00e1 validade de dois anos a partir da data da homologa\u00e7\u00e3o do resultado final, podendo ser prorrogado uma vez por igual per\u00edodo, a crit\u00e9rio da Procuradoria Geral de Justi\u00e7a.<\/span><\/p>\n<p style=\"text-align: justify;\">\n","protected":false},"excerpt":{"rendered":"<p> [&hellip;]<\/p>\n","protected":false},"author":2,"featured_media":3993,"comment_status":"open","ping_status":"open","sticky":false,"template":"","format":"standard","meta":{"om_disable_all_campaigns":false,"_monsterinsights_skip_tracking":false,"_monsterinsights_sitenote_active":false,"_monsterinsights_sitenote_note":"","_monsterinsights_sitenote_category":0,"_uf_show_specific_survey":0,"_uf_disable_surveys":false,"footnotes":""},"categories":[18],"tags":[],"class_list":["post-7760","post","type-post","status-publish","format-standard","has-post-thumbnail","hentry","category-not_concursos"],"aioseo_notices":[],"_links":{"self":[{"href":"https:\/\/www.mpal.mp.br\/index.php?rest_route=\/wp\/v2\/posts\/7760","targetHints":{"allow":["GET"]}}],"collection":[{"href":"https:\/\/www.mpal.mp.br\/index.php?rest_route=\/wp\/v2\/posts"}],"about":[{"href":"https:\/\/www.mpal.mp.br\/index.php?rest_route=\/wp\/v2\/types\/post"}],"author":[{"embeddable":true,"href":"https:\/\/www.mpal.mp.br\/index.php?rest_route=\/wp\/v2\/users\/2"}],"replies":[{"embeddable":true,"href":"https:\/\/www.mpal.mp.br\/index.php?rest_route=%2Fwp%2Fv2%2Fcomments&post=7760"}],"version-history":[{"count":2,"href":"https:\/\/www.mpal.mp.br\/index.php?rest_route=\/wp\/v2\/posts\/7760\/revisions"}],"predecessor-version":[{"id":7762,"href":"https:\/\/www.mpal.mp.br\/index.php?rest_route=\/wp\/v2\/posts\/7760\/revisions\/7762"}],"wp:featuredmedia":[{"embeddable":true,"href":"https:\/\/www.mpal.mp.br\/index.php?rest_route=\/wp\/v2\/media\/3993"}],"wp:attachment":[{"href":"https:\/\/www.mpal.mp.br\/index.php?rest_route=%2Fwp%2Fv2%2Fmedia&parent=7760"}],"wp:term":[{"taxonomy":"category","embeddable":true,"href":"https:\/\/www.mpal.mp.br\/index.php?rest_route=%2Fwp%2Fv2%2Fcategories&post=7760"},{"taxonomy":"post_tag","embeddable":true,"href":"https:\/\/www.mpal.mp.br\/index.php?rest_route=%2Fwp%2Fv2%2Ftags&post=7760"}],"curies":[{"name":"wp","href":"https:\/\/api.w.org\/{rel}","templated":true}]}}