{"id":7757,"date":"2013-04-14T08:00:19","date_gmt":"2013-04-14T11:00:19","guid":{"rendered":"https:\/\/www.mpal.mp.br\/?p=7757"},"modified":"2022-06-02T08:00:45","modified_gmt":"2022-06-02T11:00:45","slug":"mpe-conclui-avaliacoes-e-entrevistas-com-os-candidatos-a-promotor-de-justica","status":"publish","type":"post","link":"https:\/\/www.mpal.mp.br\/?p=7757","title":{"rendered":"MPE conclui avalia\u00e7\u00f5es e entrevistas com os candidatos a promotor de Justi\u00e7a"},"content":{"rendered":"<p class=\"western\" style=\"text-align: justify;\"><span style=\"font-size: 14pt;\">O Minist\u00e9rio P\u00fablico Estadual (MPE) concluiu, neste s\u00e1bado (13), \u00e0 fase de entrevista e avalia\u00e7\u00e3o psicol\u00f3gica dos candidatos que participam do concurso p\u00fablico para promotor de Justi\u00e7a do Estado de Alagoas. Pela manh\u00e3, os 148 candidatos foram submetidos \u00e0 avalia\u00e7\u00e3o psicol\u00f3gica, enquanto a entrevista ocorreu no turno vespertino. O procedimento \u00e9 coordenado pelo procurador-geral de Justi\u00e7a, S\u00e9rgio Juc\u00e1, que tamb\u00e9m preside a comiss\u00e3o organizadora do concurso. Quatro candidatos deixaram de comparecer a esta etapa, que ter\u00e1 o resultado homologado no in\u00edcio da pr\u00f3xima semana.<\/span><\/p>\n<p class=\"western\" style=\"text-align: justify;\"><span style=\"font-size: 14pt;\">A psic\u00f3loga Silma de Oliveira Santos comandou a equipe de tr\u00eas psic\u00f3logos respons\u00e1vel pela avalia\u00e7\u00e3o dos candidatos. Dois dos psic\u00f3logos s\u00e3o servidores do MPE, enquanto um foi cedido pelo governo do estado. Na banca da entrevista, os bachar\u00e9is em Direito encontraram o chefe do MPE; os procuradores de Justi\u00e7a Eduardo Tavares, Afr\u00e2nio Roberto de Queiroz e Ant\u00f4nio Arecippo; e o representante da Ordem dos Advogados do Brasil (OAB), o advogado Tutm\u00e9s Toledo. O promotor de Justi\u00e7a Alfredo Gaspar \u00e9 o secret\u00e1rio do comit\u00ea organizador. A sabatina dos agentes ministeriais e da OAB corresponde ao momento em que o MPE conhece melhor os candidatos.<\/span><\/p>\n<p class=\"western\" style=\"text-align: justify;\"><span style=\"font-size: 14pt;\">Pelo que foi apresentado na entrevista, Juc\u00e1 ficou satisfeito com o n\u00edvel dos candidatos. \u201cOs bachar\u00e9is mostraram conhecimento da legisla\u00e7\u00e3o e interesse em ser membro da Institui\u00e7\u00e3o. Os tr\u00eas dias foram um sucesso com quase 100% de participa\u00e7\u00e3o dos candidatos inscritos, por isso espero a conclus\u00e3o do processo seletivo para convocar logo os aprovados, que certamente agregar\u00e3o valor \u00e0 equipe de membros do MPE. \u201d, afirmou o procurador-geral de Justi\u00e7a.<\/span><\/p>\n<p class=\"western\" style=\"text-align: justify;\"><span style=\"font-size: 14pt;\">Respons\u00e1vel pela organiza\u00e7\u00e3o dos dois procedimentos de sele\u00e7\u00e3o, o promotor Alfredo Gaspar disse que as atividades dos tr\u00eas dias transcorreram em harmonia com que est\u00e1 estabelecido no edital e sem qualquer incidente. \u201cA comiss\u00e3o organizadora est\u00e1 conduzindo o processo com efici\u00eancia, probidade e transpar\u00eancia para que os candidatos s\u00f3 se preocupem em demonstrar o que sabem\u201d, completou Gaspar, que agradeceu a disponibilidade de uma ambul\u00e2ncia pelo Servi\u00e7o de Atendimento M\u00f3vel de Urg\u00eancia (SAMU) para caso algum bacharel passasse mal.<\/span><\/p>\n<p class=\"western\" style=\"text-align: justify;\"><span style=\"font-size: 14pt;\"><strong>O concurso<\/strong><\/span><\/p>\n<p class=\"western\" style=\"text-align: justify;\"><span style=\"font-size: 14pt;\">O certame para o preenchimento de 28 vagas para a Procuradoria-Geral de Justi\u00e7a do Estado de Alagoas teve in\u00edcio ainda em 2011, passou por duas etapas no ano passado, agora em 2013, os novos membros do MPE dever\u00e3o ser nomeados e, posteriormente, empossados no cargo<\/span><\/p>\n<p class=\"western\" style=\"text-align: justify;\"><span style=\"font-size: 14pt;\">O concurso exigiu n\u00edvel superior em Direito, em institui\u00e7\u00e3o reconhecida pelo Minist\u00e9rio da Educa\u00e7\u00e3o, al\u00e9m de comprova\u00e7\u00e3o de, no m\u00ednimo, tr\u00eas anos de atividade jur\u00eddica. A organiza\u00e7\u00e3o do certame est\u00e1 a cargo da Funda\u00e7\u00e3o Carlos Chagas e o sal\u00e1rio inicial ser\u00e1 de R$ 17.581,75. O edital destinou 5% das vagas para pessoas com defici\u00eancia.<\/span><\/p>\n<p class=\"western\" style=\"text-align: justify;\"><span style=\"font-size: 14pt;\">As duas primeiras etapas do concurso j\u00e1 foram realizadas: prova preambular, de car\u00e1ter eliminat\u00f3rio, e a prova discursiva, de car\u00e1ter eliminat\u00f3rio e classificat\u00f3ria. Al\u00e9m da entrevista e da avalia\u00e7\u00e3o psicol\u00f3gica, tamb\u00e9m ser\u00e3o realizadas a prova oral, a prova de tribuna e, por \u00faltimo, a avalia\u00e7\u00e3o de t\u00edtulos, nesta ordem.<\/span><\/p>\n<p class=\"western\" style=\"text-align: justify;\"><span style=\"font-size: 14pt;\">O concurso ter\u00e1 validade de dois anos a partir da data da homologa\u00e7\u00e3o do resultado final, podendo ser prorrogado uma vez por igual per\u00edodo, a crit\u00e9rio da Procuradoria Geral de Justi\u00e7a.<\/span><\/p>\n<p style=\"text-align: justify;\">\n","protected":false},"excerpt":{"rendered":"<p> [&hellip;]<\/p>\n","protected":false},"author":2,"featured_media":7758,"comment_status":"open","ping_status":"open","sticky":false,"template":"","format":"standard","meta":{"om_disable_all_campaigns":false,"_monsterinsights_skip_tracking":false,"_monsterinsights_sitenote_active":false,"_monsterinsights_sitenote_note":"","_monsterinsights_sitenote_category":0,"_uf_show_specific_survey":0,"_uf_disable_surveys":false,"footnotes":""},"categories":[18],"tags":[],"class_list":["post-7757","post","type-post","status-publish","format-standard","has-post-thumbnail","hentry","category-not_concursos"],"aioseo_notices":[],"_links":{"self":[{"href":"https:\/\/www.mpal.mp.br\/index.php?rest_route=\/wp\/v2\/posts\/7757","targetHints":{"allow":["GET"]}}],"collection":[{"href":"https:\/\/www.mpal.mp.br\/index.php?rest_route=\/wp\/v2\/posts"}],"about":[{"href":"https:\/\/www.mpal.mp.br\/index.php?rest_route=\/wp\/v2\/types\/post"}],"author":[{"embeddable":true,"href":"https:\/\/www.mpal.mp.br\/index.php?rest_route=\/wp\/v2\/users\/2"}],"replies":[{"embeddable":true,"href":"https:\/\/www.mpal.mp.br\/index.php?rest_route=%2Fwp%2Fv2%2Fcomments&post=7757"}],"version-history":[{"count":1,"href":"https:\/\/www.mpal.mp.br\/index.php?rest_route=\/wp\/v2\/posts\/7757\/revisions"}],"predecessor-version":[{"id":7759,"href":"https:\/\/www.mpal.mp.br\/index.php?rest_route=\/wp\/v2\/posts\/7757\/revisions\/7759"}],"wp:featuredmedia":[{"embeddable":true,"href":"https:\/\/www.mpal.mp.br\/index.php?rest_route=\/wp\/v2\/media\/7758"}],"wp:attachment":[{"href":"https:\/\/www.mpal.mp.br\/index.php?rest_route=%2Fwp%2Fv2%2Fmedia&parent=7757"}],"wp:term":[{"taxonomy":"category","embeddable":true,"href":"https:\/\/www.mpal.mp.br\/index.php?rest_route=%2Fwp%2Fv2%2Fcategories&post=7757"},{"taxonomy":"post_tag","embeddable":true,"href":"https:\/\/www.mpal.mp.br\/index.php?rest_route=%2Fwp%2Fv2%2Ftags&post=7757"}],"curies":[{"name":"wp","href":"https:\/\/api.w.org\/{rel}","templated":true}]}}