{"id":7755,"date":"2013-11-01T12:00:22","date_gmt":"2013-11-01T14:00:22","guid":{"rendered":"https:\/\/www.mpal.mp.br\/?p=7755"},"modified":"2022-06-02T07:57:02","modified_gmt":"2022-06-02T10:57:02","slug":"ultima-fase-do-concurso-do-mpe-al-para-promotores-acontece-a-partir-da-proxima-segunda-feira","status":"publish","type":"post","link":"https:\/\/www.mpal.mp.br\/?p=7755","title":{"rendered":"\u00daltima fase do concurso do MPE\/AL para promotores acontece a partir da pr\u00f3xima segunda-feira"},"content":{"rendered":"<p style=\"text-align: justify;\"><span style=\"font-size: 14pt;\">Come\u00e7a na pr\u00f3xima segunda-feira (04) a prova de tribuna referente ao concurso para ingresso \u00e0 carreira do Minist\u00e9rio P\u00fablico do Estado de Alagoas (MPE\/AL). O certame visa o provimento de cargos de promotor de Justi\u00e7a de 1\u00aa Entr\u00e2ncia e chega, agora, a sua \u00faltima fase.<\/span><\/p>\n<p style=\"text-align: justify;\"><span style=\"font-size: 14pt;\">De acordo com o edital de convoca\u00e7\u00e3o publicado no Di\u00e1rio Oficial do Estado (DOE), no dia 09 de outubro \u00faltimo, os candidatos habilitados no exame oral que v\u00e3o participar da prova de tribuna dever\u00e3o comparecer ao audit\u00f3rio do pr\u00e9dio-sede do MPE\/AL, localizado na Rua Dr. Pedro Jorge Melo e Silva, n\u00b0 79, no bairro do Po\u00e7o, entre os dias 4 e 12 de novembro. O hor\u00e1rio e a data de cada concursando foram estabelecidos no referido edital. \u00c9 necess\u00e1ria a presen\u00e7a no local com 30 minutos de anteced\u00eancia ao hor\u00e1rio do teste.<\/span><\/p>\n<p style=\"text-align: justify;\"><span style=\"font-size: 14pt;\">A prova de tribuna, de car\u00e1ter classificat\u00f3rio, ser\u00e1 realizada em sess\u00e3o p\u00fablica e versar\u00e1 sobre a pr\u00e1tica do exerc\u00edcio do cargo de promotor de Justi\u00e7a no Tribunal do J\u00fari. Para a sua realiza\u00e7\u00e3o, haver\u00e1 sorteio de caso hipot\u00e9tico, sempre no dia anterior \u00e0 realiza\u00e7\u00e3o da avalia\u00e7\u00e3o do candidato, \u00e0s 7h30, tendo como marco inicial o dia 3 de novembro, domingo pr\u00f3ximo. O sorteio ocorrer\u00e1 na Sala dos Colegiados, situada no 4\u00ba andar da sede do MPE\/AL. Apenas os candidatos que ser\u00e3o avaliados na segunda-feira dever\u00e3o comparecer \u00e0 Procuradoria-Geral de Justi\u00e7a no in\u00edcio da manh\u00e3 do dia 03.<\/span><\/p>\n<p style=\"text-align: justify;\"><span style=\"font-size: 14pt;\">\u201cO caso hipot\u00e9tico que cada postulante ao cargo de promotor de Justi\u00e7a receber\u00e1 versar\u00e1 sobre crimes contra a vida, a exemplo do homic\u00eddio. O candidato ter\u00e1 de desenvolver uma acusa\u00e7\u00e3o contra o r\u00e9u durante a simula\u00e7\u00e3o de julgamento para que a banca examinadora possa avali\u00e1-lo\u201d, explica o procurador-geral de Justi\u00e7a, S\u00e9rgio Juc\u00e1.<\/span><\/p>\n<p style=\"text-align: justify;\"><span style=\"font-size: 14pt;\"><strong>Prova de tribuna<\/strong><\/span><\/p>\n<p style=\"text-align: justify;\"><span style=\"font-size: 14pt;\">O candidato ser\u00e1 avaliado no intervalo de 20 a 25 minutos, tempo em que dever\u00e1 desenvolver o caso sorteado, conforme item 5 do Cap\u00edtulo XIV do Edital de Abertura de Inscri\u00e7\u00f5es. A Comiss\u00e3o do Concurso disponibilizar\u00e1 para cada candidato, durante a apresenta\u00e7\u00e3o, um C\u00f3digo Penal, um C\u00f3digo de Processo Penal e uma Constitui\u00e7\u00e3o Federal, sendo proibida a utiliza\u00e7\u00e3o de qualquer outro material para consulta.<\/span><\/p>\n<p style=\"text-align: justify;\"><span style=\"font-size: 14pt;\">Cada examinador atribuir\u00e1 a cada candidato, sigilosamente, uma nota na escala de 0 a 100. A nota final da prova de tribuna corresponder\u00e1 \u00e0 m\u00e9dia aritm\u00e9tica das notas atribu\u00eddas pelos examinadores.<\/span><\/p>\n<p style=\"text-align: justify;\"><span style=\"font-size: 14pt;\">Os candidatos permanecer\u00e3o isolados em uma sala a ser indicada e ser\u00e3o chamados ao audit\u00f3rio, um a um, somente no momento da realiza\u00e7\u00e3o de sua prova. Para assistir \u00e0s provas de tribuna, o p\u00fablico interessado poder\u00e1 entrar no ambiente de provas antes do in\u00edcio e s\u00f3 poder\u00e1 se retirar ap\u00f3s o t\u00e9rmino da apresenta\u00e7\u00e3o do concursando. N\u00e3o ser\u00e1 permitido o tr\u00e2nsito no audit\u00f3rio durante a apresenta\u00e7\u00e3o do candidato. Tamb\u00e9m est\u00e1 vedada a comunica\u00e7\u00e3o entre as pessoas presentes no ambiente da prova.<\/span><\/p>\n<p style=\"text-align: justify;\"><span style=\"font-size: 14pt;\">As provas de tribuna ser\u00e3o gravadas em sistema de \u00e1udio e v\u00eddeo, identificadas e armazenadas. N\u00e3o ser\u00e1 fornecida, em hip\u00f3tese alguma, c\u00f3pia e\/ou transcri\u00e7\u00e3o dessas fitas. Os eletr\u00f4nicos do Minist\u00e9rio P\u00fablico ser\u00e3o os \u00fanicos permitidos durante a realiza\u00e7\u00e3o da prova. O p\u00fablico dever\u00e1 observar, ainda, as orienta\u00e7\u00f5es dadas pela Comiss\u00e3o nos dias de realiza\u00e7\u00e3o das provas.<\/span><\/p>\n<p style=\"text-align: justify;\"><span style=\"font-size: 14pt;\"><strong>Apresenta\u00e7\u00e3o de t\u00edtulos<\/strong><\/span><\/p>\n<p style=\"text-align: justify;\"><span style=\"font-size: 14pt;\">Na fase anterior do concurso, no per\u00edodo de 14 a 16 de outubro, os candidatos encaminharam os t\u00edtulos, acompanhados da rela\u00e7\u00e3o de documentos indicada no item 24 do Cap\u00edtulo XV, do Edital de Abertura de Inscri\u00e7\u00f5es, por meio de SEDEX ou Aviso de Recebimento (AR) \u00e0 Coordena\u00e7\u00e3o de Execu\u00e7\u00e3o de Projetos da Funda\u00e7\u00e3o Carlos Chagas, em S\u00e3o Paulo, conforme endere\u00e7o descrito na publica\u00e7\u00e3o do edital do dia 09 de outubro.<\/span><\/p>\n<p style=\"text-align: justify;\"><span style=\"font-size: 14pt;\">Somente foram avaliados os t\u00edtulos enviados no prazo indicado no edital, tendo como refer\u00eancia a data da postagem. A Funda\u00e7\u00e3o Carlos Chagas examinou os t\u00edtulos apresentados e pontuou as notas conforme especifica\u00e7\u00f5es contidas no cap\u00edtulo XV do Edital de Abertura de Inscri\u00e7\u00f5es.<\/span><\/p>\n<p style=\"text-align: justify;\"><span style=\"font-size: 14pt;\"><strong>O concurso<\/strong><\/span><\/p>\n<p style=\"text-align: justify;\"><span style=\"font-size: 14pt;\">O certame para o preenchimento de 28 vagas para a Procuradoria Geral de Justi\u00e7a do Estado de Alagoas teve in\u00edcio ainda em 2011, passou por duas etapas no ano passado e, chega ao fim com a sua \u00faltima fase em 2013 para que os novos membros do MPE possam ser nomeados e, posteriormente, empossados no cargo.<\/span><\/p>\n<p style=\"text-align: justify;\"><span style=\"font-size: 14pt;\">O concurso exige n\u00edvel superior em Direito, em institui\u00e7\u00e3o reconhecida pelo Minist\u00e9rio da Educa\u00e7\u00e3o, al\u00e9m de comprova\u00e7\u00e3o de, no m\u00ednimo, tr\u00eas anos de atividade jur\u00eddica. A organiza\u00e7\u00e3o do certame est\u00e1 a cargo da Funda\u00e7\u00e3o Carlos Chagas e o sal\u00e1rio inicial ser\u00e1 de R$ 17.581,75. O edital destinou 5% das vagas para pessoas com defici\u00eancia.<\/span><\/p>\n<p style=\"text-align: justify;\"><span style=\"font-size: 14pt;\">As quatro primeiras etapas do concurso j\u00e1 foram realizadas: prova preambular, de car\u00e1ter eliminat\u00f3rio; prova discursiva, de car\u00e1ter eliminat\u00f3rio e classificat\u00f3ria; a entrevista e o exame psicot\u00e9cnico e, mais recentemente, a prova oral. A \u00faltima fase consiste na prova de tribuna e t\u00edtulos.<\/span><\/p>\n<p style=\"text-align: justify;\"><span style=\"font-size: 14pt;\">O concurso ter\u00e1 validade de dois anos a partir da data da homologa\u00e7\u00e3o do resultado final, podendo ser prorrogado uma vez por igual per\u00edodo, a crit\u00e9rio da Procuradoria Geral de Justi\u00e7a.<\/span><\/p>\n","protected":false},"excerpt":{"rendered":"<p> [&hellip;]<\/p>\n","protected":false},"author":2,"featured_media":3993,"comment_status":"open","ping_status":"open","sticky":false,"template":"","format":"standard","meta":{"om_disable_all_campaigns":false,"_monsterinsights_skip_tracking":false,"_monsterinsights_sitenote_active":false,"_monsterinsights_sitenote_note":"","_monsterinsights_sitenote_category":0,"_uf_show_specific_survey":0,"_uf_disable_surveys":false,"footnotes":""},"categories":[18],"tags":[],"class_list":["post-7755","post","type-post","status-publish","format-standard","has-post-thumbnail","hentry","category-not_concursos"],"aioseo_notices":[],"_links":{"self":[{"href":"https:\/\/www.mpal.mp.br\/index.php?rest_route=\/wp\/v2\/posts\/7755","targetHints":{"allow":["GET"]}}],"collection":[{"href":"https:\/\/www.mpal.mp.br\/index.php?rest_route=\/wp\/v2\/posts"}],"about":[{"href":"https:\/\/www.mpal.mp.br\/index.php?rest_route=\/wp\/v2\/types\/post"}],"author":[{"embeddable":true,"href":"https:\/\/www.mpal.mp.br\/index.php?rest_route=\/wp\/v2\/users\/2"}],"replies":[{"embeddable":true,"href":"https:\/\/www.mpal.mp.br\/index.php?rest_route=%2Fwp%2Fv2%2Fcomments&post=7755"}],"version-history":[{"count":1,"href":"https:\/\/www.mpal.mp.br\/index.php?rest_route=\/wp\/v2\/posts\/7755\/revisions"}],"predecessor-version":[{"id":7756,"href":"https:\/\/www.mpal.mp.br\/index.php?rest_route=\/wp\/v2\/posts\/7755\/revisions\/7756"}],"wp:featuredmedia":[{"embeddable":true,"href":"https:\/\/www.mpal.mp.br\/index.php?rest_route=\/wp\/v2\/media\/3993"}],"wp:attachment":[{"href":"https:\/\/www.mpal.mp.br\/index.php?rest_route=%2Fwp%2Fv2%2Fmedia&parent=7755"}],"wp:term":[{"taxonomy":"category","embeddable":true,"href":"https:\/\/www.mpal.mp.br\/index.php?rest_route=%2Fwp%2Fv2%2Fcategories&post=7755"},{"taxonomy":"post_tag","embeddable":true,"href":"https:\/\/www.mpal.mp.br\/index.php?rest_route=%2Fwp%2Fv2%2Ftags&post=7755"}],"curies":[{"name":"wp","href":"https:\/\/api.w.org\/{rel}","templated":true}]}}