{"id":7752,"date":"2013-11-12T11:59:31","date_gmt":"2013-11-12T13:59:31","guid":{"rendered":"https:\/\/www.mpal.mp.br\/?p=7752"},"modified":"2022-06-01T11:59:53","modified_gmt":"2022-06-01T14:59:53","slug":"qualidade-dos-candidatos-marca-ultima-etapa-de-concurso-para-promotor-de-justica-28-serao-selecionados","status":"publish","type":"post","link":"https:\/\/www.mpal.mp.br\/?p=7752","title":{"rendered":"Qualidade dos candidatos marca \u00faltima etapa de concurso para promotor de Justi\u00e7a; 28 ser\u00e3o selecionados"},"content":{"rendered":"<p style=\"text-align: justify;\">Iniciado em 2011, o concurso que apresentar\u00e1 a sociedade os novos membros do Minist\u00e9rio P\u00fablico do Estado de Alagoas (MPE\/AL) se aproxima do seu final com o \u00faltimo dia da prova de tribuna, nesta ter\u00e7a-feira (12), no audit\u00f3rio do pr\u00e9dio-sede da Procuradoria Geral de Justi\u00e7a. Mais de 120 candidatos a promotor de Justi\u00e7ade 1\u00aa Entr\u00e2ncia apresentaram uma acusa\u00e7\u00e3o de crime contra a vida durante uma simula\u00e7\u00e3o de julgamento, diante de uma banca examinadora formada por procuradores de Justi\u00e7a e um representante da Ordem dos Advogados do Brasil (OAB).<\/p>\n<p style=\"text-align: justify;\" align=\"JUSTIFY\">Para o procurador-geral de Justi\u00e7a, S\u00e9rgio Juc\u00e1, a maioria dos bachar\u00e9is em Direito demonstrou dom\u00ednio de conte\u00fado e capacidade de representar o MPE\/AL nas diversas situa\u00e7\u00f5es em que ele \u00e9 acionado. \u201cO n\u00edvel dos candidatos estava excelente, surpreendeu a todos da banca. Muitos desses jovens comprovaram que est\u00e3o preparados para atuarem em defesa dos direitos difusos e coletivos tanto em Alagoas como em qualquer outra unidade federativa do pa\u00eds. Agora caber\u00e1 aos avaliadores definir, segundo os crit\u00e9rios estabelecidos em edital, quais deles se sa\u00edram melhor nesta etapa derradeira do concurso, que j\u00e1 pode ser considerado um sucesso\u201d, comemorou Juc\u00e1.<\/p>\n<p style=\"text-align: justify;\" align=\"JUSTIFY\">A prova de tribuna, de car\u00e1ter classificat\u00f3rio, foi realizada em sess\u00e3o p\u00fablica e versou sobre a pr\u00e1tica do exerc\u00edcio do cargo de promotor de Justi\u00e7a no Tribunal do J\u00fari. Para a sua realiza\u00e7\u00e3o, houve sorteio de caso hipot\u00e9tico, sempre no dia anterior \u00e0 realiza\u00e7\u00e3o da avalia\u00e7\u00e3o do candidato, tendo como marco inicial o dia 3 de novembro. Apenas os candidatos habilitados no exame oral participaram desta etapa do certame, que ocorreu paralelamente a de apresenta\u00e7\u00e3o de t\u00edtulos. As provas dos candidatos foram gravadas em sistema de \u00e1udio e v\u00eddeo, identificadas e armazenadas. N\u00e3o ser\u00e1 fornecida, em hip\u00f3tese alguma, c\u00f3pia e\/ou transcri\u00e7\u00e3o dessas fitas.<\/p>\n<p style=\"text-align: justify;\" align=\"JUSTIFY\">Al\u00e9m do procurador-geral de Justi\u00e7a, compuseram a banca examinadora os procuradores de Justi\u00e7a Ant\u00f4nio Arecippo de Barros Teixeira Neto, Eduardo Tavares Mendes e Afr\u00e2nio Roberto Pereira de Queiroz. Pela OAB, tamb\u00e9m esteve presente o advogado Tutm\u00e9s Toledo Gomes Marcelino. J\u00e1 o promotor Alfredo Gaspar de Mendon\u00e7a atuou como secret\u00e1rio da Comiss\u00e3o do Concurso.<\/p>\n<p style=\"text-align: justify;\" align=\"JUSTIFY\"><strong>Apresenta\u00e7\u00e3o de t\u00edtulos<\/strong><\/p>\n<p style=\"text-align: justify;\" align=\"JUSTIFY\">Na fase anterior do concurso, no per\u00edodo de 14 a 16 de outubro, os candidatos encaminharam os t\u00edtulos, acompanhados da rela\u00e7\u00e3o de documentos indicada no item 24 do Cap\u00edtulo XV, do Edital de Abertura de Inscri\u00e7\u00f5es, por meio de SEDEX ou Aviso de Recebimento (AR) \u00e0 Coordena\u00e7\u00e3o de Execu\u00e7\u00e3o de Projetos da Funda\u00e7\u00e3o Carlos Chagas, em S\u00e3o Paulo, conforme endere\u00e7o descrito na publica\u00e7\u00e3o do edital do dia 09 de outubro.<\/p>\n<p style=\"text-align: justify;\" align=\"JUSTIFY\">Somente foram avaliados os t\u00edtulos enviados no prazo indicado no edital, tendo como refer\u00eancia a data da postagem. A Funda\u00e7\u00e3o Carlos Chagas examinou os t\u00edtulos apresentados e pontuou as notas conforme especifica\u00e7\u00f5es contidas no cap\u00edtulo XV do Edital de Abertura de Inscri\u00e7\u00f5es.<\/p>\n<p style=\"text-align: justify;\" align=\"JUSTIFY\"><strong>O concurso<\/strong><\/p>\n<p style=\"text-align: justify;\" align=\"JUSTIFY\">O certame para o preenchimento de 28 vagas para a Procuradoria Geral de Justi\u00e7a do Estado de Alagoas teve in\u00edcio ainda em 2011, passou por duas etapas no ano passado e, chega ao fim com a sua \u00faltima fase em 2013 para que os novos membros do MPE possam ser nomeados e, posteriormente, empossados no cargo.<\/p>\n<p style=\"text-align: justify;\" align=\"JUSTIFY\">O concurso exige n\u00edvel superior em Direito, em institui\u00e7\u00e3o reconhecida pelo Minist\u00e9rio da Educa\u00e7\u00e3o, al\u00e9m de comprova\u00e7\u00e3o de, no m\u00ednimo, tr\u00eas anos de atividade jur\u00eddica. A organiza\u00e7\u00e3o do certame est\u00e1 a cargo da Funda\u00e7\u00e3o Carlos Chagas e o sal\u00e1rio inicial ser\u00e1 de R$ 17.581,75. O edital destinou 5% das vagas para pessoas com defici\u00eancia.<\/p>\n<p style=\"text-align: justify;\" align=\"JUSTIFY\">As quatro primeiras etapas do concurso j\u00e1 foram realizadas: prova preambular, de car\u00e1ter eliminat\u00f3rio; prova discursiva, de car\u00e1ter eliminat\u00f3rio e classificat\u00f3ria; a entrevista e o exame psicot\u00e9cnico e, mais recentemente, a prova oral. A \u00faltima fase consiste na prova de tribuna e t\u00edtulos.<\/p>\n<p style=\"text-align: justify;\" align=\"JUSTIFY\">O concurso ter\u00e1 validade de dois anos a partir da data da homologa\u00e7\u00e3o do resultado final, podendo ser prorrogado uma vez por igual per\u00edodo, a crit\u00e9rio da Procuradoria Geral de Justi\u00e7a.<\/p>\n","protected":false},"excerpt":{"rendered":"<p> [&hellip;]<\/p>\n","protected":false},"author":2,"featured_media":7753,"comment_status":"open","ping_status":"open","sticky":false,"template":"","format":"standard","meta":{"om_disable_all_campaigns":false,"_monsterinsights_skip_tracking":false,"_monsterinsights_sitenote_active":false,"_monsterinsights_sitenote_note":"","_monsterinsights_sitenote_category":0,"_uf_show_specific_survey":0,"_uf_disable_surveys":false,"footnotes":""},"categories":[18],"tags":[],"class_list":["post-7752","post","type-post","status-publish","format-standard","has-post-thumbnail","hentry","category-not_concursos"],"aioseo_notices":[],"_links":{"self":[{"href":"https:\/\/www.mpal.mp.br\/index.php?rest_route=\/wp\/v2\/posts\/7752","targetHints":{"allow":["GET"]}}],"collection":[{"href":"https:\/\/www.mpal.mp.br\/index.php?rest_route=\/wp\/v2\/posts"}],"about":[{"href":"https:\/\/www.mpal.mp.br\/index.php?rest_route=\/wp\/v2\/types\/post"}],"author":[{"embeddable":true,"href":"https:\/\/www.mpal.mp.br\/index.php?rest_route=\/wp\/v2\/users\/2"}],"replies":[{"embeddable":true,"href":"https:\/\/www.mpal.mp.br\/index.php?rest_route=%2Fwp%2Fv2%2Fcomments&post=7752"}],"version-history":[{"count":1,"href":"https:\/\/www.mpal.mp.br\/index.php?rest_route=\/wp\/v2\/posts\/7752\/revisions"}],"predecessor-version":[{"id":7754,"href":"https:\/\/www.mpal.mp.br\/index.php?rest_route=\/wp\/v2\/posts\/7752\/revisions\/7754"}],"wp:featuredmedia":[{"embeddable":true,"href":"https:\/\/www.mpal.mp.br\/index.php?rest_route=\/wp\/v2\/media\/7753"}],"wp:attachment":[{"href":"https:\/\/www.mpal.mp.br\/index.php?rest_route=%2Fwp%2Fv2%2Fmedia&parent=7752"}],"wp:term":[{"taxonomy":"category","embeddable":true,"href":"https:\/\/www.mpal.mp.br\/index.php?rest_route=%2Fwp%2Fv2%2Fcategories&post=7752"},{"taxonomy":"post_tag","embeddable":true,"href":"https:\/\/www.mpal.mp.br\/index.php?rest_route=%2Fwp%2Fv2%2Ftags&post=7752"}],"curies":[{"name":"wp","href":"https:\/\/api.w.org\/{rel}","templated":true}]}}