{"id":7747,"date":"2013-12-16T11:56:58","date_gmt":"2013-12-16T13:56:58","guid":{"rendered":"https:\/\/www.mpal.mp.br\/?p=7747"},"modified":"2022-06-01T11:57:43","modified_gmt":"2022-06-01T14:57:43","slug":"ministerio-publico-estadual-divulga-resultados-das-provas-de-tribuna-e-de-titulos-para-concurso-de-promotor-de-justica","status":"publish","type":"post","link":"https:\/\/www.mpal.mp.br\/?p=7747","title":{"rendered":"Minist\u00e9rio P\u00fablico Estadual divulga resultados das provas de tribuna e de t\u00edtulos para concurso de promotor de Justi\u00e7a"},"content":{"rendered":"<div class=\"content-wrapper-1\">\n<div class=\"content-wrapper-2\">\n<div id=\"mainmiddle\">\n<div id=\"mainmiddle-expand\">\n<div id=\"content\">\n<div id=\"content-shift\">\n<div class=\"floatbox\">\n<div class=\"joomla \">\n<div class=\"article\">\n<div id=\"articlepxfontsize1\">\n<p style=\"text-align: justify;\" align=\"JUSTIFY\"><span style=\"font-size: 14pt;\">Foram divulgados no Di\u00e1rio Oficial desta segunda-feira, dia 16, os resultados das provas de t\u00edtulos e de tribuna que aconteceram nos \u00faltimos meses de outubro e novembro, relativas ao concurso para o preenchimento de 28 cargos de promotor de Justi\u00e7a de 1\u00aa entr\u00e2ncia. No total, 120 candidatos disputaram uma vaga no certame para ingresso \u00e0 carreira do Minist\u00e9rio P\u00fablico Estadual de Alagoas (MPE\/AL). A lista final com os aprovados dever\u00e1 ser tornada p\u00fablica at\u00e9 o final deste ano de 2013.<\/span><\/p>\n<p style=\"text-align: justify;\"><span style=\"font-size: 14pt;\">No edital de divulga\u00e7\u00e3o publicado em D.O. constam as notas de todos os candidatos que participaram da \u00faltima etapa do concurso p\u00fablico. As listas com os nomes dos participantes est\u00e1 em ordem alfab\u00e9tica.<\/span><\/p>\n<p style=\"text-align: justify;\"><span style=\"font-size: 14pt;\">Aos candidatos interessados, caso assim desejem, est\u00e1 facultada a possibilidade de solicitar, antes da interposi\u00e7\u00e3o de recurso quanto ao resultado da prova de tribuna, a reprodu\u00e7\u00e3o da grava\u00e7\u00e3o de seu teste, devendo faz\u00ea-lo no prazo de dois dias subsequentes a publica\u00e7\u00e3o deste dia 16, exclusivamente por meio do site da Funda\u00e7\u00e3o Carlos Chagas (<a href=\"http:\/\/www.concursosfcc.com.br\/\">www.concursosfcc.com.br<\/a>).<\/span><\/p>\n<p style=\"text-align: justify;\"><span style=\"font-size: 14pt;\">A reprodu\u00e7\u00e3o da grava\u00e7\u00e3o ser\u00e1 realizada na sede do Minist\u00e9rio P\u00fablico do Estado do Alagoas, na Rua Dr. Pedro Jorge e Melo, n\u00ba 79, 5\u00ba andar \u2013 Sala da Comiss\u00e3o do Concurso, no bairro do Po\u00e7o, em Macei\u00f3, em data e hor\u00e1rio posteriormente divulgados em Edital de Convoca\u00e7\u00e3o para Audi\u00e7\u00e3o da Prova de Tribuna. J\u00e1 os recursos decorrentes desta etapa dever\u00e3o ser interpostos tamb\u00e9m no prazo de dois dias \u00fateis ap\u00f3s a reprodu\u00e7\u00e3o da grava\u00e7\u00e3o e precisam ser protocolados no mesmo endere\u00e7o j\u00e1 mencionado.<\/span><\/p>\n<p style=\"text-align: justify;\"><span style=\"font-size: 14pt;\">Ainda de acordo com o edital desta segunda-feira, os candidatos que n\u00e3o realizaram a prova de tribuna foram considerados desistentes do certame. E, aqueles que tiverem interesse em recursar do resultado da prova de t\u00edtulos, dever\u00e3o interpor seus recursos, unicamente, por meio do site da Funda\u00e7\u00e3o Carlos Chagas, no per\u00edodo de dois dias \u00fateis ap\u00f3s a publica\u00e7\u00e3o deste Edital.<\/span><\/p>\n<p style=\"text-align: justify;\"><span style=\"font-size: 14pt;\"><strong>As etapas do concurso<\/strong><\/span><\/p>\n<p style=\"text-align: justify;\"><span style=\"font-size: 14pt;\">As duas primeiras fases do concurso foram realizadas por meio de provas objetiva e discursiva e os candidatos foram avaliados atrav\u00e9s de quest\u00f5es sobre Direito Penal, Direito Processual Penal, Direito Civil, Direito Processual Civil, Direito Administrativo, Direito Constitucional, Direito da Crian\u00e7a e do Adolescente, Tutela de Interesses Difusos, Coletivos e Individuais Homog\u00eaneos, Direito Eleitoral, Legisla\u00e7\u00e3o Institucional e Direito Empresarial, e por meio de testes especializados discursivos.<\/span><\/p>\n<p style=\"text-align: justify;\"><span style=\"font-size: 14pt;\">A etapa seguinte foi a convoca\u00e7\u00e3o dos candidatos para entrevista e exame psicot\u00e9cnico. Na sequ\u00eancia, j\u00e1 com a inscri\u00e7\u00e3o definitiva deferida, aqueles considerados aptos, foram convocados para a prova oral.<\/span><\/p>\n<p style=\"text-align: justify;\"><span style=\"font-size: 14pt;\">Por \u00faltimo foram realizados os exames de t\u00edtulos e de tribuna. A prova de t\u00edtulos ocorreu no per\u00edodo de 14 a 16 de outubro e os candidatos tiveram que encaminhar os t\u00edtulos, acompanhados da rela\u00e7\u00e3o de documentos indicada no item 24 do Cap\u00edtulo XV, do Edital de Abertura de Inscri\u00e7\u00f5es, por meio de Sedex ou Aviso de Recebimento (AR) \u00e0 Coordena\u00e7\u00e3o de Execu\u00e7\u00e3o de Projetos da Funda\u00e7\u00e3o Carlos Chagas, em S\u00e3o Paulo, conforme endere\u00e7o descrito na publica\u00e7\u00e3o do edital do dia 09 de outubro. Somente foram avaliados os t\u00edtulos enviados no prazo indicado no edital, tendo como refer\u00eancia a data da postagem. A Funda\u00e7\u00e3o Carlos Chagas examinou os t\u00edtulos apresentados e pontuou as notas conforme especifica\u00e7\u00f5es contidas no cap\u00edtulo XV do Edital de Abertura de Inscri\u00e7\u00f5es.<\/span><\/p>\n<p style=\"text-align: justify;\"><span style=\"font-size: 14pt;\">J\u00e1 o teste de tribuna aconteceu em novembro passado. Em cada dia de prova, cerca de 15 concursandos simularam a atua\u00e7\u00e3o de um promotor de Justi\u00e7a diante de um Conselho de Senten\u00e7a \u2013 que foi formado pelos integrantes da Comiss\u00e3o do Concurso &#8211; e tiveram que pedir a condena\u00e7\u00e3o de um r\u00e9u num caso de crime doloso contra a vida.<\/span><\/p>\n<p style=\"text-align: justify;\"><span style=\"font-size: 14pt;\">Ap\u00f3s a divulga\u00e7\u00e3o do resultado final, que dever\u00e1 ocorrer at\u00e9 o final deste ano, a Secretaria da Comiss\u00e3o do Concurso programar\u00e1 o encaminhamento dos aprovados para realiza\u00e7\u00e3o dos exames de higidez f\u00edsica e mental, que ser\u00e1 realizado pela Per\u00edcia M\u00e9dica do Estado. Ser\u00e1 esse o setor o respons\u00e1vel pela elabora\u00e7\u00e3o do laudo que atestar\u00e1 a aptid\u00e3o ou inaptid\u00e3o do candidato para o ingresso no servi\u00e7o p\u00fablico.<\/span><\/p>\n<p style=\"text-align: justify;\"><span style=\"font-size: 14pt;\">Dentre os requisitos que foram exigidos desde a primeira fase, est\u00e3o: ter nacionalidade brasileira ou portuguesa; ter conclu\u00eddo curso de bacharelado em Direito em escola oficial ou reconhecida pelo Minist\u00e9rio da Educa\u00e7\u00e3o; ter exercido atividade jur\u00eddica por, no m\u00ednimo, tr\u00eas anos na data da posse, desempenhada exclusivamente ap\u00f3s a conclus\u00e3o do curso de bacharelado em Direito; estar em dia com as obriga\u00e7\u00f5es eleitorais; estar em dia com as obriga\u00e7\u00f5es militares, se do sexo masculino; gozar dos direitos pol\u00edticos; e possuir idoneidade moral e n\u00e3o apresentar antecedentes criminais.<\/span><\/p>\n<p style=\"text-align: justify;\"><span style=\"font-size: 14pt;\"><strong>O concurso<\/strong><\/span><\/p>\n<p style=\"text-align: justify;\"><span style=\"font-size: 14pt;\">O certame para o preenchimento de 28 vagas para o Minist\u00e9rio P\u00fablico Estadual de Alagoas teve in\u00edcio ainda em 2011, passou por duas etapas no ano passado e, agora em novembro, chegou ao fim. Os pr\u00f3ximos passos ser\u00e3o as nomea\u00e7\u00f5es e posses dos aprovados para o cargo. O resultado final dever\u00e1 ser anunciado at\u00e9 o final de dezembro. A organiza\u00e7\u00e3o do certame esteve a cargo da Funda\u00e7\u00e3o Carlos Chagas e o sal\u00e1rio inicial para promotor de Justi\u00e7a ser\u00e1 de R$ 17.581,75. O edital destinou 5% das vagas para pessoas com defici\u00eancia.<\/span><\/p>\n<p style=\"text-align: justify;\"><span style=\"font-size: 14pt;\">O concurso ter\u00e1 validade de dois anos a partir da data da homologa\u00e7\u00e3o do resultado final, podendo ser prorrogado uma vez por igual per\u00edodo, a crit\u00e9rio da Procuradoria Geral de Justi\u00e7a.<\/span><\/p>\n<\/div>\n<\/div>\n<\/div>\n<\/div>\n<\/div>\n<\/div>\n<\/div>\n<\/div>\n<\/div>\n<\/div>\n<div class=\"content-wrapper-b1\">\n<div class=\"content-wrapper-b2\" style=\"text-align: justify;\"><\/div>\n<\/div>\n","protected":false},"excerpt":{"rendered":"<p> [&hellip;]<\/p>\n","protected":false},"author":2,"featured_media":3993,"comment_status":"open","ping_status":"open","sticky":false,"template":"","format":"standard","meta":{"om_disable_all_campaigns":false,"_monsterinsights_skip_tracking":false,"_monsterinsights_sitenote_active":false,"_monsterinsights_sitenote_note":"","_monsterinsights_sitenote_category":0,"_uf_show_specific_survey":0,"_uf_disable_surveys":false,"footnotes":""},"categories":[18],"tags":[],"class_list":["post-7747","post","type-post","status-publish","format-standard","has-post-thumbnail","hentry","category-not_concursos"],"aioseo_notices":[],"_links":{"self":[{"href":"https:\/\/www.mpal.mp.br\/index.php?rest_route=\/wp\/v2\/posts\/7747","targetHints":{"allow":["GET"]}}],"collection":[{"href":"https:\/\/www.mpal.mp.br\/index.php?rest_route=\/wp\/v2\/posts"}],"about":[{"href":"https:\/\/www.mpal.mp.br\/index.php?rest_route=\/wp\/v2\/types\/post"}],"author":[{"embeddable":true,"href":"https:\/\/www.mpal.mp.br\/index.php?rest_route=\/wp\/v2\/users\/2"}],"replies":[{"embeddable":true,"href":"https:\/\/www.mpal.mp.br\/index.php?rest_route=%2Fwp%2Fv2%2Fcomments&post=7747"}],"version-history":[{"count":1,"href":"https:\/\/www.mpal.mp.br\/index.php?rest_route=\/wp\/v2\/posts\/7747\/revisions"}],"predecessor-version":[{"id":7748,"href":"https:\/\/www.mpal.mp.br\/index.php?rest_route=\/wp\/v2\/posts\/7747\/revisions\/7748"}],"wp:featuredmedia":[{"embeddable":true,"href":"https:\/\/www.mpal.mp.br\/index.php?rest_route=\/wp\/v2\/media\/3993"}],"wp:attachment":[{"href":"https:\/\/www.mpal.mp.br\/index.php?rest_route=%2Fwp%2Fv2%2Fmedia&parent=7747"}],"wp:term":[{"taxonomy":"category","embeddable":true,"href":"https:\/\/www.mpal.mp.br\/index.php?rest_route=%2Fwp%2Fv2%2Fcategories&post=7747"},{"taxonomy":"post_tag","embeddable":true,"href":"https:\/\/www.mpal.mp.br\/index.php?rest_route=%2Fwp%2Fv2%2Ftags&post=7747"}],"curies":[{"name":"wp","href":"https:\/\/api.w.org\/{rel}","templated":true}]}}