{"id":7733,"date":"2014-05-14T11:51:02","date_gmt":"2014-05-14T14:51:02","guid":{"rendered":"https:\/\/www.mpal.mp.br\/?p=7733"},"modified":"2022-06-01T11:51:15","modified_gmt":"2022-06-01T14:51:15","slug":"doe-publica-homologacao-de-concurso-para-promotor-de-justica-do-mpe-al-pgj-nomeara-candidatos-aprovados","status":"publish","type":"post","link":"https:\/\/www.mpal.mp.br\/?p=7733","title":{"rendered":"DOE publica homologa\u00e7\u00e3o de concurso para promotor de Justi\u00e7a do MPE\/AL; PGJ nomear\u00e1 candidatos aprovados"},"content":{"rendered":"<p style=\"text-align: justify;\"><span style=\"font-size: 14pt;\">Foi publicado no Di\u00e1rio Oficial do Estado (DOE) desta ter\u00e7a-feira (13) a decis\u00e3o do Col\u00e9gio de Procuradores de Justi\u00e7a, que homologou o resultado final do concurso p\u00fablico para ingresso \u00e0 carreira do Minist\u00e9rio P\u00fablico do Estado de Alagoas (MPE\/AL). O certame tem por objetivo o provimento de 28 vagas para o cargo de promotor de Justi\u00e7a de 1\u00aa entr\u00e2ncia. Com a homologa\u00e7\u00e3o do processo seletivo, os candidatos aprovados j\u00e1 podem ser nomeados pela Procuradoria-Geral de Justi\u00e7a para, em seguida, aguardarem a convoca\u00e7\u00e3o de posse do cargo.<\/span><\/p>\n<p style=\"text-align: justify;\"><span style=\"font-size: 14pt;\">Por unanimidade, o \u00f3rg\u00e3o colegiado se manifestou favor\u00e1vel ao concurso durante sess\u00e3o extraordin\u00e1ria realizada no dia 5 de maio. Al\u00e9m do chefe do MPE\/AL, S\u00e9rgio Juc\u00e1, estiveram presentes os procuradores de Justi\u00e7a Ant\u00f4nio Arecippo de Barros Teixeira Neto, Luiz Barbosa Carna\u00faba, Geraldo Magela Barbosa Pirau\u00e1, Walber Jos\u00e9 Valente de Lima, Lean Ant\u00f4nio Ferreira de Ara\u00fajo, Anti\u00f3genes Marques de Lira, Dilmar Lopes Camerino, Dennis Lima Calheiros, Vicente F\u00e9lix Correia, Jos\u00e9 Artur Melo, M\u00e1rcio Roberto Ten\u00f3rio de Albuquerque, Afr\u00e2nio Roberto Pereira de Queiroz, Marcos de Barros M\u00e9ro e Paulo Roberto Marques dos Anjos.<\/span><\/p>\n<p style=\"text-align: justify;\"><span style=\"font-size: 14pt;\">A primeira lista dos aprovados no concurso para o cargo de promotor de Justi\u00e7a de 1\u00aa intr\u00e2ncia foi composta por 107 candidatos aptos a integrar o quadro de membros da institui\u00e7\u00e3o. Ela foi tornada p\u00fablica em 03 de abril \u00faltimo ap\u00f3s a realiza\u00e7\u00e3o de exames de higidez f\u00edsica e mental dos candidatos, junto \u00e0 Per\u00edcia M\u00e9dica do Estado de Alagoas. Aquela foi a \u00faltima etapa do processo seletivo. Ap\u00f3s a junta m\u00e9dica fazer o atendimento a cada aprovado, laudos foram emitidos para comprovar a aptid\u00e3o ou inaptid\u00e3o do concursado para o ingresso no servi\u00e7o p\u00fablico.<\/span><\/p>\n<p style=\"text-align: justify;\"><span style=\"font-size: 14pt;\"><strong>O concurso<\/strong><\/span><\/p>\n<p style=\"text-align: justify;\"><span style=\"font-size: 14pt;\">O concurso foi composto por seis etapas: As duas primeiras fases do concurso foram realizadas por meio de provas objetiva e discursiva; em seguida, houve a convoca\u00e7\u00e3o dos candidatos para entrevista e exame psicot\u00e9cnico; depois, j\u00e1 com a inscri\u00e7\u00e3o definitiva deferida, aqueles considerados aptos foram convocados para a prova oral; logo ap\u00f3s, houve as provas de t\u00edtulos e de tribuna. Por \u00faltimo, a realiza\u00e7\u00e3o de exames de higidez f\u00edsica e mental.<\/span><\/p>\n","protected":false},"excerpt":{"rendered":"<p> [&hellip;]<\/p>\n","protected":false},"author":2,"featured_media":4016,"comment_status":"open","ping_status":"open","sticky":false,"template":"","format":"standard","meta":{"om_disable_all_campaigns":false,"_monsterinsights_skip_tracking":false,"_monsterinsights_sitenote_active":false,"_monsterinsights_sitenote_note":"","_monsterinsights_sitenote_category":0,"_uf_show_specific_survey":0,"_uf_disable_surveys":false,"footnotes":""},"categories":[18],"tags":[],"class_list":["post-7733","post","type-post","status-publish","format-standard","has-post-thumbnail","hentry","category-not_concursos"],"aioseo_notices":[],"_links":{"self":[{"href":"https:\/\/www.mpal.mp.br\/index.php?rest_route=\/wp\/v2\/posts\/7733","targetHints":{"allow":["GET"]}}],"collection":[{"href":"https:\/\/www.mpal.mp.br\/index.php?rest_route=\/wp\/v2\/posts"}],"about":[{"href":"https:\/\/www.mpal.mp.br\/index.php?rest_route=\/wp\/v2\/types\/post"}],"author":[{"embeddable":true,"href":"https:\/\/www.mpal.mp.br\/index.php?rest_route=\/wp\/v2\/users\/2"}],"replies":[{"embeddable":true,"href":"https:\/\/www.mpal.mp.br\/index.php?rest_route=%2Fwp%2Fv2%2Fcomments&post=7733"}],"version-history":[{"count":1,"href":"https:\/\/www.mpal.mp.br\/index.php?rest_route=\/wp\/v2\/posts\/7733\/revisions"}],"predecessor-version":[{"id":7734,"href":"https:\/\/www.mpal.mp.br\/index.php?rest_route=\/wp\/v2\/posts\/7733\/revisions\/7734"}],"wp:featuredmedia":[{"embeddable":true,"href":"https:\/\/www.mpal.mp.br\/index.php?rest_route=\/wp\/v2\/media\/4016"}],"wp:attachment":[{"href":"https:\/\/www.mpal.mp.br\/index.php?rest_route=%2Fwp%2Fv2%2Fmedia&parent=7733"}],"wp:term":[{"taxonomy":"category","embeddable":true,"href":"https:\/\/www.mpal.mp.br\/index.php?rest_route=%2Fwp%2Fv2%2Fcategories&post=7733"},{"taxonomy":"post_tag","embeddable":true,"href":"https:\/\/www.mpal.mp.br\/index.php?rest_route=%2Fwp%2Fv2%2Ftags&post=7733"}],"curies":[{"name":"wp","href":"https:\/\/api.w.org\/{rel}","templated":true}]}}