{"id":7730,"date":"2014-05-28T11:48:28","date_gmt":"2014-05-28T14:48:28","guid":{"rendered":"https:\/\/www.mpal.mp.br\/?p=7730"},"modified":"2022-06-01T11:49:36","modified_gmt":"2022-06-01T14:49:36","slug":"alagoas-ganha-nove-novos-promotores-de-justica-nomeacoes-foram-publicadas-no-diario-oficial-desta-quinta-feira","status":"publish","type":"post","link":"https:\/\/www.mpal.mp.br\/?p=7730","title":{"rendered":"Alagoas ganha nove novos promotores de Justi\u00e7a; nomea\u00e7\u00f5es foram publicadas no Di\u00e1rio Oficial desta quinta-feira"},"content":{"rendered":"<p style=\"text-align: justify;\" align=\"justify\"><span style=\"font-size: 14pt;\">Eles chegam para desempenhar fun\u00e7\u00f5es importantes: zelar pelo efetivo respeito dos poderes p\u00fablicos e dos servi\u00e7os de relev\u00e2ncia p\u00fablica aos direitos assegurados na Constitui\u00e7\u00e3o da Rep\u00fablica, fomentando assim, as medidas necess\u00e1rias \u00e0 sua garantia; chegam tamb\u00e9m para promover o inqu\u00e9rito civil e a a\u00e7\u00e3o civil p\u00fablica, para a prote\u00e7\u00e3o do patrim\u00f4nio p\u00fablico e social, do meio ambiente e de outros interesses difusos e coletivos. E ainda ter\u00e3o como atribui\u00e7\u00e3o exercer o controle externo da atividade policial e ajuizar, privativamente, a a\u00e7\u00e3o penal p\u00fablica, na forma da lei. Essas s\u00e3o apenas algumas das miss\u00f5es que ser\u00e3o dadas, a partir de agora, aos nove novos promotores de Justi\u00e7a de Alagoas, que, nesta quinta-feira (28), foram nomeados pelo procurador-geral de Justi\u00e7a, S\u00e9rgio Juc\u00e1.<\/span><\/p>\n<p style=\"text-align: justify;\" align=\"JUSTIFY\"><span style=\"font-size: 14pt;\">As nomea\u00e7\u00f5es est\u00e3o publicadas no Di\u00e1rio Oficial do Estado de Alagoas e, na rela\u00e7\u00e3o, constam os nomes de Carlos Davi Lopes Correia Lima, Marllisson Andrade Silva,\u00a0<span lang=\"pt-BR\">Paulo Henrique da Silva Aguiar, Wesley Fernandes Oliveira, Elo\u00e1 de Carvalho Melo, Paulo Roberto de Melo Alves Filho, Vin\u00edcius Ferreira Calheiros Alves, Thiago Chacon Delgado e Fl\u00e1vio Bezerra. Eles foram os primeiros colocados no concurso para ingresso \u00e0 carreira do Minist\u00e9rio P\u00fablico do Estado de Alagoas.<\/span><\/span><\/p>\n<p style=\"text-align: justify;\" align=\"JUSTIFY\"><span lang=\"pt-BR\" style=\"font-size: 14pt;\">E a posse dos novos membros est\u00e1 com data marcada para acontecer. Ela ser\u00e1 no dia 06 de junho pr\u00f3ximo, \u00e0s 16h, no audit\u00f3rio Virg\u00ednio Loureiro, t\u00e9rreo do Centro Cultural e de Exposi\u00e7\u00f5es Ruth Cardoso, localizado no bairro do Jaragu\u00e1. A solenidade j\u00e1 foi marcada porque a chefia da institui\u00e7\u00e3o entende ser importante o imediato in\u00edcio do exerc\u00edcio do cargo. \u201cEsse concurso era um sonho de todo os integrantes do Minist\u00e9rio P\u00fablico. Sab\u00edamos que precis\u00e1vamos aumentar a nossa capilaridade e a chegada dos novos colegas vai preencher promotorias que estavam sem titularidade j\u00e1 h\u00e1 algum tempo. Estamos felizes que tudo tenha dado certo durante o certame e, mais ainda, com as nomea\u00e7\u00f5es tendo acontecido nesta quinta-feira\u201d, declarou o procurador-geral de Justi\u00e7a, S\u00e9rgio Juc\u00e1.<\/span><\/p>\n<p style=\"text-align: justify;\" align=\"JUSTIFY\"><span style=\"font-size: 14pt;\">\u201c<span lang=\"pt-BR\">Esses promotores est\u00e3o chegando para dar mais oxigena\u00e7\u00e3o ao Minist\u00e9rio P\u00fablico, querem contribuir com o melhor de si para ajudar a nossa institui\u00e7\u00e3o a crescer. Eles sabem que o Minist\u00e9rio P\u00fablico \u00e9 um \u00f3rg\u00e3o de grande import\u00e2ncia para a fun\u00e7\u00e3o jurisdicional do Estado, que age na defesa da ordem jur\u00eddica, do regime democr\u00e1tico e na defesa dos direitos sociais, a exemplo daqueles ligados a Educa\u00e7\u00e3o, a Sa\u00fade e a Inf\u00e2ncia e a Juventude. Sei que v\u00e3o agir de forma leal na observ\u00e2ncia das leis e da Constitui\u00e7\u00e3o do Brasil\u201d, afirmou Juc\u00e1.<\/span><\/span><\/p>\n<p style=\"text-align: justify;\" align=\"JUSTIFY\"><span style=\"font-size: 14pt;\"><span lang=\"pt-BR\">O procurador-geral tamb\u00e9m destacou o trabalho da Comiss\u00e3o do concurso que, durante\u00a0<\/span><span lang=\"pt-BR\">dois<\/span><span lang=\"pt-BR\">\u00a0anos, dedicou-se \u00e0 lisura d<\/span><span lang=\"pt-BR\">e todo o<\/span><span lang=\"pt-BR\">\u00a0processo. Ela foi presidida por ele e teve como integrantes os procuradores de Justi\u00e7a Afr\u00e2nio Roberto Pereira de Queiroz, Ant\u00f4nio Arecippo de Barros Teixeira Neto e Geraldo Magela Barbosa Pirau\u00e1 e,\u00a0<\/span><span lang=\"pt-BR\">ainda,<\/span><span lang=\"pt-BR\">\u00a0o advogado Tutm\u00e9s Toledo Marcelino Gomes, representante da Ordem dos Advogados do Brasil, seccional Alagoas. Tal comiss\u00e3o foi secretariada pelo promotor de Justi\u00e7a Alfredo Gaspar de Mendon\u00e7a<\/span><span lang=\"pt-BR\">\u00a0Neto<\/span><span lang=\"pt-BR\">. \u201cTodos fizeram um trabalho primoroso. O sucesso desse concurso tamb\u00e9m se deve a cada um deles\u201d, disse o chefe do MPE\/AL.<\/span><\/span><\/p>\n<p style=\"text-align: justify;\" align=\"JUSTIFY\"><span style=\"font-size: 14pt;\"><strong>Carlos Davi Lopes Correia Lima<\/strong><\/span><\/p>\n<p style=\"text-align: justify;\" align=\"JUSTIFY\"><span style=\"font-size: 14pt;\">Paraibano, nascido em Jo\u00e3o Pessoa, com bacharelado em Direito pela Unip\u00ea &#8211; Centro Universit\u00e1rio de Jo\u00e3o Pessoa: esse \u00e9 Carlos Davi Lopes Correia Lima, o mais novo promotor de Porto de Pedras. \u00a0At\u00e9 ent\u00e3o juiz de Direito substituto do estado da Bahia, respons\u00e1vel pelas comarcas de Rio de Contas, Paramirim e pelo Juizado Especial C\u00edvel e Criminal de Brumado, Carlos Davi deixa a magistratura para atuar como membro do Minist\u00e9rio P\u00fablico do Estado de Alagoas.<\/span><\/p>\n<p style=\"text-align: justify;\" align=\"JUSTIFY\"><span style=\"font-size: 14pt;\">Por\u00e9m, anteriormente ao exerc\u00edcio dessa fun\u00e7\u00e3o, em 2013, ele foi consultor jur\u00eddico da C\u00e2mara dos Vereadores de Jo\u00e3o Pessoa. No mesmo ano e ainda em 2012, exerceu a advocacia privada.<\/span><\/p>\n<p style=\"text-align: justify;\" align=\"JUSTIFY\"><span style=\"font-size: 14pt;\">Entre 2010 e 2012, Carlos Davi tinha como atividade a fun\u00e7\u00e3o de t\u00e9cnico judici\u00e1rio do Tribunal de Justi\u00e7a do estado da Para\u00edba e, de 2009 a 2010, iniciou a carreira exercitando o trabalho de advogado.<\/span><\/p>\n<p style=\"text-align: justify;\" align=\"JUSTIFY\"><span style=\"font-size: 14pt;\"><strong>Marllisson Andrade Silva<\/strong><\/span><\/p>\n<p style=\"text-align: justify;\" align=\"JUSTIFY\"><span style=\"font-size: 14pt;\">O sergipano Marllisson Andrade Silva \u00e9 formado em Direito pela Universidade Tiradentes (SE) e p\u00f3s-graduado em Direito Processual Civil. Paripueira ser\u00e1 a Promotoria de Justi\u00e7a que ele vai assumir ap\u00f3s tomar posse no cargo de promotor.<\/span><\/p>\n<p style=\"text-align: justify;\" align=\"JUSTIFY\"><span style=\"font-size: 14pt;\">Antes de ser aprovado no concurso p\u00fablico para o cargo de promotor de Justi\u00e7a, Marlisson Andrade dedicou-se ao Judici\u00e1rio. Ele foi t\u00e9cnico judici\u00e1rio, na \u00e1rea administrativa, do Tribunal de Justi\u00e7a de Sergipe entre os anos de 2007 e 2008.<\/span><\/p>\n<p style=\"text-align: justify;\" align=\"JUSTIFY\"><span style=\"font-size: 14pt;\">Na sequ\u00eancia, ele trabalhou como assessor de juiz na comarca de Lagarto, interior de Sergipe, entre os anos de 2008 e 2013. Desde ent\u00e3o, permaneceu na mesma fun\u00e7\u00e3o, entretanto, prestando apoio jur\u00eddico j\u00e1 na capital Aracaju, na\u00a0<span lang=\"pt-BR\">2\u00aa vara criminal.<\/span><\/span><\/p>\n<p style=\"text-align: justify;\" align=\"JUSTIFY\"><span style=\"font-size: 14pt;\"><strong><span lang=\"pt-BR\">Paulo Henrique da Silva Aguiar<\/span><\/strong><\/span><\/p>\n<p style=\"text-align: justify;\" align=\"JUSTIFY\"><span lang=\"pt-BR\" style=\"font-size: 14pt;\">O goiano Paulo Henrique da Silva Aguiar, natural da cidade de Araguaina, j\u00e1 atua, em Alagoas, na defesa de direitos individuais. Ele \u00e9 defensor p\u00fablico no munic\u00edpio de Arapiraca, tendo sido aprovado em concurso p\u00fablico no ano de 2011.<\/span><\/p>\n<p style=\"text-align: justify;\" align=\"JUSTIFY\"><span lang=\"pt-BR\" style=\"font-size: 14pt;\">Antes disso, entre os anos de 2010 e mar\u00e7o de 2011 ele trabalhou no exerc\u00edcio da advocacia privada, tendo exercido, ainda, a advocacia volunt\u00e1ria na Justi\u00e7a Federal da se\u00e7\u00e3o judici\u00e1ria de Alagoas, subse\u00e7\u00e3o de Arapiraca.<\/span><\/p>\n<p style=\"text-align: justify;\" align=\"JUSTIFY\"><span lang=\"pt-BR\" style=\"font-size: 14pt;\">Paulo Henrique tamb\u00e9m j\u00e1 pertenceu aos quadros da Procuradoria da Rep\u00fablica e da Justi\u00e7a Federal, ambos de Arapiraca. Ele \u00e9 graduado em Direito pelo Cesmac.<\/span><\/p>\n<p style=\"text-align: justify;\" align=\"JUSTIFY\"><span lang=\"pt-BR\" style=\"font-size: 14pt;\">Como promotor de Justi\u00e7a, vai exercer suas atribui\u00e7\u00f5es na Promotoria de Igaci<\/span><\/p>\n<p style=\"text-align: justify;\" align=\"JUSTIFY\"><span style=\"font-size: 14pt;\"><strong>Wesley Fernandes Oliveira<\/strong><\/span><\/p>\n<p style=\"text-align: justify;\" align=\"JUSTIFY\"><span style=\"font-size: 14pt;\">Wesley Fernandes Oliveira nasceu em Macei\u00f3 e foi graduado no curso de Direito pela Universidade Federal de Alagoas. Dois anos depois de concluir o Ensino Superior, dedicou-se ao curso de especializa\u00e7\u00e3o em Ci\u00eancias Criminais, cujo tema foi \u201cAlgemas: Estigma ou Necessidade?\u201d.<\/span><\/p>\n<p style=\"text-align: justify;\" align=\"JUSTIFY\"><span style=\"font-size: 14pt;\">Antes de ingressar na carreira de promotor de Justi\u00e7a, Wesley trabalhou como chefe-administrativo na Procuradoria Jur\u00eddica do Departamento Estadual de Tr\u00e2nsito de Alagoas entre os anos de 2001 e 2007. Nesse \u00faltimo ano, at\u00e9 2008, foi assistente de promotoria no Minist\u00e9rio P\u00fablico do Estado de Alagoas, atuando junto a promotorias criminal e de Execu\u00e7\u00f5es Penais.<\/span><\/p>\n<p style=\"text-align: justify;\" align=\"JUSTIFY\"><span style=\"font-size: 14pt;\">Em 2008, ele foi aprovado em concurso p\u00fablico para o cargo de delegado de Pol\u00edcia do estado de Pernambuco. Wesley deixa a fun\u00e7\u00e3o para, agora, fazer parte do corpo de membros do MPE\/AL. Ele assumir\u00e1 a promotoria de Girau do Ponciano.<\/span><\/p>\n<p style=\"text-align: justify;\" align=\"JUSTIFY\"><span style=\"font-size: 14pt;\">Anteriormente aos cargos acima detalhados, ele tamb\u00e9m exerceu a advogacia privada.<\/span><\/p>\n<p style=\"text-align: justify;\" align=\"JUSTIFY\"><span style=\"font-size: 14pt;\"><strong>Elo\u00e1 de Carvalho Melo<\/strong><\/span><\/p>\n<p style=\"text-align: justify;\" align=\"JUSTIFY\"><span style=\"font-size: 14pt;\">Elo\u00e1 de Carvalho Melo \u00e9 a \u00fanica mulher, no universo de nove nomeados, que passa a integrar a carreira do Minist\u00e9rio P\u00fablico Estadual de Alagoas. Aos 28 anos, ela assumir\u00e1 a Promotoria de Justi\u00e7a de S\u00e3o Br\u00e1s, no Sert\u00e3o de Alagoas.<\/span><\/p>\n<p style=\"text-align: justify;\" align=\"JUSTIFY\"><span style=\"font-size: 14pt;\">A baiana, natural de Salvador, \u00e9 formada em Direito pela Universidade do estado da Bahia e tem p\u00f3s-gradua\u00e7\u00e3o em Direito Penal, em n\u00edvel de especializa\u00e7\u00e3o.<\/span><\/p>\n<p style=\"text-align: justify;\" align=\"JUSTIFY\"><span style=\"font-size: 14pt;\">Interessada em estudos cient\u00edficos, Elo\u00e1 de Carvalho costuma acompanhar eventos que promovem e compartilham ensinamentos. Assim, ela participou, recentemente, do III Congresso Jur\u00eddico no Vale do S\u00e3o Francisco, do IV Congresso Brasileiro de Direito Constitucional e do IV Ciclo de Estudos Jur\u00eddicos da Justi\u00e7a Federal.<\/span><\/p>\n<p style=\"text-align: justify;\" align=\"JUSTIFY\"><span style=\"font-size: 14pt;\"><strong>Paulo Roberto de Melo Alves Filho<\/strong><\/span><\/p>\n<p style=\"text-align: justify;\" align=\"JUSTIFY\"><span style=\"font-size: 14pt;\">Paulo Roberto de Melo Alves Filho, natural do munic\u00edpio de Aracaju e bacharel em Direito pela Universidade Tiradentes (SE), ser\u00e1 mais um membro do Minist\u00e9rio P\u00fablico Estadual de Alagoas. Ele deixa o cargo de advogado do Banco do Nordeste do Brasil S\/A para assumir a promotoria de Justi\u00e7a de Igreja Nova.<\/span><\/p>\n<p style=\"text-align: justify;\" align=\"JUSTIFY\"><span style=\"font-size: 14pt;\">Antes de se tornar promotor de Justi\u00e7a em Alagoas, o jovem j\u00e1 havia sido aprovado em outros certames, a exemplo dos concursos p\u00fablicos para provimento de vagas no cargo de procurador do estado de Alagoas e de procurador do estado de Pernambuco e analista de Controle Externo do Tribunal de Contas do estado de Sergipe. Ele tamb\u00e9m exerceu a advocacia privada, em especial, nas comarcas de Aracaju e Sim\u00e3o Dias, ambas em Sergipe e, em S\u00e3o Paulo, capital.<\/span><\/p>\n<p style=\"text-align: justify;\" align=\"JUSTIFY\"><span style=\"font-size: 14pt;\">Paulo Roberto tem curso de especializa\u00e7\u00e3o em Direito Processual, com foco em \u201cGrandes Transforma\u00e7\u00f5es\u201d.<\/span><\/p>\n<p style=\"text-align: justify;\" align=\"JUSTIFY\"><span style=\"font-size: 14pt;\"><strong>Vin\u00edcius Ferreira Calheiros Alves<\/strong><\/span><\/p>\n<p style=\"text-align: justify;\" align=\"JUSTIFY\"><span style=\"font-size: 14pt;\">O alagoano Vin\u00edcius Ferreira Calheiros Alves nasceu em Macei\u00f3, formou-se em Direito pela Universidade Federal de Alagoas e tem curso de especializa\u00e7\u00e3o em Direito Penal pela Universidade do Sul de Santa Catarina.<\/span><\/p>\n<p style=\"text-align: justify;\" align=\"JUSTIFY\"><span style=\"font-size: 14pt;\">Entre 2002 e 2005 ele foi escritur\u00e1rio do Banco do Brasil, tendo assumido a fun\u00e7\u00e3o ap\u00f3s aprova\u00e7\u00e3o em concurso p\u00fablico. Nos anos de 2007, 2008 e 2009 assumiu as atribui\u00e7\u00f5es delegadas ao cargo de analista judici\u00e1rio no munic\u00edpio de Ji-Paran\u00e1, em Rond\u00f4nia.<\/span><\/p>\n<p style=\"text-align: justify;\" align=\"JUSTIFY\"><span style=\"font-size: 14pt;\">Por cinco anos Vin\u00edcius trabalhou como analista do Minist\u00e9rio P\u00fablico da Uni\u00e3o, na Procuradoria da Rep\u00fablica em Alagoas. E, mais recentemente, j\u00e1 agora em 2014, ele passou a saber o que \u00e9 ser integrante da carreira do Minist\u00e9rio P\u00fablico, haja vista ter sido aprovado no \u00faltimo concurso para o Minist\u00e9rio P\u00fablico do estado do Piau\u00ed.<\/span><\/p>\n<p style=\"text-align: justify;\" align=\"JUSTIFY\"><span style=\"font-size: 14pt;\">Em Alagoas, Vin\u00edcius Ferreira vai promover justi\u00e7a social em Passo de Camaragibe, litoral Norte do estado.<\/span><\/p>\n<p style=\"text-align: justify;\" align=\"JUSTIFY\"><span style=\"font-size: 14pt;\"><strong>Thiago Chacon Delgado<\/strong><\/span><\/p>\n<p style=\"text-align: justify;\" align=\"JUSTIFY\"><span style=\"font-size: 14pt;\">Natural de Jo\u00e3o Pessoa, na Para\u00edba, o jovem Thiago Chacon Delgado chega ao Minist\u00e9rio P\u00fablico Estadual de Alagoas com\u00a0<em>know-how<\/em>\u00a0em intelig\u00eancia investigativa e combate ao crime de lavagem de dinheiro. Em 2011 ele foi aprovado para o concurso do Minist\u00e9rio P\u00fablico da Uni\u00e3o para o cargo de analista judicial e, desde ent\u00e3o, atua em Bras\u00edlia, no setor processual do Centro de Intelig\u00eancia do Minist\u00e9rio P\u00fablico do Distrito Federal e Territ\u00f3rios. Seu local de trabalho \u00e9 o Laborat\u00f3rio contra Lavagem de Dinheiro.<\/span><\/p>\n<p style=\"text-align: justify;\" align=\"JUSTIFY\"><span style=\"font-size: 14pt;\">Thiago Chacon \u00e9 formado em Direito pelo Unip\u00ea &#8211; Centro Universit\u00e1rio de Jo\u00e3o Pessoa &#8211; e p\u00f3s-graduado em Direito Administrativo, com especializa\u00e7\u00e3o voltada para a \u00e1rea de improbidade administrativa e defesa do er\u00e1rio.<\/span><\/p>\n<p style=\"text-align: justify;\" align=\"JUSTIFY\"><span style=\"font-size: 14pt;\">Ele tamb\u00e9m j\u00e1 atuou como advogado na \u00e1rea de Direito P\u00fablico na Para\u00edba.<\/span><\/p>\n<p style=\"text-align: justify;\" align=\"JUSTIFY\"><span style=\"font-size: 14pt;\">O novo promotor vai exercer suas atribui\u00e7\u00f5es constitucionais na Promotoria de Justi\u00e7a de Paulo Jacinto, localizada no Agreste alagoano.<\/span><\/p>\n<p style=\"text-align: justify;\" align=\"JUSTIFY\"><span style=\"font-size: 14pt;\"><strong>Fl\u00e1vio Bezerra<\/strong><\/span><\/p>\n<p style=\"text-align: justify;\" align=\"JUSTIFY\"><span lang=\"pt-BR\" style=\"font-size: 14pt;\">O paulista de S\u00e3o Bernardo do Campo Fl\u00e1vio Bezerra ser\u00e1 o mais novo promotor de Justi\u00e7a de Cajueiro, na Zona da Mata de Alagoas. Aos 29 anos, ele deixa o cargo de analista judici\u00e1rio do Tribunal de Justi\u00e7a do Cear\u00e1, onde estava desde 2009, para, aqui no Estado, trabalhar pelo fortalecimento do Minist\u00e9rio P\u00fablico Estadual de Alagoas, um \u00f3rg\u00e3o, para ele, t\u00e3o fundamental \u00e0 garantia do cumprimento da lei, \u00e0 defesa dos patrim\u00f4nios nacional, p\u00fablico e social e \u00e0 seguran\u00e7a dos interesses coletivos e individuais indispon\u00edveis.<\/span><\/p>\n<p style=\"text-align: justify;\" align=\"JUSTIFY\"><span lang=\"pt-BR\" style=\"font-size: 14pt;\">Fl\u00e1vio Bezerra, anteriormente, tamb\u00e9m trabalhou como t\u00e9cnico banc\u00e1rio na Caixa Econ\u00f4mica Federal e exerceu a advocacia entre os anos de 2007 e 2009.<\/span><\/p>\n<p style=\"text-align: justify;\" align=\"JUSTIFY\"><span lang=\"pt-BR\" style=\"font-size: 14pt;\">Ele \u00e9 graduado em Direito pela Universidade Federal do Cear\u00e1 e tem p\u00f3s-gradua\u00e7\u00e3o em Direito do Estado.<\/span><\/p>\n<p style=\"text-align: justify;\" align=\"JUSTIFY\"><span style=\"font-size: 14pt;\"><strong><span lang=\"pt-BR\">O concurso<\/span><\/strong><\/span><\/p>\n<p style=\"text-align: justify;\" align=\"JUSTIFY\"><span lang=\"pt-BR\" style=\"font-size: 14pt;\">O certame para o preenchimento de 28 vagas para o Minist\u00e9rio P\u00fablico Estadual de Alagoas teve in\u00edcio ainda em 2012, passou por seis etapas nesses tr\u00eas \u00faltimos anos e, agora em 2014, chegou ao fim. Ele ter\u00e1 validade de dois anos. A organiza\u00e7\u00e3o do concurso esteve a cargo da Funda\u00e7\u00e3o Carlos Chagas e o sal\u00e1rio inicial para promotor de Justi\u00e7a ser\u00e1 de R$ 19.383.87. O edital destinou 5% das vagas para pessoas com defici\u00eancia.<\/span><\/p>\n<p style=\"text-align: justify;\" align=\"JUSTIFY\"><span style=\"font-size: 14pt;\">Para que o concurso pudesse ser valido, ele teve que ser homologado pelo Col\u00e9gio de Procuradores, o que aconteceu no dia 13 deste m\u00eas.<\/span><\/p>\n","protected":false},"excerpt":{"rendered":"<p> [&hellip;]<\/p>\n","protected":false},"author":2,"featured_media":7731,"comment_status":"open","ping_status":"open","sticky":false,"template":"","format":"standard","meta":{"om_disable_all_campaigns":false,"_monsterinsights_skip_tracking":false,"_monsterinsights_sitenote_active":false,"_monsterinsights_sitenote_note":"","_monsterinsights_sitenote_category":0,"_uf_show_specific_survey":0,"_uf_disable_surveys":false,"footnotes":""},"categories":[18],"tags":[],"class_list":["post-7730","post","type-post","status-publish","format-standard","has-post-thumbnail","hentry","category-not_concursos"],"aioseo_notices":[],"_links":{"self":[{"href":"https:\/\/www.mpal.mp.br\/index.php?rest_route=\/wp\/v2\/posts\/7730","targetHints":{"allow":["GET"]}}],"collection":[{"href":"https:\/\/www.mpal.mp.br\/index.php?rest_route=\/wp\/v2\/posts"}],"about":[{"href":"https:\/\/www.mpal.mp.br\/index.php?rest_route=\/wp\/v2\/types\/post"}],"author":[{"embeddable":true,"href":"https:\/\/www.mpal.mp.br\/index.php?rest_route=\/wp\/v2\/users\/2"}],"replies":[{"embeddable":true,"href":"https:\/\/www.mpal.mp.br\/index.php?rest_route=%2Fwp%2Fv2%2Fcomments&post=7730"}],"version-history":[{"count":1,"href":"https:\/\/www.mpal.mp.br\/index.php?rest_route=\/wp\/v2\/posts\/7730\/revisions"}],"predecessor-version":[{"id":7732,"href":"https:\/\/www.mpal.mp.br\/index.php?rest_route=\/wp\/v2\/posts\/7730\/revisions\/7732"}],"wp:featuredmedia":[{"embeddable":true,"href":"https:\/\/www.mpal.mp.br\/index.php?rest_route=\/wp\/v2\/media\/7731"}],"wp:attachment":[{"href":"https:\/\/www.mpal.mp.br\/index.php?rest_route=%2Fwp%2Fv2%2Fmedia&parent=7730"}],"wp:term":[{"taxonomy":"category","embeddable":true,"href":"https:\/\/www.mpal.mp.br\/index.php?rest_route=%2Fwp%2Fv2%2Fcategories&post=7730"},{"taxonomy":"post_tag","embeddable":true,"href":"https:\/\/www.mpal.mp.br\/index.php?rest_route=%2Fwp%2Fv2%2Ftags&post=7730"}],"curies":[{"name":"wp","href":"https:\/\/api.w.org\/{rel}","templated":true}]}}