{"id":7727,"date":"2016-05-06T11:42:19","date_gmt":"2016-05-06T14:42:19","guid":{"rendered":"https:\/\/www.mpal.mp.br\/?p=7727"},"modified":"2024-08-06T13:51:32","modified_gmt":"2024-08-06T16:51:32","slug":"cinco-novos-promotores-sao-empossados-em-discurso-membros-prometem-agir-com-humildade-combater-a-corrupcao-e-dar-tratamento-diferenciado-a-populacao","status":"publish","type":"post","link":"https:\/\/www.mpal.mp.br\/?p=7727","title":{"rendered":"Cinco novos promotores s\u00e3o empossados; em discurso, membros prometem agir com humildade, combater a corrup\u00e7\u00e3o e dar tratamento diferenciado \u00e0 popula\u00e7\u00e3o"},"content":{"rendered":"<p style=\"text-align: justify;\"><span style=\"font-size: 14pt;\">Eles agora j\u00e1 s\u00e3o promotores de Justi\u00e7a. Numa solenidade que aconteceu na noite dessa sexta-feira (06), os cinco novos integrantes da carreira do Minist\u00e9rio P\u00fablico Estadual de Alagoas (MPE\/AL) tomaram assento em seus cargos e j\u00e1 come\u00e7ar\u00e3o a trabalhar nas promotorias para as quais foram designados a partir do pr\u00f3ximo dia 23 de maio. Antes disso, eles v\u00e3o passar pelo curso de forma\u00e7\u00e3o, previsto para ocorrer entre os dias 16 e 20 deste m\u00eas. No discurso de posse, o promotor Bruno de Souza Martins Baptista, que representou os demais colegas, falou em trabalhar com humildade, defender um MP resolutivo, ter coragem para o combate os maus pol\u00edticos que lesam os cofres p\u00fablicos, lutar para ver criminosos punidos e tratar com respeito e dignidade o maior destinat\u00f3rio das a\u00e7\u00f5es do MP brasileiro: o povo.<\/span><\/p>\n<p style=\"text-align: justify;\"><span style=\"font-size: 14pt;\">\u201cO Minist\u00e9rio P\u00fablico tem sofrido importantes transforma\u00e7\u00f5es em suas fun\u00e7\u00f5es, remodelando seu modo de atua\u00e7\u00e3o para poder tutelar, de forma adequada, as novas demandas sociais surgidas, sobretudo as relativas aos direitos supraindividuais, ganhando enorme destaque a atua\u00e7\u00e3o extrajudicial, como forma de dar mais efetividade a esses direitos. Portanto, podemos dizer que, desde a Constitui\u00e7\u00e3o de 1988, ganhou o Minist\u00e9rio P\u00fablico destaque n\u00e3o apenas como titular da a\u00e7\u00e3o penal, mas tamb\u00e9m como defensor da sociedade, notadamente na defesa dos direitos da coletividade. E essas atividades final\u00edsticas, sem d\u00favida, s\u00e3o as mais coerentes e harm\u00f4nicas na compreens\u00e3o do Minist\u00e9rio P\u00fablico como \u00f3rg\u00e3o constitucional representativo da sociedade civil, encarregado de promover positivas altera\u00e7\u00f5es e transforma\u00e7\u00f5es da realidade social\u201d, come\u00e7ou discursando o orador.<\/span><\/p>\n<p style=\"text-align: justify;\"><span style=\"font-size: 14pt;\">\u201cE a defesa de um Minist\u00e9rio P\u00fablico verdadeiramente apto na defesa dos direitos sociais guarda rela\u00e7\u00e3o direta com uma sociedade forte e organizada. Somos, ent\u00e3o, contempor\u00e2neos da transforma\u00e7\u00e3o dessa institui\u00e7\u00e3o e isso requer de n\u00f3s humildade, prud\u00eancia e, acima de tudo, muita coragem. E eu e meus colegas empossados hoje temos plena consci\u00eancia da responsabilidade que paira sobre os nossos ombros. \u00c9 a responsabilidade de lutar pelos ideais de justi\u00e7a e igualdade, sem esmorecer diante das dificuldades e entraves inerentes a batalha; de fiscalizar constantemente a atua\u00e7\u00e3o do gestor p\u00fablico, impedindo a malversa\u00e7\u00e3o da coisa p\u00fablica e velando pela moralidade e impessoalidade nos seus atos; de garantir, de forma integral, o direito das crian\u00e7as, dos adolescentes, dos idosos, das pessoas com defici\u00eancias e dos demais setores espec\u00edficos da sociedade civil que necessitam de especial aten\u00e7\u00e3o, para que n\u00e3o fiquem \u00e0 margem das pol\u00edticas p\u00fablicas e sociais; de combater, veementemente, a criminalidade nas suas diversas facetas, garantindo que nenhuma pessoa, independentemente da posi\u00e7\u00e3o que ocupe, esteja acima da lei e da Constitui\u00e7\u00e3o, mesmo que para isso tenhamos que suportar eventuais repres\u00e1lias daqueles que det\u00eam poder pol\u00edtico e econ\u00f4mico; de prestar atendimento pessoal e oferecer tratamento adequado e respeitoso ao p\u00fablico, este que \u00e9 a raz\u00e3o de ser da nossa atua\u00e7\u00e3o funcional; de dar especial enfoque \u00e0 efetiva\u00e7\u00e3o dos direitos ligados a sa\u00fade, a educa\u00e7\u00e3o, a seguran\u00e7a e ao meio ambiente, visando garanti-los para as presentes e futuras gera\u00e7\u00f5es; de empreender todos os esfor\u00e7os para construir um Minist\u00e9rio P\u00fablico resolutivo e eficiente, capaz de dialogar com as institui\u00e7\u00f5es e estabelecer pontes, prezando, sempre que poss\u00edvel, pela media\u00e7\u00e3o e solu\u00e7\u00e3o pac\u00edfica dos conflitos, a fim de propiciar a paz social que a popula\u00e7\u00e3o tanto necessita. E, por fim e n\u00e3o menos importante, de ter a responsabilidade de lutar diariamente e com todas as nossas for\u00e7as, contra um mal grav\u00edssimo que assola parte daqueles que operam o Direito, a vaidade. Que sejamos vigilantes e combatamos esse mal que tanto escurece as nossas vis\u00f5es e deturpa o verdadeiro prop\u00f3sito nosso, que \u00e9 servir sempre\u201d, declarou o mais novo promotor de Justi\u00e7a Bruno de Souza Martins Baptista.<\/span><\/p>\n<p style=\"text-align: justify;\"><span style=\"font-size: 14pt;\"><strong>O reconhecimento da administra\u00e7\u00e3o superior e da Ampal<\/strong><\/span><\/p>\n<p style=\"text-align: justify;\"><span style=\"font-size: 14pt;\">\u201cA sociedade muito espera dos senhores e certamente n\u00e3o se decepcionar\u00e1. Como soldados do Minist\u00e9rio P\u00fablico, temos a certeza que saber\u00e3o honrar a toga que envergar\u00e3o, mantendo-se fi\u00e9is a honestidade e contra a corrup\u00e7\u00e3o. Venham e nos ajudem a levar a luz da verdade onde reinam as trevas da ignor\u00e2ncia; a levar a emancipa\u00e7\u00e3o humana, onde existe a servid\u00e3o; a levar a paz, ali onde impera a viol\u00eancia. Eu espero, meus prezados colegas, que doravante com a chegada de vossas excel\u00eancias, que trazem ideias novas e sangue novo, que o Minist\u00e9rio P\u00fablico se fortale\u00e7a cada vez mais, que o idealismo sempre seja a sua espada e que a honradez e a integridade imaculada lhe sirvam de escudo. Sejam bem-vindos, queridos promotores. Juntem-se a n\u00f3s movidos do sentimento de miseric\u00f3rdia e se transformem na voz daqueles que se calam de medo e sofrem todos os tipos de injusti\u00e7as\u201d, disse a promotora de Justi\u00e7a Adilza In\u00e1cio de Freitas, presidente da Associa\u00e7\u00e3o do Minist\u00e9rio P\u00fablico de Alagoas (Ampal).<\/span><\/p>\n<p style=\"text-align: justify;\"><span style=\"font-size: 14pt;\">O procurador de Justi\u00e7a Marcos M\u00e9ro, que integra o Col\u00e9gio de Procuradores de Justi\u00e7a, tamb\u00e9m fez sauda\u00e7\u00e3o aos empossados. \u201cQuero ser mais um porta-voz de boas-vindas aos novos promotores de Justi\u00e7a. Como na express\u00e3o dita por Jos\u00e9 de Alencar, voc\u00eas viram o sucesso nascer do querer, da determina\u00e7\u00e3o e da persist\u00eancia de se chegar a um objetivo. E tenho dois conselhos a lhes dar: primeiro, recomendo que sempre sigam o caminho da boa conduta, do comportamento louv\u00e1vel, da vida honesta e correta. E, segundo, que nunca deixem que a sua vaidade suplante a sua humildade, sigam a inspira\u00e7\u00e3o de Arist\u00f3teles, que dizia que o \u00faltimo degrau da sabedoria \u00e9 a humildade. Sejamos como o sol, que n\u00e3o visa nenhuma recompensa, nenhum elogio, n\u00e3o espera lucros e nem fama, ele simplesmente brilha. Ent\u00e3o, que brilhem na carreira de voc\u00eas\u201d, disse o procurador.<\/span><\/p>\n<p style=\"text-align: justify;\"><span style=\"font-size: 14pt;\">A solenidade de posse foi encerrada com a fala do procurador-geral de Justi\u00e7a, S\u00e9rgio Juc\u00e1. \u201cO Minist\u00e9rio P\u00fablico tinha em seus quadros 132 membros e, agora, dar posse a mais cinco promotores de Justi\u00e7a, a mais cinco her\u00f3is, her\u00f3is do povo, leg\u00edtimos profissionais incumbidos da defesa do cidad\u00e3o e que visam restaurar o imp\u00e9rio da lei quando os direitos de cada alagoano, de cada brasileiro sofre uma viola\u00e7\u00e3o. Apesar dos obst\u00e1culos, e muitos deles s\u00e3o insuper\u00e1veis por n\u00e3o conseguirmos transp\u00f4r, e um exemplo disso \u00e9 que o procurador-geral de Justi\u00e7a s\u00f3 conseguiu nomear mais cinco promotores, estamos aqui, nesse momento feliz. Que voc\u00eas possam exercer essa voca\u00e7\u00e3o natural a todo membro do Minist\u00e9rio P\u00fablico, que \u00e9 atuar com amor \u00e0 institui\u00e7\u00e3o e agir no ideal de fazer e distribuir justi\u00e7a. Percebi, de logo, ao conhecer Bruno, Maur\u00edcio, Ramon, L\u00eddia e Maria Lu\u00edsa, que eles t\u00eam esse prop\u00f3sito e \u00e9 isso que nos alegra. Vamos juntos, irmanados, formar uma corrente de elos inquebrant\u00e1veis para exercer de forma revelante a nossa atividade funcional. E ela precisa ser relevante para que possamos atender aos hiposuficientes, aos necessitados e deserdados da sorte\u201d, declarou S\u00e9rgio Juc\u00e1.<\/span><\/p>\n<p style=\"text-align: justify;\"><span style=\"font-size: 14pt;\">Os cinco novos membros foram empossados pelo Col\u00e9gio de Procuradores de Justi\u00e7a do Minist\u00e9rio P\u00fablico Estadual de Alagoas, que, na ocasi\u00e3o, contou com as presen\u00e7as dos procuradores S\u00e9rgio Juc\u00e1, Walber Jos\u00e9 Valente de Lima, Ant\u00f4nio Arecippo de Barros Teixeira Neto, Luiz Barbosa Carna\u00faba, Geraldo Magela Barbosa Pirau\u00e1, Dilmar Lopes Camerino, Dennis Lima Calheiros, Jos\u00e9 Artur Melo, Afr\u00e2nio Roberto Pereira de Queiroz, Marcos Barros M\u00e9ro e Denise Guimar\u00e3es de Oliveira. As aus\u00eancias dos demais integrantes do colegiado foram justificadas durante a cerim\u00f4nia.<\/span><\/p>\n<p style=\"text-align: justify;\"><strong><span style=\"font-size: 14pt;\">Atua\u00e7\u00e3o funcional<\/span><\/strong><\/p>\n<p style=\"text-align: justify;\"><span style=\"font-size: 14pt;\">Os cinco novos membros do Minist\u00e9rio P\u00fablico Estadual de Alagoas j\u00e1 definiram os seus locais de trabalho. O promotor de Justi\u00e7a de Boca da Mata, de 1\u00aa entr\u00e2ncia, ser\u00e1 Bruno de Souza Martins Baptista. No munic\u00edpio de Quebrangulo, a Promotoria ser\u00e1 assumida por Maur\u00edcio Mannarino Teixeira Lopes. Ramon Formiga de Oliveira Carvalho ser\u00e1 promotor de Justi\u00e7a da cidade de Teot\u00f4nio Vilela. A promotoria de Paripueira ter\u00e1 L\u00eddia Malta Prata Lima assumindo as atribui\u00e7\u00f5es. E Maria Lu\u00edsa Maia Santos vai assumir a Promotoria de Justi\u00e7a de Cajueiro.<\/span><\/p>\n","protected":false},"excerpt":{"rendered":"<p> [&hellip;]<\/p>\n","protected":false},"author":2,"featured_media":7728,"comment_status":"closed","ping_status":"closed","sticky":false,"template":"","format":"standard","meta":{"om_disable_all_campaigns":false,"_monsterinsights_skip_tracking":false,"_monsterinsights_sitenote_active":false,"_monsterinsights_sitenote_note":"","_monsterinsights_sitenote_category":0,"_uf_show_specific_survey":0,"_uf_disable_surveys":false,"footnotes":""},"categories":[18],"tags":[],"class_list":["post-7727","post","type-post","status-publish","format-standard","has-post-thumbnail","hentry","category-not_concursos"],"aioseo_notices":[],"_links":{"self":[{"href":"https:\/\/www.mpal.mp.br\/index.php?rest_route=\/wp\/v2\/posts\/7727","targetHints":{"allow":["GET"]}}],"collection":[{"href":"https:\/\/www.mpal.mp.br\/index.php?rest_route=\/wp\/v2\/posts"}],"about":[{"href":"https:\/\/www.mpal.mp.br\/index.php?rest_route=\/wp\/v2\/types\/post"}],"author":[{"embeddable":true,"href":"https:\/\/www.mpal.mp.br\/index.php?rest_route=\/wp\/v2\/users\/2"}],"replies":[{"embeddable":true,"href":"https:\/\/www.mpal.mp.br\/index.php?rest_route=%2Fwp%2Fv2%2Fcomments&post=7727"}],"version-history":[{"count":1,"href":"https:\/\/www.mpal.mp.br\/index.php?rest_route=\/wp\/v2\/posts\/7727\/revisions"}],"predecessor-version":[{"id":7729,"href":"https:\/\/www.mpal.mp.br\/index.php?rest_route=\/wp\/v2\/posts\/7727\/revisions\/7729"}],"wp:featuredmedia":[{"embeddable":true,"href":"https:\/\/www.mpal.mp.br\/index.php?rest_route=\/wp\/v2\/media\/7728"}],"wp:attachment":[{"href":"https:\/\/www.mpal.mp.br\/index.php?rest_route=%2Fwp%2Fv2%2Fmedia&parent=7727"}],"wp:term":[{"taxonomy":"category","embeddable":true,"href":"https:\/\/www.mpal.mp.br\/index.php?rest_route=%2Fwp%2Fv2%2Fcategories&post=7727"},{"taxonomy":"post_tag","embeddable":true,"href":"https:\/\/www.mpal.mp.br\/index.php?rest_route=%2Fwp%2Fv2%2Ftags&post=7727"}],"curies":[{"name":"wp","href":"https:\/\/api.w.org\/{rel}","templated":true}]}}