{"id":7719,"date":"2018-07-08T11:37:20","date_gmt":"2018-07-08T14:37:20","guid":{"rendered":"https:\/\/www.mpal.mp.br\/?p=7719"},"modified":"2022-06-01T11:37:41","modified_gmt":"2022-06-01T14:37:41","slug":"milhares-de-candidatos-fazem-as-provas-para-o-concurso-do-ministerio-publico-15-vagas-de-analista-e-tecnico-estao-sendo-disputadas","status":"publish","type":"post","link":"https:\/\/www.mpal.mp.br\/?p=7719","title":{"rendered":"Milhares de candidatos fazem as provas para o concurso do Minist\u00e9rio P\u00fablico; 15 vagas de analista e t\u00e9cnico est\u00e3o sendo disputadas"},"content":{"rendered":"<p style=\"text-align: justify;\"><span style=\"font-size: 14pt;\">Mais de 12 mil candidatos fizeram hoje as provas do concurso para preenchimento de 15 vagas nos quadros do Minist\u00e9rio P\u00fablico do Estado de Alagoas (MPE\/AL). As provas, que foram realizadas nos turnos da manh\u00e3 e tarde, foram aplicadas sem registros de qualquer anormalidade. Ap\u00f3s 48h do certame, o gabarito estar\u00e1 dispon\u00edvel no site da Funda\u00e7\u00e3o Get\u00falio Vargas para confer\u00eancia. O concurso contou com apoio do Batalh\u00e3o de Pol\u00edcia Escolar (BPEsc).<\/span><\/p>\n<p><span style=\"font-size: 14pt;\">No total, foram 6.638 inscritos para concorrer ao cargo de analista. Eles fizeram a prova no turno matutino. J\u00e1 no vespertino, foram mais 5.955 candidatos que v\u00e3o disputar a fun\u00e7\u00e3o de t\u00e9cnico.<\/span><\/p>\n<p><span style=\"font-size: 14pt;\">A aplica\u00e7\u00e3o das provas teve o acompanhamento do procurador-geral de justi\u00e7a, Alfredo Gaspar de Mendon\u00e7a Neto, e da promotora de justi\u00e7as e presidente da Comiss\u00e3o do Concurso, Myria Ferro. \u201cHoje \u00e9 um dia de alegria para o Minist\u00e9rio P\u00fablico, sem d\u00favida alguma. Primeiro, completamos o quadro de promotores de justi\u00e7a da nossa institui\u00e7\u00e3o, colocando um deles em cada munic\u00edpio de Alagoas. Ou seja, 100% do estado est\u00e1 coberto por um membro do MP. Agora, estamos realizando o concurso p\u00fablico para o preenchimento de 15 vagas de analistas e t\u00e9cnicos das mais diferentes \u00e1reas. A meta \u00e9 continuar trabalhando para fechar tamb\u00e9m esse outro quadro\u201d, declarou o chefe do MPE\/AL, demonstrando entusiasmo com a realiza\u00e7\u00e3o do certame.<\/span><\/p>\n<p><span style=\"font-size: 14pt;\">A presidente da comiss\u00e3o do concurso tamb\u00e9m destacou a import\u00e2ncia desse momento para o MP de Alagoas. \u201cO concurso tem um grande significado para a nossa institui\u00e7\u00e3o porque os aprovados v\u00e3o chegar na mesma \u00e9poca que os novos promotores. \u00c9 uma turma que vai oxigenar o Minist\u00e9rio P\u00fablico. E assim, teremos mais servidores na parte t\u00e9cnica para contribuir com o trabalho que j\u00e1 desenvolvemos com tanta dedica\u00e7\u00e3o\u201d, afirmou Myria Ferro.<\/span><\/p>\n<p><span style=\"font-size: 14pt;\">Em declara\u00e7\u00e3o, a coordenadora da equipe da Funda\u00e7\u00e3o Get\u00falio Vargas (FGV), institui\u00e7\u00e3o respons\u00e1vel pelo concurso, Karin Merz, comemorou o \u00eaxito do certame: \u201cOs dois turnos do concurso ocorreram de forma tranquila e sem intercorr\u00eancias. Foi um dia tranquilo\u201d, disse.<\/span><\/p>\n<p><span style=\"font-size: 14pt;\">Ainda segundo ela, para cada escola definida como local de prova, foi designada uma pessoa da FGV, al\u00e9m da fiscaliza\u00e7\u00e3o feita por servidores do Minist\u00e9rio P\u00fablico.<\/span><\/p>\n<p><strong><span style=\"font-size: 14pt;\">A expectativa dos candidatos<\/span><\/strong><\/p>\n<p><span style=\"font-size: 14pt;\">Das 12.593 candidatos que vislumbram uma das vagas ofertadas no Minist\u00e9rio P\u00fablico, foi poss\u00edvel perceber um grande percentual de concurseiros advindos de outros estados, principalmente da regi\u00e3o Nordeste. Sendo o maior n\u00famero de baianos, sergipanos e pernambucanos. Alguns at\u00e9 declararam que, costumeiramente, participam de concursos pelo Brasil e, sobre as provas em Alagoas neste domingo, o n\u00edvel foi considerado \u201calto\u201d.<\/span><\/p>\n<p><span style=\"font-size: 14pt;\">Bruno Moura Souza Le\u00e3o, por exemplo, \u00e9 de Recife\/PE, e concorre a uma das vagas de analista ministerial. Ele disse estar esperan\u00e7oso. \u201cA prova foi tranquila, somente a parte de administra\u00e7\u00e3o achei com um grau maior de dificuldade. Mas estou confiante\u201d, declarou o pernambucano.<\/span><\/p>\n<p><span style=\"font-size: 14pt;\">J\u00e1 Felipe Silva Santos Flores, que \u00e9 microempres\u00e1rio na Para\u00edba, decidiu apostar na estabilidade profissional. Terminando o concurso para o Minist\u00e9rio P\u00fablico, ele j\u00e1 arrumar\u00e1 as malas para concorrer a uma vaga na Pol\u00edcia Legislativa de Bras\u00edlia. \u201cComecei a investir nisso agora, e pretendo me dedicar, mesmo sem ter condi\u00e7\u00f5es de passar tantas horas sobre os livros em fun\u00e7\u00e3o do meu trabalho. Hoje achei a prova dif\u00edcil, principalmente as quest\u00f5es de Direito Penal\u201d, contou ele.<\/span><\/p>\n<p><span style=\"font-size: 14pt;\">Para o alagoano Maxwel Lopes Leite, que j\u00e1 \u00e9 servidor da Eletrobras, n\u00e3o \u00e9 diferente. O prop\u00f3sito \u00e9 continuar insistindo em busca de uma melhor estabilidade. Da mesma forma que Felipe Silva, ele tamb\u00e9m se inscreveu para as duas etapas do concurso do Minist\u00e9rio P\u00fablico, galgando uma vaga para analista, pela manh\u00e3, e para t\u00e9cnico, \u00e0 tarde. \u201cSim, considero-me concurseiro, mas n\u00e3o estudo demasiadamente, apenas entre duas e quatro horas por dia. Sobre as provas, posso afirmar que est\u00e3o f\u00e1ceis, algumas poucas coisas que n\u00e3o estudei que complicaram a resolu\u00e7\u00e3o de alguns quesitos\u201d, afirmou.<\/span><\/p>\n<p><span style=\"font-size: 14pt;\">Certame<\/span><\/p>\n<p><span style=\"font-size: 14pt;\">O concurso do MPE\/AL ficou sob a responsabilidade da Funda\u00e7\u00e3o Get\u00falio Vargas (FGV). As provas objetivas para os cargos de n\u00edveis superior e m\u00e9dio foram compostas por 80 quest\u00f5es de m\u00faltipla escolha, numeradas sequencialmente, com cinco op\u00e7\u00f5es e apenas uma resposta correta. Cada quest\u00e3o vale 1 ponto.<\/span><\/p>\n<p><span style=\"font-size: 14pt;\">Quem concorreu a uma vaga para analista teve de chegar \u00e0s 7h no local das provas, que come\u00e7aram a ser aplicadas \u00e0s 8h. \u00c0 tarde, para o cargo de t\u00e9cnico, os port\u00f5es fecharam \u00e0s 14h.<\/span><\/p>\n<p><span style=\"font-size: 14pt;\">Ao todo foram disponibilizadas 15 vagas, sendo tr\u00eas para o cargo de t\u00e9cnico e as demais para analista, distribu\u00eddas nas \u00e1reas de administrador de rede, comunica\u00e7\u00e3o social, \u00e1rea jur\u00eddica, desenvolvimento de sistemas, administra\u00e7\u00e3o\/gest\u00e3o p\u00fablica, assistente social, administrador de banco de dados, auditor do MP, contador do MP, engenheiro civil, psic\u00f3logo, biblioteconomista.<\/span><\/p>\n","protected":false},"excerpt":{"rendered":"<p> [&hellip;]<\/p>\n","protected":false},"author":2,"featured_media":7720,"comment_status":"open","ping_status":"open","sticky":false,"template":"","format":"standard","meta":{"om_disable_all_campaigns":false,"_monsterinsights_skip_tracking":false,"_monsterinsights_sitenote_active":false,"_monsterinsights_sitenote_note":"","_monsterinsights_sitenote_category":0,"_uf_show_specific_survey":0,"_uf_disable_surveys":false,"footnotes":""},"categories":[18],"tags":[],"class_list":["post-7719","post","type-post","status-publish","format-standard","has-post-thumbnail","hentry","category-not_concursos"],"aioseo_notices":[],"_links":{"self":[{"href":"https:\/\/www.mpal.mp.br\/index.php?rest_route=\/wp\/v2\/posts\/7719","targetHints":{"allow":["GET"]}}],"collection":[{"href":"https:\/\/www.mpal.mp.br\/index.php?rest_route=\/wp\/v2\/posts"}],"about":[{"href":"https:\/\/www.mpal.mp.br\/index.php?rest_route=\/wp\/v2\/types\/post"}],"author":[{"embeddable":true,"href":"https:\/\/www.mpal.mp.br\/index.php?rest_route=\/wp\/v2\/users\/2"}],"replies":[{"embeddable":true,"href":"https:\/\/www.mpal.mp.br\/index.php?rest_route=%2Fwp%2Fv2%2Fcomments&post=7719"}],"version-history":[{"count":2,"href":"https:\/\/www.mpal.mp.br\/index.php?rest_route=\/wp\/v2\/posts\/7719\/revisions"}],"predecessor-version":[{"id":7722,"href":"https:\/\/www.mpal.mp.br\/index.php?rest_route=\/wp\/v2\/posts\/7719\/revisions\/7722"}],"wp:featuredmedia":[{"embeddable":true,"href":"https:\/\/www.mpal.mp.br\/index.php?rest_route=\/wp\/v2\/media\/7720"}],"wp:attachment":[{"href":"https:\/\/www.mpal.mp.br\/index.php?rest_route=%2Fwp%2Fv2%2Fmedia&parent=7719"}],"wp:term":[{"taxonomy":"category","embeddable":true,"href":"https:\/\/www.mpal.mp.br\/index.php?rest_route=%2Fwp%2Fv2%2Fcategories&post=7719"},{"taxonomy":"post_tag","embeddable":true,"href":"https:\/\/www.mpal.mp.br\/index.php?rest_route=%2Fwp%2Fv2%2Ftags&post=7719"}],"curies":[{"name":"wp","href":"https:\/\/api.w.org\/{rel}","templated":true}]}}