{"id":7716,"date":"2018-10-11T11:35:07","date_gmt":"2018-10-11T14:35:07","guid":{"rendered":"https:\/\/www.mpal.mp.br\/?p=7716"},"modified":"2022-06-01T11:36:13","modified_gmt":"2022-06-01T14:36:13","slug":"mpe-al-participa-da-i-mostra-de-processos-do-ministerio-publico","status":"publish","type":"post","link":"https:\/\/www.mpal.mp.br\/?p=7716","title":{"rendered":"MPE\/AL participa da I Mostra de Processos do Minist\u00e9rio P\u00fablico"},"content":{"rendered":"<p style=\"text-align: justify;\"><span style=\"font-size: 14pt;\">O Minist\u00e9rio P\u00fablico do Estado de Alagoas (MPE\/AL), por meio da Assessoria de Planejamento Estrat\u00e9gico (Asplage), participou da I Mostra de Processos com a apresenta\u00e7\u00e3o dos fluxos de trabalho: Reuni\u00e3o de An\u00e1lise Estrat\u00e9gica e Realiza\u00e7\u00e3o de Audi\u00eancias P\u00fablicas. O evento, organizado pelo Conselho Nacional do Minist\u00e9rio P\u00fablico (CNMP), sob a coordena\u00e7\u00e3o do Minist\u00e9rio P\u00fablico de Pernambuco (MPE\/PE), ocorreu em Recife nestas ter\u00e7a (09), quarta (10) e quinta-feira(11) e teve como objetivo disseminar conhecimento e fomentar a cultura de gest\u00e3o de processos, que s\u00e3o os fluxos de trabalho das unidades.<\/span><\/p>\n<p style=\"text-align: justify;\"><span style=\"font-size: 14pt;\">As apresenta\u00e7\u00f5es do MPE\/AL, que aconteceram na quarta (10) e na quinta-feira (11), tiveram a participa\u00e7\u00e3o do chefe do setor de Planejamento Estrat\u00e9gico, o servidor Thiago Alves, que mostrou o funcionamento do processo relativo \u00e0s reuni\u00f5es do Comit\u00ea de Gest\u00e3o do MP\/AL, do chefe do Escrit\u00f3rio de Processos, o servidor Alyson Balbino, que abordou os aspectos t\u00e9cnicos e normativos relevantes para a materializa\u00e7\u00e3o dos fluxos. Em seguida, o promotor de justi\u00e7a Thiago Chacon Delgado enumerou as diversas contribui\u00e7\u00f5es e resultados alcan\u00e7ados apresentando fotos, reportagens dos eventos ap\u00f3s a implementa\u00e7\u00e3o das Audi\u00eancias P\u00fablicas no \u00e2mbito institucional.<\/span><\/p>\n<p style=\"text-align: justify;\"><span style=\"font-size: 14pt;\">Tamb\u00e9m foi demonstrado que o fluxo contribuiu para minimizar a taxa de cadastros equivocados no Sistema Eletr\u00f4nico Judicial &#8211; SAJ\/MP al\u00e9m de aproximar ainda mais a sociedade e o MPE\/AL. Para finalizar o Promotor ratificou a troca de experi\u00eancias e a possibilidade de levar o Minist\u00e9rio P\u00fablico boas pr\u00e1ticas que j\u00e1 est\u00e3o funcionando em outros estados.<\/span><\/p>\n<p style=\"text-align: justify;\"><span style=\"font-size: 14pt;\">Durante a apresenta\u00e7\u00e3o, Thiago Alves mostrou como ocorre o processo de realiza\u00e7\u00e3o da Reuni\u00e3o de An\u00e1lise Estrat\u00e9gica, desde a elabora\u00e7\u00e3o de relat\u00f3rio situacional dos indicadores e metas do Plano Geral de Atua\u00e7\u00e3o at\u00e9 realiza\u00e7\u00e3o da reuni\u00e3o com a elabora\u00e7\u00e3o de ata com as delibera\u00e7\u00f5es realizadas durante a RAE.<\/span><\/p>\n<p style=\"text-align: justify;\"><span style=\"font-size: 14pt;\">Outro ponto abordado foi o apoio do Procurador-Geral de Justi\u00e7a de Alagoas, Alfredo Gaspar de Mendon\u00e7a, ao Planejamento Estrat\u00e9gico do MPAL, abra\u00e7ando a cultura de planejamento na institui\u00e7\u00e3o como ponto essencial de sua administra\u00e7\u00e3o.<\/span><\/p>\n<p style=\"text-align: justify;\"><span style=\"font-size: 14pt;\">Por fim, o chefe da Se\u00e7\u00e3o de Planejamento Estrat\u00e9gico enfatizou os resultados da implementa\u00e7\u00e3o do fluxo da Reuni\u00e3o de An\u00e1lise Estrat\u00e9gica, tais como o acompanhamento mais efetivo das metas estabelecidas no Plano Institucional e Plano Geral de Atua\u00e7\u00e3o, o maior alinhamento com o Plano Estrat\u00e9gico Institucional e a maior efic\u00e1cia na solu\u00e7\u00e3o de entraves \u00e0 execu\u00e7\u00e3o do Plano Estrat\u00e9gico Institucional e Plano Geral de Atua\u00e7\u00e3o.<\/span><\/p>\n<p style=\"text-align: justify;\"><span style=\"font-size: 14pt;\">\u201cConstruir processos de atividade significa maior organiza\u00e7\u00e3o, economia de tempo e de trabalho para o MPE\/AL. Estamos engajando servidores e membros para que possamos os objetivos planejados para a institui\u00e7\u00e3o. Tivemos a chance, aqui na I Mostra de Processos, de expor como o Minist\u00e9rio P\u00fablico de Alagoas tem trabalhado para otimizar seus fluxos de trabalho e o perfil pr\u00f3-ativo que o \u00f3rg\u00e3o ministerial vem adotando em Alagoas\u201d, disse a promotora Stela Cavalcanti, Assessora de Planejamento Estrat\u00e9gico do MPE\/AL.<\/span><\/p>\n","protected":false},"excerpt":{"rendered":"<p> [&hellip;]<\/p>\n","protected":false},"author":2,"featured_media":7717,"comment_status":"open","ping_status":"open","sticky":false,"template":"","format":"standard","meta":{"om_disable_all_campaigns":false,"_monsterinsights_skip_tracking":false,"_monsterinsights_sitenote_active":false,"_monsterinsights_sitenote_note":"","_monsterinsights_sitenote_category":0,"_uf_show_specific_survey":0,"_uf_disable_surveys":false,"footnotes":""},"categories":[18],"tags":[],"class_list":["post-7716","post","type-post","status-publish","format-standard","has-post-thumbnail","hentry","category-not_concursos"],"aioseo_notices":[],"_links":{"self":[{"href":"https:\/\/www.mpal.mp.br\/index.php?rest_route=\/wp\/v2\/posts\/7716","targetHints":{"allow":["GET"]}}],"collection":[{"href":"https:\/\/www.mpal.mp.br\/index.php?rest_route=\/wp\/v2\/posts"}],"about":[{"href":"https:\/\/www.mpal.mp.br\/index.php?rest_route=\/wp\/v2\/types\/post"}],"author":[{"embeddable":true,"href":"https:\/\/www.mpal.mp.br\/index.php?rest_route=\/wp\/v2\/users\/2"}],"replies":[{"embeddable":true,"href":"https:\/\/www.mpal.mp.br\/index.php?rest_route=%2Fwp%2Fv2%2Fcomments&post=7716"}],"version-history":[{"count":1,"href":"https:\/\/www.mpal.mp.br\/index.php?rest_route=\/wp\/v2\/posts\/7716\/revisions"}],"predecessor-version":[{"id":7718,"href":"https:\/\/www.mpal.mp.br\/index.php?rest_route=\/wp\/v2\/posts\/7716\/revisions\/7718"}],"wp:featuredmedia":[{"embeddable":true,"href":"https:\/\/www.mpal.mp.br\/index.php?rest_route=\/wp\/v2\/media\/7717"}],"wp:attachment":[{"href":"https:\/\/www.mpal.mp.br\/index.php?rest_route=%2Fwp%2Fv2%2Fmedia&parent=7716"}],"wp:term":[{"taxonomy":"category","embeddable":true,"href":"https:\/\/www.mpal.mp.br\/index.php?rest_route=%2Fwp%2Fv2%2Fcategories&post=7716"},{"taxonomy":"post_tag","embeddable":true,"href":"https:\/\/www.mpal.mp.br\/index.php?rest_route=%2Fwp%2Fv2%2Ftags&post=7716"}],"curies":[{"name":"wp","href":"https:\/\/api.w.org\/{rel}","templated":true}]}}