{"id":7687,"date":"2019-09-04T10:17:49","date_gmt":"2019-09-04T13:17:49","guid":{"rendered":"https:\/\/www.mpal.mp.br\/?p=7687"},"modified":"2025-06-18T11:09:40","modified_gmt":"2025-06-18T14:09:40","slug":"gaesf-doa-equipamentos-para-a-secretaria-de-ressocializacao-e-pericia-oficial","status":"publish","type":"post","link":"https:\/\/www.mpal.mp.br\/?p=7687","title":{"rendered":"Gaesf doa equipamentos para a Secretaria de Ressocializa\u00e7\u00e3o e Per\u00edcia Oficial"},"content":{"rendered":"<p style=\"text-align: justify;\" data-raofz=\"14\"><span style=\"font-size: 14pt;\">As opera\u00e7\u00f5es do Grupo de Atua\u00e7\u00e3o Especial de Combate \u00e0 Sonega\u00e7\u00e3o Fiscal (Gaesf), do Minist\u00e9rio P\u00fablico do Estado de Alagoas (MPE\/AL), t\u00eam desarticulado grupos criminosos que lesam o Estado em diversos ramos. Dezenas de pris\u00f5es e milhares de apreens\u00f5es j\u00e1 constam no registro dos seus integrantes que, tamb\u00e9m, t\u00eam criado oportunidades para, de alguma forma, beneficiar outras institui\u00e7\u00f5es com doa\u00e7\u00f5es de equipamentos e ve\u00edculos que auxiliem no desenvolvimento de suas atividades. Dessa vez, o desfecho da Opera\u00e7\u00e3o Equis Viris contempla a Secretaria de Estado de Ressocializa\u00e7\u00e3o e a Per\u00edcia Oficial.<\/span><\/p>\n<p style=\"text-align: justify;\" data-raofz=\"14\"><span style=\"font-size: 14pt;\">Os itens foram viabilizados por meio de Termo de Ajustamento de Conduta (TAC), celebrado entre o Gaesf e um colaborador. A Seris foi contemplada com dois detectores de metal \u2013 equipamento imprescind\u00edvel no sistema prisional \u2013 e uma fragmentadora de papel, mas j\u00e1 havia recebido 10 fones de ouvido.<\/span><\/p>\n<p style=\"text-align: justify;\" data-raofz=\"14\"><span style=\"font-size: 14pt;\">J\u00e1 Per\u00edcia Oficial, que tamb\u00e9m tem sido muito parceira nas opera\u00e7\u00f5es desencadeadas pelo Gaesf, recebeu dois fones de ouvido Roland Rh-300, um Octoplus Pro Box, um kit ferramentas de aparelhos celulares, dois Hds internos 4tb e mais dois Hds externos port\u00e1teis 4tb.<\/span><\/p>\n<p style=\"text-align: justify;\" data-raofz=\"14\"><span style=\"font-size: 14pt;\">Para os promotores de Justi\u00e7a que comp\u00f5em o Gaesf, tudo isso \u00e9 gratificante porque colaboram de diversas formas com a popula\u00e7\u00e3o alagoana.<\/span><\/p>\n<p style=\"text-align: justify;\" data-raofz=\"14\"><span style=\"font-size: 14pt;\">\u201cEsse tipo de retorno que o Gaesf d\u00e1 para a sociedade traz muita satisfa\u00e7\u00e3o pra n\u00f3s, em especial porque empres\u00e1rios passaram a assinar colabora\u00e7\u00e3o premiada e, com isso, ajudam o Minist\u00e9rio P\u00fablico a desvendar uma s\u00e9rie de il\u00edcitos, inclusive pagando d\u00edvidas tribut\u00e1rias com o Estado. Al\u00e9m disso, por meio de TACs assinados, conseguimos fornecer materiais para v\u00e1rios \u00f3rg\u00e3os p\u00fablicos , seja a pol\u00edcia, \u00f3rg\u00e3os da \u00e1rea da Sa\u00fade, a Seris, a Per\u00edcia entre outros\u201d, declaram .<\/span><\/p>\n<p style=\"text-align: justify;\" data-raofz=\"14\"><span style=\"font-size: 14pt;\">Eles lembram que o Gaesf j\u00e1 doou ve\u00edculos e aparelhos de ar condicionado para a Pol\u00edcia Civil e afirmam que \u00e9 importante saber que podem contribuir muito mais.<\/span><\/p>\n<p style=\"text-align: justify;\" data-raofz=\"14\"><span style=\"font-size: 14pt;\">\u2018\u00c9 muito bom constatar a valoriza\u00e7\u00e3o do nosso trabalho, em especial nesses crimes de colarinho branco que englobam lavagem, corrup\u00e7\u00e3o, onde os criminosos dilapidam o patrim\u00f4nio do Estado. A atua\u00e7\u00e3o do Gaesf busca reprimir crimes tribut\u00e1rios e lavagem de bens, revertendo os resultados em prol do Estado e da sociedade. H\u00e1 outras investiga\u00e7\u00f5es e acordos em andamento conforme cronograma de trabalho preestabelecido em conjunto com a Secretaria de Fazenda\u201d, ressaltam os membros do MP.<\/span><\/p>\n<p style=\"text-align: justify;\" data-raofz=\"14\"><span style=\"font-size: 14pt;\">Os promotores enfatizam a import\u00e2ncia das parcerias com o Gaesf, lembrando que o \u00eaxito do Minist\u00e9rio P\u00fablico, para o atingimento dos resultados, conta com o apoio da Secretaria de Fazenda (SEFAZ-AL), das pol\u00edcias Civil e Militar, da Pol\u00edcia Rodovi\u00e1ria Federal, do Instituto de Criminal\u00edstica e da Procuradoria Geral do Estado.<\/span><\/p>\n<p style=\"text-align: justify;\" data-raofz=\"14\"><span style=\"font-size: 14pt;\">Opera\u00e7\u00e3o<\/span><\/p>\n<p style=\"text-align: justify;\" data-raofz=\"14\"><span style=\"font-size: 14pt;\">O nome desta opera\u00e7\u00e3o, \u201cEquis Viris\u201d, vem do latim, que na l\u00edngua portuguesa significa \u201ccom unhas e dentes\u201d. O termo fez refer\u00eancia \u00e0 voracidade com que os agentes p\u00fablicos exigiam dinheiro em troca de facilidades tribut\u00e1rias, segundo o Gaesf.<\/span><\/p>\n<p style=\"text-align: justify;\" data-raofz=\"14\"><span style=\"font-size: 14pt;\">Na \u201cOpera\u00e7\u00e3o Equis Viris\u201d, um empres\u00e1rio teria pago propina a dois agentes p\u00fablicos de Alagoas visando obter facilidades em rela\u00e7\u00e3o a aspectos tribut\u00e1rios.<\/span><\/p>\n","protected":false},"excerpt":{"rendered":"<p> [&hellip;]<\/p>\n","protected":false},"author":4,"featured_media":7688,"comment_status":"closed","ping_status":"closed","sticky":false,"template":"","format":"standard","meta":{"om_disable_all_campaigns":false,"_monsterinsights_skip_tracking":false,"_monsterinsights_sitenote_active":false,"_monsterinsights_sitenote_note":"","_monsterinsights_sitenote_category":0,"_uf_show_specific_survey":0,"_uf_disable_surveys":false,"footnotes":""},"categories":[24],"tags":[],"class_list":["post-7687","post","type-post","status-publish","format-standard","has-post-thumbnail","hentry","category-not_gaesf"],"aioseo_notices":[],"_links":{"self":[{"href":"https:\/\/www.mpal.mp.br\/index.php?rest_route=\/wp\/v2\/posts\/7687","targetHints":{"allow":["GET"]}}],"collection":[{"href":"https:\/\/www.mpal.mp.br\/index.php?rest_route=\/wp\/v2\/posts"}],"about":[{"href":"https:\/\/www.mpal.mp.br\/index.php?rest_route=\/wp\/v2\/types\/post"}],"author":[{"embeddable":true,"href":"https:\/\/www.mpal.mp.br\/index.php?rest_route=\/wp\/v2\/users\/4"}],"replies":[{"embeddable":true,"href":"https:\/\/www.mpal.mp.br\/index.php?rest_route=%2Fwp%2Fv2%2Fcomments&post=7687"}],"version-history":[{"count":1,"href":"https:\/\/www.mpal.mp.br\/index.php?rest_route=\/wp\/v2\/posts\/7687\/revisions"}],"predecessor-version":[{"id":7689,"href":"https:\/\/www.mpal.mp.br\/index.php?rest_route=\/wp\/v2\/posts\/7687\/revisions\/7689"}],"wp:featuredmedia":[{"embeddable":true,"href":"https:\/\/www.mpal.mp.br\/index.php?rest_route=\/wp\/v2\/media\/7688"}],"wp:attachment":[{"href":"https:\/\/www.mpal.mp.br\/index.php?rest_route=%2Fwp%2Fv2%2Fmedia&parent=7687"}],"wp:term":[{"taxonomy":"category","embeddable":true,"href":"https:\/\/www.mpal.mp.br\/index.php?rest_route=%2Fwp%2Fv2%2Fcategories&post=7687"},{"taxonomy":"post_tag","embeddable":true,"href":"https:\/\/www.mpal.mp.br\/index.php?rest_route=%2Fwp%2Fv2%2Ftags&post=7687"}],"curies":[{"name":"wp","href":"https:\/\/api.w.org\/{rel}","templated":true}]}}