{"id":7607,"date":"2020-07-09T08:50:33","date_gmt":"2020-07-09T11:50:33","guid":{"rendered":"https:\/\/www.mpal.mp.br\/?p=7607"},"modified":"2023-04-24T09:18:14","modified_gmt":"2023-04-24T12:18:14","slug":"pgj-marcio-roberto-nomeia-novos-integrantes-do-gaeco-e-gaesf-grupos-especiais-prenderam-457-pessoas-nos-ultimos-tres-anos","status":"publish","type":"post","link":"https:\/\/www.mpal.mp.br\/?p=7607","title":{"rendered":"PGJ M\u00e1rcio Roberto nomeia novos integrantes do Gaeco e Gaesf; grupos especiais prenderam 457 pessoas nos \u00faltimos tr\u00eas anos"},"content":{"rendered":"<p style=\"text-align: justify;\" data-raofz=\"14\"><span style=\"font-size: 14pt;\" data-raofz=\"13\">O procurador-geral de justi\u00e7a, M\u00e1rcio Roberto Ten\u00f3rio de Albuquerque, j\u00e1 nomeou os novos integrantes do Grupo de Atua\u00e7\u00e3o Especial de Combate \u00e0s Organiza\u00e7\u00f5es Criminosas (Gaeco) e do Grupo de Atua\u00e7\u00e3o Especial de Combate \u00e0 Sonega\u00e7\u00e3o Fiscal e aos Crimes Contra a Ordem Tribut\u00e1ria, Econ\u00f4mica e Conexos (Gaesf) do Minist\u00e9rio P\u00fablico Estadual de Alagoas (MPAL). Os promotores de justi\u00e7a que agora comp\u00f5em a mais recente forma\u00e7\u00e3o dos dois colegiados j\u00e1 come\u00e7aram a trabalhar nas investiga\u00e7\u00f5es que est\u00e3o em curso na institui\u00e7\u00e3o.<\/span><\/p>\n<p style=\"text-align: justify;\" data-raofz=\"14\"><span style=\"font-size: 14pt;\" data-raofz=\"13\">De acordo com o chefe do MPAL, a nova composi\u00e7\u00e3o em nada mudar\u00e1 a atua\u00e7\u00e3o do Gaeco e do Gaesf, que s\u00e3o dois bra\u00e7os fortes e de apoio \u00e0 administra\u00e7\u00e3o superior: \u201cO Gaeco tem um papel important\u00edssimo no enfrentamento \u00e0 corrup\u00e7\u00e3o e aos crimes de colarinho branco, al\u00e9m do tr\u00e1fico de drogas e armas. J\u00e1 o Gaesf atua recuperando impostos que foram sonegados, tipo de crime que gera um enorme preju\u00edzo ao tesouro estadual. Os dois \u00f3rg\u00e3os seguir\u00e3o cumprindo o seu fundamental papel. A mudan\u00e7a ocorrida \u00e9 rotineira e os novos integrantes, tenho certeza, v\u00e3o continuar desenvolvendo um grande trabalho\u201d, afirmou M\u00e1rcio Roberto Ten\u00f3rio de Albuquerque.<\/span><\/p>\n<p style=\"text-align: justify;\" data-raofz=\"14\"><span style=\"font-size: 14pt;\" data-raofz=\"13\">Para o Gaeco foram nomeados os promotores Thiago Chacon e Martha Bueno, e o promotor Kleber Valadares ser\u00e1 designado em breve para a mesma miss\u00e3o. Antonio Luiz dos Santos Filho seguir\u00e1 coordenando o Grupo, que continuar\u00e1 ainda com Ham\u00edlton Carneiro e El\u00edsio Maia. J\u00e1 o Gaesf conta atualmente com os promotores de justi\u00e7a Mar\u00edlia Cerqueira e Anderson Cl\u00e1udio de Almeida, e vai permanecer com Cyro Blatter no comando.<\/span><\/p>\n<p style=\"text-align: justify;\" data-raofz=\"14\"><span style=\"font-size: 14pt;\"><strong>Os dados do Gaeco e Gaesf<\/strong><\/span><\/p>\n<p style=\"text-align: justify;\" data-raofz=\"14\"><span style=\"font-size: 14pt;\" data-raofz=\"13\">O Gaeco tem atuado incessantemente para desbaratar quadrilhas que insistem em praticar os mais diferentes tipos de crimes, como tr\u00e1fico de entorpecentes e armas, estelionato, fraudes e aqueles que objetivam desviar recursos p\u00fablicos. Para se ter uma ideia da operacionalidade da equipe, somente nos tr\u00eas \u00faltimos anos, as opera\u00e7\u00f5es resultaram em 381 pris\u00f5es e 956 mandados de busca e apreens\u00e3o.<\/span><\/p>\n<p style=\"text-align: justify;\" data-raofz=\"14\"><span style=\"font-size: 14pt;\" data-raofz=\"13\">O Grupo soma tamb\u00e9m 127 a\u00e7\u00f5es penais ajuizadas contra 1.359 denunciados. Tais n\u00fameros s\u00e3o resultados de 137 procedimentos investigat\u00f3rios criminais (PICs) instaurados entre 2017 e fevereiro deste ano.<\/span><\/p>\n<p style=\"text-align: justify;\" data-raofz=\"14\"><span style=\"font-size: 14pt;\" data-raofz=\"13\">J\u00e1 o Gaesf, cuja miss\u00e3o maior \u00e9 recuperar recursos que foram sonegados por grandes empresas, cuja atua\u00e7\u00e3o \u00e9 feita em parceria com a Secretaria de Estado da Fazenda (Sefaz), a Procuradoria-Geral do Estado e as Pol\u00edcias Civil e Militar, est\u00e1 mais de R$ 444 milh\u00f5es em impostos sonegados em processo de recupera\u00e7\u00e3o. Tal n\u00famero \u00e9 resultado de 15 opera\u00e7\u00f5es que tiveram 76 pessoas presas e 258 mandados de busca e apreens\u00e3o expedidos.<\/span><\/p>\n<p style=\"text-align: justify;\" data-raofz=\"14\"><span style=\"font-size: 14pt;\" data-raofz=\"13\">Al\u00e9m do dinheiro devolvido aos cofres p\u00fablicos, o colegiado tamb\u00e9m conseguiu converter os recursos sonegados em dois ve\u00edculos \u00e0 Pol\u00edcia Civil, duas caminhonetes para a Uncisal, uma casa doada para servir de ambulat\u00f3rio da Uncisal, um im\u00f3vel para a Deic da Pol\u00edcia Civil e uma sala para o estado de Alagoas. Al\u00e9m disso, est\u00e3o em processo final de doa\u00e7\u00e3o um ve\u00edculo para o comando da Pol\u00edcia Militar e um terreno para servir de constru\u00e7\u00e3o para uma unidade da PM em Macei\u00f3.<\/span><\/p>\n","protected":false},"excerpt":{"rendered":"<p> [&hellip;]<\/p>\n","protected":false},"author":5,"featured_media":7609,"comment_status":"closed","ping_status":"closed","sticky":false,"template":"","format":"standard","meta":{"om_disable_all_campaigns":false,"_monsterinsights_skip_tracking":false,"_monsterinsights_sitenote_active":false,"_monsterinsights_sitenote_note":"","_monsterinsights_sitenote_category":0,"_uf_show_specific_survey":0,"_uf_disable_surveys":false,"footnotes":""},"categories":[23,24],"tags":[],"class_list":["post-7607","post","type-post","status-publish","format-standard","has-post-thumbnail","hentry","category-not_gaeco","category-not_gaesf"],"aioseo_notices":[],"_links":{"self":[{"href":"https:\/\/www.mpal.mp.br\/index.php?rest_route=\/wp\/v2\/posts\/7607","targetHints":{"allow":["GET"]}}],"collection":[{"href":"https:\/\/www.mpal.mp.br\/index.php?rest_route=\/wp\/v2\/posts"}],"about":[{"href":"https:\/\/www.mpal.mp.br\/index.php?rest_route=\/wp\/v2\/types\/post"}],"author":[{"embeddable":true,"href":"https:\/\/www.mpal.mp.br\/index.php?rest_route=\/wp\/v2\/users\/5"}],"replies":[{"embeddable":true,"href":"https:\/\/www.mpal.mp.br\/index.php?rest_route=%2Fwp%2Fv2%2Fcomments&post=7607"}],"version-history":[{"count":1,"href":"https:\/\/www.mpal.mp.br\/index.php?rest_route=\/wp\/v2\/posts\/7607\/revisions"}],"predecessor-version":[{"id":7610,"href":"https:\/\/www.mpal.mp.br\/index.php?rest_route=\/wp\/v2\/posts\/7607\/revisions\/7610"}],"wp:featuredmedia":[{"embeddable":true,"href":"https:\/\/www.mpal.mp.br\/index.php?rest_route=\/wp\/v2\/media\/7609"}],"wp:attachment":[{"href":"https:\/\/www.mpal.mp.br\/index.php?rest_route=%2Fwp%2Fv2%2Fmedia&parent=7607"}],"wp:term":[{"taxonomy":"category","embeddable":true,"href":"https:\/\/www.mpal.mp.br\/index.php?rest_route=%2Fwp%2Fv2%2Fcategories&post=7607"},{"taxonomy":"post_tag","embeddable":true,"href":"https:\/\/www.mpal.mp.br\/index.php?rest_route=%2Fwp%2Fv2%2Ftags&post=7607"}],"curies":[{"name":"wp","href":"https:\/\/api.w.org\/{rel}","templated":true}]}}