{"id":74868,"date":"2026-09-04T16:21:36","date_gmt":"2026-09-04T19:21:36","guid":{"rendered":"https:\/\/www.mpal.mp.br\/?p=74868"},"modified":"2026-09-04T16:23:08","modified_gmt":"2026-09-04T19:23:08","slug":"mpal-inspeciona-creas-de-branquinha-e-murici-para-averiguar-estrutura-fisica-e-qualidade-no-atendimento","status":"publish","type":"post","link":"https:\/\/www.mpal.mp.br\/?p=74868","title":{"rendered":"MPAL inspeciona CRAS de Branquinha e Murici para averiguar estrutura f\u00edsica e qualidade no atendimento"},"content":{"rendered":"<div class=\"fusion-fullwidth fullwidth-box fusion-builder-row-1 nonhundred-percent-fullwidth non-hundred-percent-height-scrolling\"  style='background-color: #ffffff;background-position: center center;background-repeat: no-repeat;padding-top:0px;padding-right:0px;padding-bottom:0px;padding-left:0px;'><div class=\"fusion-builder-row fusion-row \"><div  class=\"fusion-layout-column fusion_builder_column fusion_builder_column_1_1 fusion-builder-column-1 fusion-one-full fusion-column-first fusion-column-last 1_1\"  style='margin-top:0px;margin-bottom:0px;'>\n\t\t\t\t\t<div class=\"fusion-column-wrapper\" style=\"padding: 0px 0px 0px 0px;background-position:left top;background-repeat:no-repeat;-webkit-background-size:cover;-moz-background-size:cover;-o-background-size:cover;background-size:cover;\"   data-bg-url=\"\">\n\t\t\t\t\t\t<div class=\"fusion-text\"><p style=\"text-align: justify;\" align=\"justify\"><span style=\"font-family: helvetica, arial, sans-serif;\">Com o prop\u00f3sito de averiguar as condi\u00e7\u00f5es estruturais e a qualidade no atendimento \u00e0s fam\u00edlias em estado de vulnerabilidade social, o Minist\u00e9rio P\u00fablico de Alagoas (MPAL), por meio da Promotoria de Justi\u00e7a de Murici, realizou, nessa quinta-feira (3), uma inspe\u00e7\u00e3o aos Centros de Refer\u00eancia de Assist\u00eancia Social (CRAS) local e, tamb\u00e9m, do munic\u00edpio de Branquinha.<\/span><\/p>\n<p style=\"text-align: justify;\" align=\"justify\"><span style=\"font-family: helvetica, arial, sans-serif;\">De acordo com a promotora de Justi\u00e7a Ilda Regina, durante a fiscaliza\u00e7\u00e3o foram avaliados aspectos considerados indispens\u00e1veis para garantir o pleno funcionamento das unidades, incluindo a adequa\u00e7\u00e3o da estrutura f\u00edsica, se h\u00e1 equipes suficientes para promover uma assist\u00eancia adequada \u00e0s fam\u00edlias em situa\u00e7\u00e3o de risco social ou pessoal.<\/span><\/p>\n<p style=\"text-align: justify;\" align=\"justify\"><span style=\"font-family: helvetica, arial, sans-serif;\">A a\u00e7\u00e3o serviu, tamb\u00e9m, para mapear a articula\u00e7\u00e3o da rede intersetorial, ou seja, verificar como est\u00e1 a a\u00e7\u00e3o integrada dos \u00f3rg\u00e3os municipais no processo assistencial e conhecer as principais dificuldades operacionais enfrentadas pelas unidades do Cras nos dois munic\u00edpios. O objetivo \u00e9 buscar o aprimoramento da prote\u00e7\u00e3o social b\u00e1sica na regi\u00e3o.<\/span><\/p>\n<p style=\"text-align: justify;\"><span style=\"font-family: helvetica, arial, sans-serif;\">Somente para ressaltar, o Cras tem como fun\u00e7\u00e3o trabalhar a preven\u00e7\u00e3o dando o suporte necess\u00e1rio \u00e0s fam\u00edlias e, dessa forma, garantir que os seus direitos sejam respeitados, afastando-as dos riscos sociais e de vulnerabilidade.<\/span><\/p>\n<\/div><style type=\"text\/css\">.fusion-gallery-1 .fusion-gallery-image {border:0px solid #f6f6f6;-webkit-border-radius:5px;-moz-border-radius:5px;border-radius:5px;}<\/style><div class=\"fusion-gallery fusion-gallery-container fusion-grid-3 fusion-columns-total-0 fusion-gallery-layout-grid fusion-gallery-1\" style=\"margin:-5px;\"><div style=\"padding:5px;\" class=\"fusion-grid-column fusion-gallery-column fusion-gallery-column-3 hover-type-none\"><div class=\"fusion-gallery-image\"><a href=\"https:\/\/www.mpal.mp.br\/wp-content\/uploads\/2026\/09\/Dra-Ilda-CRAS.jpeg\" rel=\"noreferrer\" data-rel=\"iLightbox[gallery_image_1]\" class=\"fusion-lightbox\" target=\"_self\"><img loading=\"lazy\" decoding=\"async\" src=\"https:\/\/www.mpal.mp.br\/wp-content\/uploads\/2026\/09\/Dra-Ilda-CRAS.jpeg\" width=\"960\" height=\"540\" alt=\"\" title=\"Dra Ilda CRAS\" aria-label=\"Dra Ilda CRAS\" class=\"img-responsive wp-image-74869\" \/><\/a><\/div><\/div><div style=\"padding:5px;\" class=\"fusion-grid-column fusion-gallery-column fusion-gallery-column-3 hover-type-none\"><div class=\"fusion-gallery-image\"><a href=\"https:\/\/www.mpal.mp.br\/wp-content\/uploads\/2026\/09\/Dra-Ilda-CRAS2.jpeg\" rel=\"noreferrer\" data-rel=\"iLightbox[gallery_image_1]\" class=\"fusion-lightbox\" target=\"_self\"><img loading=\"lazy\" decoding=\"async\" src=\"https:\/\/www.mpal.mp.br\/wp-content\/uploads\/2026\/09\/Dra-Ilda-CRAS2.jpeg\" width=\"1280\" height=\"720\" alt=\"\" title=\"Dra Ilda CRAS2\" aria-label=\"Dra Ilda CRAS2\" class=\"img-responsive wp-image-74870\" \/><\/a><\/div><\/div><div style=\"padding:5px;\" class=\"fusion-grid-column fusion-gallery-column fusion-gallery-column-3 hover-type-none\"><div class=\"fusion-gallery-image\"><a href=\"https:\/\/www.mpal.mp.br\/wp-content\/uploads\/2026\/09\/Dra-Ilda-CRAS3.jpeg\" rel=\"noreferrer\" data-rel=\"iLightbox[gallery_image_1]\" class=\"fusion-lightbox\" target=\"_self\"><img loading=\"lazy\" decoding=\"async\" src=\"https:\/\/www.mpal.mp.br\/wp-content\/uploads\/2026\/09\/Dra-Ilda-CRAS3.jpeg\" width=\"960\" height=\"540\" alt=\"\" title=\"Dra Ilda CRAS3\" aria-label=\"Dra Ilda CRAS3\" class=\"img-responsive wp-image-74871\" \/><\/a><\/div><\/div><div class=\"clearfix\"><\/div><div style=\"padding:5px;\" class=\"fusion-grid-column fusion-gallery-column fusion-gallery-column-3 hover-type-none\"><div class=\"fusion-gallery-image\"><a href=\"https:\/\/www.mpal.mp.br\/wp-content\/uploads\/2026\/09\/Dra-Ilda4.jpeg\" rel=\"noreferrer\" data-rel=\"iLightbox[gallery_image_1]\" class=\"fusion-lightbox\" target=\"_self\"><img loading=\"lazy\" decoding=\"async\" src=\"https:\/\/www.mpal.mp.br\/wp-content\/uploads\/2026\/09\/Dra-Ilda4.jpeg\" width=\"960\" height=\"540\" alt=\"\" title=\"Dra Ilda4\" aria-label=\"Dra Ilda4\" class=\"img-responsive wp-image-74872\" \/><\/a><\/div><\/div><\/div><div class=\"fusion-clearfix\"><\/div>\n\n\t\t\t\t\t<\/div>\n\t\t\t\t<\/div><\/div><\/div>\n","protected":false},"excerpt":{"rendered":"","protected":false},"author":8,"featured_media":74871,"comment_status":"open","ping_status":"open","sticky":false,"template":"","format":"standard","meta":{"om_disable_all_campaigns":false,"_monsterinsights_skip_tracking":false,"_monsterinsights_sitenote_active":false,"_monsterinsights_sitenote_note":"","_monsterinsights_sitenote_category":0,"_uf_show_specific_survey":0,"_uf_disable_surveys":false,"footnotes":""},"categories":[2],"tags":[],"class_list":["post-74868","post","type-post","status-publish","format-standard","has-post-thumbnail","hentry","category-not_mpal"],"aioseo_notices":[],"_links":{"self":[{"href":"https:\/\/www.mpal.mp.br\/index.php?rest_route=\/wp\/v2\/posts\/74868","targetHints":{"allow":["GET"]}}],"collection":[{"href":"https:\/\/www.mpal.mp.br\/index.php?rest_route=\/wp\/v2\/posts"}],"about":[{"href":"https:\/\/www.mpal.mp.br\/index.php?rest_route=\/wp\/v2\/types\/post"}],"author":[{"embeddable":true,"href":"https:\/\/www.mpal.mp.br\/index.php?rest_route=\/wp\/v2\/users\/8"}],"replies":[{"embeddable":true,"href":"https:\/\/www.mpal.mp.br\/index.php?rest_route=%2Fwp%2Fv2%2Fcomments&post=74868"}],"version-history":[{"count":2,"href":"https:\/\/www.mpal.mp.br\/index.php?rest_route=\/wp\/v2\/posts\/74868\/revisions"}],"predecessor-version":[{"id":74874,"href":"https:\/\/www.mpal.mp.br\/index.php?rest_route=\/wp\/v2\/posts\/74868\/revisions\/74874"}],"wp:featuredmedia":[{"embeddable":true,"href":"https:\/\/www.mpal.mp.br\/index.php?rest_route=\/wp\/v2\/media\/74871"}],"wp:attachment":[{"href":"https:\/\/www.mpal.mp.br\/index.php?rest_route=%2Fwp%2Fv2%2Fmedia&parent=74868"}],"wp:term":[{"taxonomy":"category","embeddable":true,"href":"https:\/\/www.mpal.mp.br\/index.php?rest_route=%2Fwp%2Fv2%2Fcategories&post=74868"},{"taxonomy":"post_tag","embeddable":true,"href":"https:\/\/www.mpal.mp.br\/index.php?rest_route=%2Fwp%2Fv2%2Ftags&post=74868"}],"curies":[{"name":"wp","href":"https:\/\/api.w.org\/{rel}","templated":true}]}}