{"id":74848,"date":"2026-09-04T14:12:18","date_gmt":"2026-09-04T17:12:18","guid":{"rendered":"https:\/\/www.mpal.mp.br\/?p=74848"},"modified":"2026-09-04T14:14:19","modified_gmt":"2026-09-04T17:14:19","slug":"plano-geral-de-atuacao-2027-2029-mpal-conhece-experiencia-do-observatorio-da-casa-da-industria-para-troca-de-informacoes-e-experiencias","status":"publish","type":"post","link":"https:\/\/www.mpal.mp.br\/?p=74848","title":{"rendered":"Plano Geral de Atua\u00e7\u00e3o 2027-2029: MPAL conhece experi\u00eancia do Observat\u00f3rio da Casa da Ind\u00fastria para troca de informa\u00e7\u00f5es e experi\u00eancias"},"content":{"rendered":"<div class=\"fusion-fullwidth fullwidth-box fusion-builder-row-1 nonhundred-percent-fullwidth non-hundred-percent-height-scrolling\"  style='background-color: #ffffff;background-position: center center;background-repeat: no-repeat;padding-top:0px;padding-right:0px;padding-bottom:0px;padding-left:0px;'><div class=\"fusion-builder-row fusion-row \"><div  class=\"fusion-layout-column fusion_builder_column fusion_builder_column_1_1 fusion-builder-column-1 fusion-one-full fusion-column-first fusion-column-last 1_1\"  style='margin-top:0px;margin-bottom:0px;'>\n\t\t\t\t\t<div class=\"fusion-column-wrapper\" style=\"padding: 0px 0px 0px 0px;background-position:left top;background-repeat:no-repeat;-webkit-background-size:cover;-moz-background-size:cover;-o-background-size:cover;background-size:cover;\"   data-bg-url=\"\">\n\t\t\t\t\t\t<div class=\"fusion-text\"><p style=\"text-align: justify;\" align=\"justify\"><span style=\"font-family: helvetica, arial, sans-serif; color: #000000;\">O Minist\u00e9rio P\u00fablico do Estado de Alagoas (MPAL), por meio da Assessoria de Planejamento e Gest\u00e3o Estrat\u00e9gica (Asplage), realizou uma visita t\u00e9cnica, nesta sexta-feira (4), ao Observat\u00f3rio da Casa da Ind\u00fastria, em Macei\u00f3, com o objetivo de conhecer a estrutura de dados, informa\u00e7\u00f5es e indicadores disponibilizados pela institui\u00e7\u00e3o. A medida faz parte das a\u00e7\u00f5es da Asplage em busca de bases que possam subsidiar a constru\u00e7\u00e3o do novo ciclo do Plano Geral de Atua\u00e7\u00e3o (PGA) 2027-2029 do MPAL.<\/span><\/p>\n<p style=\"text-align: justify;\" align=\"justify\"><span style=\"font-family: helvetica, arial, sans-serif; color: #000000;\">Segundo a assessora da Asplage, a promotora de Justi\u00e7a Stela Val\u00e9ria Cavalcanti, que participou da visita acompanhada pelos servidores Thiago Alves, chefe da Se\u00e7\u00e3o de Gest\u00e3o Estrat\u00e9gica, Renata Teixeira, chefe do Escrit\u00f3rio de Projetos, e Andre\u00edza Maia de Oliveira, colaboradora, a iniciativa pode contribuir para um planejamento institucional cada vez mais orientado por evid\u00eancias e alinhado \u00e0 realidade socioecon\u00f4mica do Estado de Alagoas.<\/span><\/p>\n<p align=\"justify\"><span style=\"font-family: helvetica, arial, sans-serif; color: #000000;\">Na oportunidade, tamb\u00e9m foram discutidas possibilidades de amplia\u00e7\u00e3o da parceria entre as institui\u00e7\u00f5es, especialmente para a estrutura\u00e7\u00e3o de um painel de indicadores voltado \u00e0s necessidades do MPAL. \u201cA proposta \u00e9 reunir informa\u00e7\u00f5es estrat\u00e9gicas que possam apoiar as diferentes \u00e1reas da institui\u00e7\u00e3o no acompanhamento de cen\u00e1rios, defini\u00e7\u00e3o de prioridades e tomada de decis\u00f5es\u201d, salientou a promotora.<\/span><\/p>\n<p align=\"justify\"><span style=\"font-family: helvetica, arial, sans-serif; color: #000000;\">\u201cAl\u00e9m disso, a utiliza\u00e7\u00e3o qualificada de dados e indicadores integra o esfor\u00e7o do MPAL para fortalecer a gest\u00e3o estrat\u00e9gica e ampliar a resolutividade de sua atua\u00e7\u00e3o, permitindo que as iniciativas institucionais sejam direcionadas de forma cada vez mais precisa \u00e0s demandas da sociedade\u201d, acrescentou Stela Val\u00e9ria Cavalcanti.<\/span><\/p>\n<p align=\"justify\"><span style=\"font-family: helvetica, arial, sans-serif; color: #000000;\">Na ocasi\u00e3o, a equipe do Observat\u00f3rio da Casa da Ind\u00fastria apresentou trabalhos desenvolvidos pelo laborat\u00f3rio, bem como suas metodologias e produtos.<\/span><\/p>\n<\/div><style type=\"text\/css\">.fusion-gallery-1 .fusion-gallery-image {border:0px solid #f6f6f6;-webkit-border-radius:5px;-moz-border-radius:5px;border-radius:5px;}<\/style><div class=\"fusion-gallery fusion-gallery-container fusion-grid-3 fusion-columns-total-0 fusion-gallery-layout-grid fusion-gallery-1\" style=\"margin:-5px;\"><div style=\"padding:5px;\" class=\"fusion-grid-column fusion-gallery-column fusion-gallery-column-3 hover-type-none\"><div class=\"fusion-gallery-image\"><a href=\"https:\/\/www.mpal.mp.br\/wp-content\/uploads\/2026\/09\/WhatsApp-Image-2026-09-04-at-12.39.13.jpeg\" rel=\"noreferrer\" data-rel=\"iLightbox[gallery_image_1]\" class=\"fusion-lightbox\" target=\"_self\"><img loading=\"lazy\" decoding=\"async\" src=\"https:\/\/www.mpal.mp.br\/wp-content\/uploads\/2026\/09\/WhatsApp-Image-2026-09-04-at-12.39.13.jpeg\" width=\"1280\" height=\"960\" alt=\"\" title=\"WhatsApp Image 2026-09-04 at 12.39.13\" aria-label=\"WhatsApp Image 2026-09-04 at 12.39.13\" class=\"img-responsive wp-image-74850\" \/><\/a><\/div><\/div><div style=\"padding:5px;\" class=\"fusion-grid-column fusion-gallery-column fusion-gallery-column-3 hover-type-none\"><div class=\"fusion-gallery-image\"><a href=\"https:\/\/www.mpal.mp.br\/wp-content\/uploads\/2026\/09\/WhatsApp-Image-2026-09-04-at-12.39.15-1.jpeg\" rel=\"noreferrer\" data-rel=\"iLightbox[gallery_image_1]\" class=\"fusion-lightbox\" target=\"_self\"><img loading=\"lazy\" decoding=\"async\" src=\"https:\/\/www.mpal.mp.br\/wp-content\/uploads\/2026\/09\/WhatsApp-Image-2026-09-04-at-12.39.15-1.jpeg\" width=\"960\" height=\"1280\" alt=\"\" title=\"WhatsApp Image 2026-09-04 at 12.39.15 (1)\" aria-label=\"WhatsApp Image 2026-09-04 at 12.39.15 (1)\" class=\"img-responsive wp-image-74851\" \/><\/a><\/div><\/div><div style=\"padding:5px;\" class=\"fusion-grid-column fusion-gallery-column fusion-gallery-column-3 hover-type-none\"><div class=\"fusion-gallery-image\"><a href=\"https:\/\/www.mpal.mp.br\/wp-content\/uploads\/2026\/09\/WhatsApp-Image-2026-09-04-at-12.39.16-2.jpeg\" rel=\"noreferrer\" data-rel=\"iLightbox[gallery_image_1]\" class=\"fusion-lightbox\" target=\"_self\"><img loading=\"lazy\" decoding=\"async\" src=\"https:\/\/www.mpal.mp.br\/wp-content\/uploads\/2026\/09\/WhatsApp-Image-2026-09-04-at-12.39.16-2.jpeg\" width=\"1600\" height=\"1200\" alt=\"\" title=\"WhatsApp Image 2026-09-04 at 12.39.16 (2)\" aria-label=\"WhatsApp Image 2026-09-04 at 12.39.16 (2)\" class=\"img-responsive wp-image-74852\" \/><\/a><\/div><\/div><div class=\"clearfix\"><\/div><div style=\"padding:5px;\" class=\"fusion-grid-column fusion-gallery-column fusion-gallery-column-3 hover-type-none\"><div class=\"fusion-gallery-image\"><a href=\"https:\/\/www.mpal.mp.br\/wp-content\/uploads\/2026\/09\/WhatsApp-Image-2026-09-04-at-12.39.16-3.jpeg\" rel=\"noreferrer\" data-rel=\"iLightbox[gallery_image_1]\" class=\"fusion-lightbox\" target=\"_self\"><img loading=\"lazy\" decoding=\"async\" src=\"https:\/\/www.mpal.mp.br\/wp-content\/uploads\/2026\/09\/WhatsApp-Image-2026-09-04-at-12.39.16-3.jpeg\" width=\"1600\" height=\"1200\" alt=\"\" title=\"WhatsApp Image 2026-09-04 at 12.39.16 (3)\" aria-label=\"WhatsApp Image 2026-09-04 at 12.39.16 (3)\" class=\"img-responsive wp-image-74853\" \/><\/a><\/div><\/div><\/div><div class=\"fusion-clearfix\"><\/div>\n\n\t\t\t\t\t<\/div>\n\t\t\t\t<\/div><\/div><\/div>\n","protected":false},"excerpt":{"rendered":"","protected":false},"author":24,"featured_media":74856,"comment_status":"open","ping_status":"open","sticky":false,"template":"","format":"standard","meta":{"om_disable_all_campaigns":false,"_monsterinsights_skip_tracking":false,"_monsterinsights_sitenote_active":false,"_monsterinsights_sitenote_note":"","_monsterinsights_sitenote_category":0,"_uf_show_specific_survey":0,"_uf_disable_surveys":false,"footnotes":""},"categories":[2],"tags":[],"class_list":["post-74848","post","type-post","status-publish","format-standard","has-post-thumbnail","hentry","category-not_mpal"],"aioseo_notices":[],"_links":{"self":[{"href":"https:\/\/www.mpal.mp.br\/index.php?rest_route=\/wp\/v2\/posts\/74848","targetHints":{"allow":["GET"]}}],"collection":[{"href":"https:\/\/www.mpal.mp.br\/index.php?rest_route=\/wp\/v2\/posts"}],"about":[{"href":"https:\/\/www.mpal.mp.br\/index.php?rest_route=\/wp\/v2\/types\/post"}],"author":[{"embeddable":true,"href":"https:\/\/www.mpal.mp.br\/index.php?rest_route=\/wp\/v2\/users\/24"}],"replies":[{"embeddable":true,"href":"https:\/\/www.mpal.mp.br\/index.php?rest_route=%2Fwp%2Fv2%2Fcomments&post=74848"}],"version-history":[{"count":2,"href":"https:\/\/www.mpal.mp.br\/index.php?rest_route=\/wp\/v2\/posts\/74848\/revisions"}],"predecessor-version":[{"id":74855,"href":"https:\/\/www.mpal.mp.br\/index.php?rest_route=\/wp\/v2\/posts\/74848\/revisions\/74855"}],"wp:featuredmedia":[{"embeddable":true,"href":"https:\/\/www.mpal.mp.br\/index.php?rest_route=\/wp\/v2\/media\/74856"}],"wp:attachment":[{"href":"https:\/\/www.mpal.mp.br\/index.php?rest_route=%2Fwp%2Fv2%2Fmedia&parent=74848"}],"wp:term":[{"taxonomy":"category","embeddable":true,"href":"https:\/\/www.mpal.mp.br\/index.php?rest_route=%2Fwp%2Fv2%2Fcategories&post=74848"},{"taxonomy":"post_tag","embeddable":true,"href":"https:\/\/www.mpal.mp.br\/index.php?rest_route=%2Fwp%2Fv2%2Ftags&post=74848"}],"curies":[{"name":"wp","href":"https:\/\/api.w.org\/{rel}","templated":true}]}}