{"id":74824,"date":"2026-09-04T10:37:50","date_gmt":"2026-09-04T13:37:50","guid":{"rendered":"https:\/\/www.mpal.mp.br\/?p=74824"},"modified":"2026-09-04T10:37:50","modified_gmt":"2026-09-04T13:37:50","slug":"mpal-participa-de-encontro-sobre-monitoramento-das-decisoes-da-corte-interamericana-de-direitos-humanos","status":"publish","type":"post","link":"https:\/\/www.mpal.mp.br\/?p=74824","title":{"rendered":"MPAL participa de encontro sobre monitoramento das decis\u00f5es da Corte Interamericana de Direitos Humanos"},"content":{"rendered":"<div class=\"fusion-fullwidth fullwidth-box fusion-builder-row-1 nonhundred-percent-fullwidth non-hundred-percent-height-scrolling\"  style='background-color: #ffffff;background-position: center center;background-repeat: no-repeat;padding-top:0px;padding-right:0px;padding-bottom:0px;padding-left:0px;'><div class=\"fusion-builder-row fusion-row \"><div  class=\"fusion-layout-column fusion_builder_column fusion_builder_column_1_1 fusion-builder-column-1 fusion-one-full fusion-column-first fusion-column-last 1_1\"  style='margin-top:0px;margin-bottom:0px;'>\n\t\t\t\t\t<div class=\"fusion-column-wrapper\" style=\"padding: 0px 0px 0px 0px;background-position:left top;background-repeat:no-repeat;-webkit-background-size:cover;-moz-background-size:cover;-o-background-size:cover;background-size:cover;\"   data-bg-url=\"\">\n\t\t\t\t\t\t<div class=\"fusion-text\"><p style=\"text-align: justify;\" align=\"justify\"><span style=\"font-family: helvetica, arial, sans-serif; font-size: 12pt;\">O Minist\u00e9rio P\u00fablico de Alagoas (MPAL) participou, nessa quinta-feira (3), do 1\u00ba Encontro das Unidades de Monitoramento e Fiscaliza\u00e7\u00e3o (UMFs) das decis\u00f5es da Corte Interamericana de Direitos Humanos (Corte IDH) da regi\u00e3o Nordeste. Para a promotora de Justi\u00e7a Alexandra Beurlen, coordenadora do N\u00facleo de Defesa dos Direitos Humanos e Direito Internacional do MPAL, o evento representou uma oportunidade de fortalecer o di\u00e1logo entre as institui\u00e7\u00f5es do sistema de Justi\u00e7a e ampliar a efetividade das decis\u00f5es internacionais na prote\u00e7\u00e3o dos direitos humanos.<\/span><\/p>\n<p style=\"text-align: justify;\" align=\"justify\"><span style=\"font-family: helvetica, arial, sans-serif; font-size: 12pt;\">Com o tema \u201cFortalecendo a atua\u00e7\u00e3o do Judici\u00e1rio na prote\u00e7\u00e3o dos Direitos Humanos\u201d, o encontro reuniu integrantes do Conselho Nacional de Justi\u00e7a (CNJ) e representantes de 28 tribunais da regi\u00e3o Nordeste, entre Tribunais de Justi\u00e7a, Tribunais Regionais Federais, Tribunais Regionais do Trabalho, Tribunais Regionais Eleitorais e Minist\u00e9rios P\u00fablicos. A programa\u00e7\u00e3o, que seguir\u00e1 a esta sexta-feira (4), est\u00e1 abordando o papel das institui\u00e7\u00f5es de Justi\u00e7a na implementa\u00e7\u00e3o das decis\u00f5es da Corte IDH e os desafios relacionados \u00e0 prote\u00e7\u00e3o dos povos quilombolas no Nordeste.<\/span><\/p>\n<p style=\"text-align: justify;\" align=\"justify\"><span style=\"font-family: helvetica, arial, sans-serif; font-size: 12pt;\">Para Alexandra Beurlen, a participa\u00e7\u00e3o do Minist\u00e9rio P\u00fablico em espa\u00e7os de articula\u00e7\u00e3o sobre o Sistema Interamericano \u00e9 fundamental para aproximar as decis\u00f5es internacionais da realidade vivenciada pela popula\u00e7\u00e3o e fortalecer a prote\u00e7\u00e3o dos direitos humanos no \u00e2mbito local. Ela tamb\u00e9m destacou o compromisso que precisa ser praticado pelo Poder Judici\u00e1rio sobre essa tem\u00e1tica:\u00a0 &#8220;Durante os debates, pontuei a import\u00e2ncia de o Judici\u00e1rio alagoano aplicar a jurisprud\u00eancia internacional, especialmente aquela constru\u00edda a partir das decis\u00f5es da Corte Interamericana de Direitos Humanos, como forma de prevenir novas viola\u00e7\u00f5es de direitos pelo pr\u00f3prio sistema de Justi\u00e7a. Tamb\u00e9m destaquei a necessidade de assegurar a efetiva execu\u00e7\u00e3o dessas decis\u00f5es e a celeridade dos processos que envolvem direitos humanos, inclusive considerando as condena\u00e7\u00f5es j\u00e1 impostas ao Brasil pela Corte.\u201d<\/span><\/p>\n<p style=\"text-align: justify;\" align=\"justify\"><span style=\"font-family: helvetica, arial, sans-serif; font-size: 12pt;\">Ainda em sua fala, a promotora de Justi\u00e7a chamou aten\u00e7\u00e3o para a declara\u00e7\u00e3o do professor Thiago Oliveira, do Rio Grande do Norte, que relatou que o Brasil j\u00e1 pagou mais de US$ 10 milh\u00f5es de d\u00f3lares em indeniza\u00e7\u00f5es referentes a condena\u00e7\u00f5es por viola\u00e7\u00f5es no Nordeste, tendo todos os casos passados pela Justi\u00e7a. Por fim, ela ressaltou a import\u00e2ncia da integra\u00e7\u00e3o entre as institui\u00e7\u00f5es do sistema de Justi\u00e7a para a efetiva\u00e7\u00e3o dos direitos reconhecidos nacional e internacionalmente: \u201cA prote\u00e7\u00e3o dos direitos humanos exige atua\u00e7\u00e3o articulada, di\u00e1logo institucional e compromisso permanente com a implementa\u00e7\u00e3o das decis\u00f5es. O encontro permite justamente essa troca de experi\u00eancias e a constru\u00e7\u00e3o de estrat\u00e9gias que possam tornar mais efetiva a resposta do Estado diante de viola\u00e7\u00f5es de direitos\u201d, acrescentou ela.<\/span><\/p>\n<p style=\"text-align: justify;\" align=\"justify\"><span style=\"font-family: helvetica, arial, sans-serif; font-size: 12pt;\">Durante a abertura, o presidente do TJAL, desembargador F\u00e1bio Bittencourt, ressaltou que o encontro representa uma oportunidade para o compartilhamento de experi\u00eancias e boas pr\u00e1ticas entre os tribunais da regi\u00e3o. J\u00e1 o desembargador Tutm\u00e9s Airan, presidente da Coordenadoria de Direitos Humanos do TJAL, destacou a necessidade de dar efetividade ao discurso dos direitos humanos.<\/span><\/p>\n<p style=\"text-align: justify;\" align=\"justify\"><span style=\"font-family: helvetica, arial, sans-serif; font-size: 12pt;\">O juiz auxiliar da Presid\u00eancia do CNJ e integrante da Unidade de Monitoramento e Fiscaliza\u00e7\u00e3o das Decis\u00f5es do Sistema Interamericano de Direitos Humanos, Lucas Nogueira Israel, explicou que as UMFs atuam em duas frentes: o monitoramento das decis\u00f5es do Sistema Interamericano e a promo\u00e7\u00e3o da cultura dos direitos humanos no \u00e2mbito do Judici\u00e1rio.<\/span><\/p>\n<p style=\"text-align: justify;\" align=\"justify\"><span style=\"font-family: helvetica, arial, sans-serif; font-size: 12pt;\">Com informa\u00e7\u00f5es e fotos do TJAL*.<\/span><\/p>\n<\/div><style type=\"text\/css\">.fusion-gallery-1 .fusion-gallery-image {border:0px solid #f6f6f6;-webkit-border-radius:5px;-moz-border-radius:5px;border-radius:5px;}<\/style><div class=\"fusion-gallery fusion-gallery-container fusion-grid-3 fusion-columns-total-0 fusion-gallery-layout-grid fusion-gallery-1\" style=\"margin:-5px;\"><div style=\"padding:5px;\" class=\"fusion-grid-column fusion-gallery-column fusion-gallery-column-3 hover-type-none\"><div class=\"fusion-gallery-image\"><a href=\"https:\/\/www.mpal.mp.br\/wp-content\/uploads\/2026\/09\/Corte-Interamericana-2.jpg\" rel=\"noreferrer\" data-rel=\"iLightbox[gallery_image_1]\" class=\"fusion-lightbox\" target=\"_self\"><img loading=\"lazy\" decoding=\"async\" src=\"https:\/\/www.mpal.mp.br\/wp-content\/uploads\/2026\/09\/Corte-Interamericana-2.jpg\" width=\"1600\" height=\"1066\" alt=\"\" title=\"Corte Interamericana 2\" aria-label=\"Corte Interamericana 2\" class=\"img-responsive wp-image-74828\" \/><\/a><\/div><\/div><div style=\"padding:5px;\" class=\"fusion-grid-column fusion-gallery-column fusion-gallery-column-3 hover-type-none\"><div class=\"fusion-gallery-image\"><a href=\"https:\/\/www.mpal.mp.br\/wp-content\/uploads\/2026\/09\/Corte-Interamericana.jpg\" rel=\"noreferrer\" data-rel=\"iLightbox[gallery_image_1]\" class=\"fusion-lightbox\" target=\"_self\"><img loading=\"lazy\" decoding=\"async\" src=\"https:\/\/www.mpal.mp.br\/wp-content\/uploads\/2026\/09\/Corte-Interamericana.jpg\" width=\"1600\" height=\"1066\" alt=\"\" title=\"Corte Interamericana\" aria-label=\"Corte Interamericana\" class=\"img-responsive wp-image-74825\" \/><\/a><\/div><\/div><\/div><div class=\"fusion-clearfix\"><\/div>\n\n\t\t\t\t\t<\/div>\n\t\t\t\t<\/div><\/div><\/div>\n","protected":false},"excerpt":{"rendered":"","protected":false},"author":17,"featured_media":74828,"comment_status":"open","ping_status":"open","sticky":false,"template":"","format":"standard","meta":{"om_disable_all_campaigns":false,"_monsterinsights_skip_tracking":false,"_monsterinsights_sitenote_active":false,"_monsterinsights_sitenote_note":"","_monsterinsights_sitenote_category":0,"_uf_show_specific_survey":0,"_uf_disable_surveys":false,"footnotes":""},"categories":[2],"tags":[],"class_list":["post-74824","post","type-post","status-publish","format-standard","has-post-thumbnail","hentry","category-not_mpal"],"aioseo_notices":[],"_links":{"self":[{"href":"https:\/\/www.mpal.mp.br\/index.php?rest_route=\/wp\/v2\/posts\/74824","targetHints":{"allow":["GET"]}}],"collection":[{"href":"https:\/\/www.mpal.mp.br\/index.php?rest_route=\/wp\/v2\/posts"}],"about":[{"href":"https:\/\/www.mpal.mp.br\/index.php?rest_route=\/wp\/v2\/types\/post"}],"author":[{"embeddable":true,"href":"https:\/\/www.mpal.mp.br\/index.php?rest_route=\/wp\/v2\/users\/17"}],"replies":[{"embeddable":true,"href":"https:\/\/www.mpal.mp.br\/index.php?rest_route=%2Fwp%2Fv2%2Fcomments&post=74824"}],"version-history":[{"count":4,"href":"https:\/\/www.mpal.mp.br\/index.php?rest_route=\/wp\/v2\/posts\/74824\/revisions"}],"predecessor-version":[{"id":74830,"href":"https:\/\/www.mpal.mp.br\/index.php?rest_route=\/wp\/v2\/posts\/74824\/revisions\/74830"}],"wp:featuredmedia":[{"embeddable":true,"href":"https:\/\/www.mpal.mp.br\/index.php?rest_route=\/wp\/v2\/media\/74828"}],"wp:attachment":[{"href":"https:\/\/www.mpal.mp.br\/index.php?rest_route=%2Fwp%2Fv2%2Fmedia&parent=74824"}],"wp:term":[{"taxonomy":"category","embeddable":true,"href":"https:\/\/www.mpal.mp.br\/index.php?rest_route=%2Fwp%2Fv2%2Fcategories&post=74824"},{"taxonomy":"post_tag","embeddable":true,"href":"https:\/\/www.mpal.mp.br\/index.php?rest_route=%2Fwp%2Fv2%2Ftags&post=74824"}],"curies":[{"name":"wp","href":"https:\/\/api.w.org\/{rel}","templated":true}]}}