{"id":74819,"date":"2026-09-03T17:15:15","date_gmt":"2026-09-03T20:15:15","guid":{"rendered":"https:\/\/www.mpal.mp.br\/?p=74819"},"modified":"2026-09-03T17:22:10","modified_gmt":"2026-09-03T20:22:10","slug":"mpal-firma-termo-de-ajustamento-de-conduta-com-o-municipio-para-realizacao-de-concurso-da-guarda-civil-em-sao-jose-da-laje","status":"publish","type":"post","link":"https:\/\/www.mpal.mp.br\/?p=74819","title":{"rendered":"MPAL firma Termo de Ajustamento de Conduta com o Munic\u00edpio para realiza\u00e7\u00e3o de concurso da Guarda Civil em S\u00e3o Jos\u00e9 da Laje"},"content":{"rendered":"<p style=\"text-align: justify;\"><span style=\"color: #000000; font-family: helvetica, arial, sans-serif;\">O Minist\u00e9rio P\u00fablico do Estado de Alagoas (MPAL), por iniciativa da Promotoria de Justi\u00e7a de S\u00e3o Jos\u00e9 da Laje, celebrou com o Munic\u00edpio, nessa quarta-feira (2), um Termo de Ajustamento de Conduta (TAC) para regulariza\u00e7\u00e3o e realiza\u00e7\u00e3o de concurso p\u00fablico para a Guarda Civil Municipal.<\/span><\/p>\n<p style=\"text-align: justify;\" align=\"justify\"><span style=\"font-family: helvetica, arial, sans-serif; color: #000000;\">O Munic\u00edpio comprometeu-se tamb\u00e9m a concluir todas as etapas do concurso p\u00fablico, inclusive o curso de forma\u00e7\u00e3o, quando previsto como etapa do certame, e a homologa\u00e7\u00e3o do resultado final, no prazo m\u00e1ximo de 24 meses, contando da assinatura do TAC.<\/span><\/p>\n<p style=\"text-align: justify;\" align=\"justify\"><span style=\"font-family: helvetica, arial, sans-serif; color: #000000;\">De acordo com o promotor de Justi\u00e7a Macus Mousinho, titular da Promotoria que celebrou o TAC, o Munic\u00edpio comprometeu-se a realizar concurso p\u00fablico para provimento de cargos efetivos da Guarda Civil Municipal e, no prazo de at\u00e9 30 dias \u00fateis, apresentar ao MPAL estudo t\u00e9cnico contendo: quantitativo atual de guardas municipais; n\u00famero de servidores efetivos; n\u00famero de servidores tempor\u00e1rios; quantitativo ideal de efetivo; impacto financeiro das futuras nomea\u00e7\u00f5es; cronograma para implementa\u00e7\u00e3o de concurso p\u00fablico.<\/span><\/p>\n<p style=\"text-align: justify;\" align=\"justify\"><span style=\"font-family: helvetica, arial, sans-serif; color: #000000;\">O Termo de Ajustamento de Contura tamb\u00e9m deixa claro que os candidatos aprovados em concurso p\u00fablico para a Guarda Civil somente iniciar\u00e3o o exerc\u00edcio de suas fun\u00e7\u00f5es ap\u00f3s a conclus\u00e3o do curso de forma\u00e7\u00e3o, o qual dever\u00e1 conter, pelo menos, o seguinte o conte\u00fado program\u00e1tico: Estatuto Geral das Guardas Municipais; Direitos Humanos; Uso diferenciado e proporcional da for\u00e7a; T\u00e9cnicas de abordagem; Media\u00e7\u00e3o de conflitos; Atendimento \u00e0 crian\u00e7a e ao adolescente; Atendimento \u00e0 mulher v\u00edtima de viol\u00eancia; Atendimento \u00e0 pessoa idosa; Atendimento \u00e0 pessoa com defici\u00eancia; Atendimento \u00e0 pessoa em sofrimento ps\u00edquico; Primeiros socorros; \u00c9tica profissional.<\/span><\/p>\n<p style=\"text-align: justify;\" align=\"justify\"><span style=\"color: #000000; font-family: helvetica, arial, sans-serif;\">\u201cAp\u00f3s o concurso, \u00e0 medida que os candidatos nomeados entrarem em exerc\u00edcio, o Munic\u00edpio, no prazo de 30 dias \u00fateis, extinguir\u00e1 ou deixar\u00e1 de renovar as contrata\u00e7\u00f5es tempor\u00e1rias correspondentes \u00e0s vagas efetivamente providas, abstendo-se de utilizar v\u00ednculos prec\u00e1rios para o desempenho de atribui\u00e7\u00f5es permanentes da Guarda Civil Municipal\u201d, explicou o promotor de Justi\u00e7a.<\/span><\/p>\n<p style=\"text-align: justify;\" align=\"justify\"><span style=\"font-family: helvetica, arial, sans-serif; color: #000000;\">Pelo documento, o Munic\u00edpio tamb\u00e9m se comprometeu a elaborar e implementar um programa permanente de capacita\u00e7\u00e3o da Guarda Civil, especialmente quanto ao uso da for\u00e7a, abordagens, condu\u00e7\u00e3o de pessoas, atendimento de grupos vulner\u00e1veis e preserva\u00e7\u00e3o dos direitos fundamentais. Em caso de abuso funcional dos agentes, o Munic\u00edpio tem 30 dias para tomar provid\u00eancias formais de apura\u00e7\u00e3o, como abrir sindic\u00e2ncia ou processo administrativo.<\/span><\/p>\n<p style=\"text-align: justify;\" align=\"justify\"><span style=\"font-family: helvetica, arial, sans-serif; color: #000000;\">Em caso de descumprimento das cl\u00e1usulas do TAC, segundo o promotor de Justi\u00e7a, o Munic\u00edpio de S\u00e3o Jos\u00e9 da Laje fica sujeito ao pagamento de multa.<\/span><\/p>\n","protected":false},"excerpt":{"rendered":"<p> [&hellip;]<\/p>\n","protected":false},"author":24,"featured_media":74821,"comment_status":"open","ping_status":"open","sticky":false,"template":"","format":"standard","meta":{"om_disable_all_campaigns":false,"_monsterinsights_skip_tracking":false,"_monsterinsights_sitenote_active":false,"_monsterinsights_sitenote_note":"","_monsterinsights_sitenote_category":0,"_uf_show_specific_survey":0,"_uf_disable_surveys":false,"footnotes":""},"categories":[2],"tags":[],"class_list":["post-74819","post","type-post","status-publish","format-standard","has-post-thumbnail","hentry","category-not_mpal"],"aioseo_notices":[],"_links":{"self":[{"href":"https:\/\/www.mpal.mp.br\/index.php?rest_route=\/wp\/v2\/posts\/74819","targetHints":{"allow":["GET"]}}],"collection":[{"href":"https:\/\/www.mpal.mp.br\/index.php?rest_route=\/wp\/v2\/posts"}],"about":[{"href":"https:\/\/www.mpal.mp.br\/index.php?rest_route=\/wp\/v2\/types\/post"}],"author":[{"embeddable":true,"href":"https:\/\/www.mpal.mp.br\/index.php?rest_route=\/wp\/v2\/users\/24"}],"replies":[{"embeddable":true,"href":"https:\/\/www.mpal.mp.br\/index.php?rest_route=%2Fwp%2Fv2%2Fcomments&post=74819"}],"version-history":[{"count":1,"href":"https:\/\/www.mpal.mp.br\/index.php?rest_route=\/wp\/v2\/posts\/74819\/revisions"}],"predecessor-version":[{"id":74820,"href":"https:\/\/www.mpal.mp.br\/index.php?rest_route=\/wp\/v2\/posts\/74819\/revisions\/74820"}],"wp:featuredmedia":[{"embeddable":true,"href":"https:\/\/www.mpal.mp.br\/index.php?rest_route=\/wp\/v2\/media\/74821"}],"wp:attachment":[{"href":"https:\/\/www.mpal.mp.br\/index.php?rest_route=%2Fwp%2Fv2%2Fmedia&parent=74819"}],"wp:term":[{"taxonomy":"category","embeddable":true,"href":"https:\/\/www.mpal.mp.br\/index.php?rest_route=%2Fwp%2Fv2%2Fcategories&post=74819"},{"taxonomy":"post_tag","embeddable":true,"href":"https:\/\/www.mpal.mp.br\/index.php?rest_route=%2Fwp%2Fv2%2Ftags&post=74819"}],"curies":[{"name":"wp","href":"https:\/\/api.w.org\/{rel}","templated":true}]}}