{"id":7470,"date":"2022-05-30T11:57:08","date_gmt":"2022-05-30T14:57:08","guid":{"rendered":"https:\/\/www.mpal.mp.br\/?p=7470"},"modified":"2022-05-31T11:58:01","modified_gmt":"2022-05-31T14:58:01","slug":"ministerio-publico-recomenda-cancelamento-do-sao-joao-da-prefeitura-de-maceio","status":"publish","type":"post","link":"https:\/\/www.mpal.mp.br\/?p=7470","title":{"rendered":"Minist\u00e9rio P\u00fablico recomenda cancelamento do S\u00e3o Jo\u00e3o da Prefeitura de Macei\u00f3"},"content":{"rendered":"<p style=\"text-align: justify;\"><span style=\"font-size: 14pt;\">O Minist\u00e9rio P\u00fablico do Estado de Alagoas expediu uma recomenda\u00e7\u00e3o, nesta segunda-feira (30), para que a Prefeitura de Macei\u00f3 cancele as festas de S\u00e3o Jo\u00e3o previstas para ocorrerem durante este pr\u00f3ximo m\u00eas de junho. No documento, as 11\u00aa, 15\u00aa e 44\u00aa Promotorias de Justi\u00e7a da capital (Fazenda P\u00fablica Municipal e Inf\u00e2ncia e Juventude) argumentaram que n\u00e3o \u00e9 \u201ccompat\u00edvel\u201d a realiza\u00e7\u00e3o de eventos numa cidade que decretou \u201csitua\u00e7\u00e3o de emerg\u00eancia\u201d em raz\u00e3o das chuvas que vem atingindo a cidade e que, a contra\u00e7\u00e3o de artistas de renome nacional, diante da condi\u00e7\u00e3o de vulnerabilidade social provocada pelos temporais, fere o princ\u00edpio constitucional da \u201crazoabilidade\u201d.<\/span><\/p>\n<p style=\"text-align: justify;\"><span style=\"font-size: 14pt;\">Assinado pelas promotoras de Justi\u00e7a Fernanda Moreira (Fazenda P\u00fablica Municipal), Alexandra Beurlen e Jheise Gama (Inf\u00e2ncia e Juventude), o documento explica que o pr\u00f3prio Decreto n\u00ba 9.213\/22, que decretou \u201csitua\u00e7\u00e3o de emerg\u00eancia\u201d em Macei\u00f3 e est\u00e1 publicado em edi\u00e7\u00e3o extraordin\u00e1ria do Di\u00e1rio Oficial do Munic\u00edpio do \u00faltimo dia 26, detalha \u201cintemp\u00e9ries que ocasionaram v\u00e1rios deslizamentos em diversas regi\u00f5es e bairros da capital, al\u00e9m de quedas de \u00e1rvores e alagamentos\u201d, o que mostra a situa\u00e7\u00e3o de caos ocasionada pelas tempestades. O mesmo decreto, segundo elas, tamb\u00e9m faz refer\u00eancia a in\u00famera quantidade de \u201cfam\u00edlias de que est\u00e1 desabrigada e desprovida de uma estrutura digna que lhes permita subsist\u00eancia\u201d.<\/span><\/p>\n<p style=\"text-align: justify;\"><span style=\"font-size: 14pt;\">\u201cA situa\u00e7\u00e3o de emerg\u00eancia narrada \u00e9 incompat\u00edvel com a realiza\u00e7\u00e3o de festejos que importem em gastos de recursos p\u00fablicos, como o evento junino que o munic\u00edpio pretende promover, com a contrata\u00e7\u00e3o de artistas de renome nacional e internacional, al\u00e9m de bandas e outros custos inerentes, configurando patente viola\u00e7\u00e3o ao princ\u00edpio da razoabilidade\u201d, diz um trecho da recomenda\u00e7\u00e3o conjunta n\u00ba 01\/22. As promotoras de Justi\u00e7a tamb\u00e9m chamara aten\u00e7\u00e3o para o fato de que a situa\u00e7\u00e3o de emerg\u00eancia tem prazo de 180 dias, ou seja, engloba todo o per\u00edodo junino.<\/span><\/p>\n<p style=\"text-align: justify;\"><span style=\"font-size: 14pt;\">Prazo<\/span><\/p>\n<p style=\"text-align: justify;\"><span style=\"font-size: 14pt;\">A Prefeitura de Macei\u00f3 ter\u00e1 prazo de dois dias para responder ao Minist\u00e9rio P\u00fablico se ir\u00e1 ou n\u00e3o acatar a recomenda\u00e7\u00e3o, sob pena da ado\u00e7\u00e3o das medidas cab\u00edveis que o caso requer.<\/span><\/p>\n","protected":false},"excerpt":{"rendered":"<p> [&hellip;]<\/p>\n","protected":false},"author":2,"featured_media":3993,"comment_status":"open","ping_status":"open","sticky":false,"template":"","format":"standard","meta":{"om_disable_all_campaigns":false,"_monsterinsights_skip_tracking":false,"_monsterinsights_sitenote_active":false,"_monsterinsights_sitenote_note":"","_monsterinsights_sitenote_category":0,"_uf_show_specific_survey":0,"_uf_disable_surveys":false,"footnotes":""},"categories":[2],"tags":[],"class_list":["post-7470","post","type-post","status-publish","format-standard","has-post-thumbnail","hentry","category-not_mpal"],"aioseo_notices":[],"_links":{"self":[{"href":"https:\/\/www.mpal.mp.br\/index.php?rest_route=\/wp\/v2\/posts\/7470","targetHints":{"allow":["GET"]}}],"collection":[{"href":"https:\/\/www.mpal.mp.br\/index.php?rest_route=\/wp\/v2\/posts"}],"about":[{"href":"https:\/\/www.mpal.mp.br\/index.php?rest_route=\/wp\/v2\/types\/post"}],"author":[{"embeddable":true,"href":"https:\/\/www.mpal.mp.br\/index.php?rest_route=\/wp\/v2\/users\/2"}],"replies":[{"embeddable":true,"href":"https:\/\/www.mpal.mp.br\/index.php?rest_route=%2Fwp%2Fv2%2Fcomments&post=7470"}],"version-history":[{"count":1,"href":"https:\/\/www.mpal.mp.br\/index.php?rest_route=\/wp\/v2\/posts\/7470\/revisions"}],"predecessor-version":[{"id":7471,"href":"https:\/\/www.mpal.mp.br\/index.php?rest_route=\/wp\/v2\/posts\/7470\/revisions\/7471"}],"wp:featuredmedia":[{"embeddable":true,"href":"https:\/\/www.mpal.mp.br\/index.php?rest_route=\/wp\/v2\/media\/3993"}],"wp:attachment":[{"href":"https:\/\/www.mpal.mp.br\/index.php?rest_route=%2Fwp%2Fv2%2Fmedia&parent=7470"}],"wp:term":[{"taxonomy":"category","embeddable":true,"href":"https:\/\/www.mpal.mp.br\/index.php?rest_route=%2Fwp%2Fv2%2Fcategories&post=7470"},{"taxonomy":"post_tag","embeddable":true,"href":"https:\/\/www.mpal.mp.br\/index.php?rest_route=%2Fwp%2Fv2%2Ftags&post=7470"}],"curies":[{"name":"wp","href":"https:\/\/api.w.org\/{rel}","templated":true}]}}