{"id":74676,"date":"2026-09-02T13:54:46","date_gmt":"2026-09-02T16:54:46","guid":{"rendered":"https:\/\/www.mpal.mp.br\/?p=74676"},"modified":"2026-09-02T13:54:46","modified_gmt":"2026-09-02T16:54:46","slug":"feira-grande-mpal-denuncia-motorista-da-prefeitura-por-importunacao-sexual","status":"publish","type":"post","link":"https:\/\/www.mpal.mp.br\/?p=74676","title":{"rendered":"Feira Grande: MPAL denuncia motorista da Prefeitura por importuna\u00e7\u00e3o sexual"},"content":{"rendered":"<p><span style=\"font-family: helvetica, arial, sans-serif;\">O Minist\u00e9rio P\u00fablico do Estado de Alagoas (MPAL), por meio da Promotoria de Justi\u00e7a de Feira Grande, ofereceu den\u00fancia contra Aldemir da Silva, motorista da Prefeitura Municipal, pela suposta pr\u00e1tica do crime de importuna\u00e7\u00e3o sexual. Na den\u00fancia, o Minist\u00e9rio P\u00fablico requereu a manuten\u00e7\u00e3o da pris\u00e3o preventiva do acusado, bem como a perda do cargo p\u00fablico e indeniza\u00e7\u00e3o por danos morais. As condutas teriam ocorrido em mais de uma oportunidade, apesar da manifesta\u00e7\u00e3o de rejei\u00e7\u00e3o da v\u00edtima.<\/span><\/p>\n<p><span style=\"font-family: helvetica, arial, sans-serif;\">O promotor de Justi\u00e7a Lucas Schitini explica que o oferecimento da den\u00fancia foi fundamentado no conjunto de provas reunidas durante a investiga\u00e7\u00e3o.<\/span><\/p>\n<p><span style=\"font-family: helvetica, arial, sans-serif;\">\u201cOs elementos colhidos indicam, em tese, a ocorr\u00eancia reiterada de condutas de conota\u00e7\u00e3o sexual sem o consentimento da v\u00edtima. A narrativa apresentada encontra respaldo em outras pe\u00e7as juntadas no per\u00edodo investigat\u00f3rio, inclusive registros audiovisuais, raz\u00e3o pela qual o Minist\u00e9rio P\u00fablico entendeu haver componentes suficientes para o oferecimento da den\u00fancia e para requerer as medidas que considera juridicamente cab\u00edveis\u201d, afirma o promotor.<\/span><\/p>\n<p><span style=\"font-family: helvetica, arial, sans-serif;\">Segundo os depoimentos, a v\u00edtima utilizava servi\u00e7o de transporte para se deslocar at\u00e9 uma unidade de sa\u00fade onde realizava tratamento. Nesse contexto, o denunciado teria passado a dirigir \u00e0 mulher coment\u00e1rios e propostas de natureza sexual e, posteriormente, a praticar contatos f\u00edsicos sem o seu consentimento.<\/span><\/p>\n<p><span style=\"font-family: helvetica, arial, sans-serif;\"><strong>Pedidos<\/strong><\/span><\/p>\n<p><span style=\"font-family: helvetica, arial, sans-serif;\">O Minist\u00e9rio P\u00fablico requer a condena\u00e7\u00e3o do denunciado nas san\u00e7\u00f5es do art. 215-A, combinado com o art. 71, caput, do C\u00f3digo Penal, diante da alega\u00e7\u00e3o de reitera\u00e7\u00e3o das condutas. Em caso de condena\u00e7\u00e3o, o MPAL tamb\u00e9m requereu a fixa\u00e7\u00e3o de valor m\u00ednimo de R$ 10 mil para repara\u00e7\u00e3o dos danos morais causados \u00e0 v\u00edtima, al\u00e9m da perda do cargo p\u00fablico, observados os requisitos legais.<\/span><\/p>\n<p><span style=\"font-family: helvetica, arial, sans-serif;\">O processo tramita sob segredo de justi\u00e7a. Por essa raz\u00e3o, foram preservadas a identidade da v\u00edtima e informa\u00e7\u00f5es que possam permitir sua identifica\u00e7\u00e3o.<\/span><\/p>\n<p><span style=\"font-family: helvetica, arial, sans-serif;\">O Minist\u00e9rio P\u00fablico ressalta que o oferecimento da den\u00fancia representa o in\u00edcio da a\u00e7\u00e3o penal e que caber\u00e1 ao Poder Judici\u00e1rio, ap\u00f3s o exerc\u00edcio do contradit\u00f3rio e da ampla defesa, apreciar as imputa\u00e7\u00f5es formuladas.<\/span><\/p>\n","protected":false},"excerpt":{"rendered":"<p> [&hellip;]<\/p>\n","protected":false},"author":8,"featured_media":8970,"comment_status":"open","ping_status":"open","sticky":false,"template":"","format":"standard","meta":{"om_disable_all_campaigns":false,"_monsterinsights_skip_tracking":false,"_monsterinsights_sitenote_active":false,"_monsterinsights_sitenote_note":"","_monsterinsights_sitenote_category":0,"_uf_show_specific_survey":0,"_uf_disable_surveys":false,"footnotes":""},"categories":[2],"tags":[],"class_list":["post-74676","post","type-post","status-publish","format-standard","has-post-thumbnail","hentry","category-not_mpal"],"aioseo_notices":[],"_links":{"self":[{"href":"https:\/\/www.mpal.mp.br\/index.php?rest_route=\/wp\/v2\/posts\/74676","targetHints":{"allow":["GET"]}}],"collection":[{"href":"https:\/\/www.mpal.mp.br\/index.php?rest_route=\/wp\/v2\/posts"}],"about":[{"href":"https:\/\/www.mpal.mp.br\/index.php?rest_route=\/wp\/v2\/types\/post"}],"author":[{"embeddable":true,"href":"https:\/\/www.mpal.mp.br\/index.php?rest_route=\/wp\/v2\/users\/8"}],"replies":[{"embeddable":true,"href":"https:\/\/www.mpal.mp.br\/index.php?rest_route=%2Fwp%2Fv2%2Fcomments&post=74676"}],"version-history":[{"count":1,"href":"https:\/\/www.mpal.mp.br\/index.php?rest_route=\/wp\/v2\/posts\/74676\/revisions"}],"predecessor-version":[{"id":74677,"href":"https:\/\/www.mpal.mp.br\/index.php?rest_route=\/wp\/v2\/posts\/74676\/revisions\/74677"}],"wp:featuredmedia":[{"embeddable":true,"href":"https:\/\/www.mpal.mp.br\/index.php?rest_route=\/wp\/v2\/media\/8970"}],"wp:attachment":[{"href":"https:\/\/www.mpal.mp.br\/index.php?rest_route=%2Fwp%2Fv2%2Fmedia&parent=74676"}],"wp:term":[{"taxonomy":"category","embeddable":true,"href":"https:\/\/www.mpal.mp.br\/index.php?rest_route=%2Fwp%2Fv2%2Fcategories&post=74676"},{"taxonomy":"post_tag","embeddable":true,"href":"https:\/\/www.mpal.mp.br\/index.php?rest_route=%2Fwp%2Fv2%2Ftags&post=74676"}],"curies":[{"name":"wp","href":"https:\/\/api.w.org\/{rel}","templated":true}]}}