{"id":74435,"date":"2026-08-31T21:31:08","date_gmt":"2026-09-01T00:31:08","guid":{"rendered":"https:\/\/www.mpal.mp.br\/?p=74435"},"modified":"2026-08-31T21:31:37","modified_gmt":"2026-09-01T00:31:37","slug":"74435","status":"publish","type":"post","link":"https:\/\/www.mpal.mp.br\/?p=74435","title":{"rendered":"MPAL debate direito \u00e0 alimenta\u00e7\u00e3o durante Forma\u00e7\u00e3o Nacional sobre Direito Humano \u00e0 Alimenta\u00e7\u00e3o Adequada em Minas Gerais"},"content":{"rendered":"<div class=\"fusion-fullwidth fullwidth-box fusion-builder-row-1 nonhundred-percent-fullwidth non-hundred-percent-height-scrolling\"  style='background-color: #ffffff;background-position: center center;background-repeat: no-repeat;padding-top:0px;padding-right:0px;padding-bottom:0px;padding-left:0px;'><div class=\"fusion-builder-row fusion-row \"><div  class=\"fusion-layout-column fusion_builder_column fusion_builder_column_1_1 fusion-builder-column-1 fusion-one-full fusion-column-first fusion-column-last 1_1\"  style='margin-top:0px;margin-bottom:0px;'>\n\t\t\t\t\t<div class=\"fusion-column-wrapper\" style=\"padding: 0px 0px 0px 0px;background-position:left top;background-repeat:no-repeat;-webkit-background-size:cover;-moz-background-size:cover;-o-background-size:cover;background-size:cover;\"   data-bg-url=\"\">\n\t\t\t\t\t\t<div class=\"fusion-text\"><p style=\"text-align: justify;\" align=\"justify\"><span style=\"font-family: helvetica, arial, sans-serif; color: #000000;\">O Minist\u00e9rio P\u00fablico de Alagoas (MPAL) teve assento na mesa de debates durante a Forma\u00e7\u00e3o Nacional sobre Direito Humano \u00e0 Alimenta\u00e7\u00e3o Adequada, realizada p<span style=\"font-size: medium;\">elo <\/span><span style=\"font-size: medium;\">Grupo Nacional de Atua\u00e7\u00e3o do Minist\u00e9rio P\u00fablico em Apoio Comunit\u00e1rio, Participa\u00e7\u00e3o e Inclus\u00e3o Sociais, e Combate \u00e0 Fome <\/span><span style=\"font-size: medium;\">(<\/span><span style=\"font-size: medium;\">GNA Social<\/span><span style=\"font-size: medium;\">),<\/span><span style=\"font-size: medium;\"> do <\/span><span style=\"font-size: medium;\">Conselho Nacional de Procuradores-Gerais (<\/span><span style=\"font-size: medium;\">CNPG<\/span><span style=\"font-size: medium;\">), por meio do<\/span><span style=\"font-size: medium;\"> MP <\/span><span style=\"font-size: medium;\">de Minas Gerais, em Belo Horizonte.<\/span><\/span><\/p>\n<p style=\"text-align: justify;\" align=\"justify\"><span style=\"font-family: helvetica, arial, sans-serif; color: #000000;\">O evento reuniu membros e servidores do Minist\u00e9rio P\u00fablico brasileiro, representantes de institui\u00e7\u00f5es parceiras, universidades, conselhos e organiza\u00e7\u00f5es da sociedade civil para discutir formas de fortalecer a atua\u00e7\u00e3o conjunta no combate \u00e0 fome e na garantia do direito \u00e0 alimenta\u00e7\u00e3o adequada. O encontro tamb\u00e9m promoveu a troca de experi\u00eancias e a divulga\u00e7\u00e3o de conhecimentos t\u00e9cnicos e jur\u00eddicos sobre o tema.<\/span><\/p>\n<p style=\"text-align: justify;\" align=\"justify\"><span style=\"font-family: helvetica, arial, sans-serif; color: #000000;\">Representante do MPAL na ocasi\u00e3o e atual coordenadora do GNA Social, a promotora de Justi\u00e7a Alexandra Beurlen, que tamb\u00e9m coordena o N\u00facleo de Defesa dos Direitos Humanos e Direito Internacional (NDDHDI), compartilhou experi\u00eancias desenvolvidas em Alagoas com as popula\u00e7\u00f5es mais vulner\u00e1veis e salientou que a forma\u00e7\u00e3o faz parte de uma mobiliza\u00e7\u00e3o nacional que visa \u201cdar compreens\u00e3o aos membros do MP de todas as nuances que integram o direito humano \u00e0 alimenta\u00e7\u00e3o e nutri\u00e7\u00e3o adequadas\u201d.<\/span><\/p>\n<p style=\"text-align: justify;\" align=\"justify\"><span style=\"font-family: helvetica, arial, sans-serif; color: #000000;\">Segundo ela, tamb\u00e9m foram apresentadas experi\u00eancias concretas de atua\u00e7\u00f5es ministeriais no sentido de garantir o Direito Humano \u00e0 Alimenta\u00e7\u00e3o Adequada (DHANA), entre elas, o Minist\u00e9rio P\u00fablico Federal (MPF) apresentou o \u201cCatrapovos\u201d, iniciativa que, em Alagoas, tem o apoio do MPAL em sua implementa\u00e7\u00e3o.<\/span><\/p>\n<p style=\"text-align: justify;\" align=\"justify\"><span style=\"font-family: helvetica, arial, sans-serif; color: #000000;\">Na oportunidade, o MP de Minas Gerais, por sua vez, apresentou atua\u00e7\u00e3o em defesa do \u201cdireito a estar livre da fome\u201d, tanto com comunidade ind\u00edgena como atrav\u00e9s da &#8220;Caravana Dom Mauro Morelli&#8221;.<\/span><\/p>\n<p style=\"text-align: justify;\" align=\"justify\"><span style=\"font-family: helvetica, arial, sans-serif; color: #000000;\">\u201cPelo MPAL, n\u00f3s apresentamos a A\u00e7\u00e3o Civil P\u00fablica que ingressamos em defesa da seguran\u00e7a alimentar e nutricional de crian\u00e7as, adolescentes, gestantes e nutrizes ind\u00edgenas migrantes venezuelanos da etnia Warao\u201d, citou a promotora Alexandra Beurlen.<\/span><\/p>\n<p style=\"text-align: justify;\" align=\"justify\"><span style=\"font-family: helvetica, arial, sans-serif; color: #000000;\">Outro ponto tratado durante a forma\u00e7\u00e3o foi a necessidade de amplia\u00e7\u00e3o da ades\u00e3o dos munic\u00edpios ao Sistema Nacional de Seguran\u00e7a Alimentar e Nutricional (Sisan). <span style=\"font-size: medium;\">\u201cO MPAL, por <\/span><span style=\"font-size: medium;\">meio do N\u00facleo <\/span><span style=\"font-size: medium;\">de Direitos Humanos<\/span><span style=\"font-size: medium;\">, <\/span><span style=\"font-size: medium;\">vem destacando em Alagoas<\/span><span style=\"font-size: medium;\"> a import\u00e2ncia dos munic\u00edpios aderirem ao S<\/span><span style=\"font-size: medium;\">isan<\/span><span style=\"font-size: medium;\">, <\/span><span style=\"font-size: medium;\">o qual<\/span><span style=\"font-size: medium;\"> garante prefer\u00eancia em pol\u00edticas para assegurar o direito humano \u00e0 alimenta\u00e7\u00e3o adequada e nutri\u00e7\u00e3o e o direito a estar livre da fome\u201d, <\/span><span style=\"font-size: medium;\">enfatizou a promotora de Justi\u00e7a<\/span><span style=\"font-size: medium;\">.<\/span><\/span><\/p>\n<p style=\"text-align: justify;\" align=\"justify\"><span style=\"font-family: helvetica, arial, sans-serif; color: #000000;\">A participa\u00e7\u00e3o do MPAL no evento realizado em Minas Gerais tamb\u00e9m permitiu uma visita ao \u201cCanto da Rua\u201d, projeto de acolhimento e acompanhamento da popula\u00e7\u00e3o de rua em Belo Horizonte.<\/span><\/p>\n<p style=\"text-align: justify;\" align=\"justify\"><span style=\"font-family: helvetica, arial, sans-serif; color: #000000;\"><b>Forma\u00e7\u00e3o<\/b><\/span><\/p>\n<p style=\"text-align: justify;\" align=\"justify\"><span style=\"font-family: helvetica, arial, sans-serif; color: #000000;\">A iniciativa foi realizada pelo GNA-Social, com apoio do Centro de Estudos e Aperfei\u00e7oamento Funcional (Ceaf) e do Centro de Apoio Operacional \u00e0s Promotorias de Justi\u00e7a de Apoio Comunit\u00e1rio, Inclus\u00e3o e Mobiliza\u00e7\u00e3o Sociais (CAO-Cimos). Especialistas e integrantes do Minist\u00e9rio P\u00fablico debateram temas como o direito \u00e0 alimenta\u00e7\u00e3o adequada, a seguran\u00e7a alimentar e nutricional e experi\u00eancias desenvolvidas em diferentes regi\u00f5es do pa\u00eds.<\/span><\/p>\n<p style=\"text-align: justify;\" align=\"justify\"><span style=\"font-family: helvetica, arial, sans-serif; color: #000000;\">Na abertura do evento, o coordenador do CAO-Cimos e secret\u00e1rio-executivo do GNA-Social, Paulo C\u00e9sar Vicente de Lima, ressaltou que a fome e a pobreza extrema continuam presentes no cotidiano de milh\u00f5es de brasileiros e exigem uma resposta coordenada das institui\u00e7\u00f5es p\u00fablicas. &#8220;A pobreza extrema e a fome n\u00e3o est\u00e3o em outro planeta. Elas est\u00e3o ao lado das nossas institui\u00e7\u00f5es, nas esquinas das nossas cidades, cruzando as nossas rotinas di\u00e1rias&#8221;, afirmou.<\/span><\/p>\n<p style=\"text-align: justify;\" align=\"justify\"><span style=\"font-family: helvetica, arial, sans-serif; color: #000000;\">&#8220;O combate \u00e0 fome n\u00e3o come\u00e7a apenas na distribui\u00e7\u00e3o emergencial de alimentos. O combate \u00e0 fome come\u00e7a quando as institui\u00e7\u00f5es decidem organizar o Estado para que a dignidade humana deixe de depender da sorte&#8221;, destacou.<\/span><\/p>\n<p style=\"text-align: justify;\" align=\"justify\"><span style=\"font-family: helvetica, arial, sans-serif; color: #000000;\">Em sua fala no evento, o procurador-geral de Justi\u00e7a de Minas Gerais, Paulo de Tarso Morais Filho, destacou a import\u00e2ncia do tema para a atua\u00e7\u00e3o do Minist\u00e9rio P\u00fablico e reconheceu o trabalho desenvolvido pelo CAO-Cimos. &#8220;Temos o dever de jogar luz sobre aquela parcela da popula\u00e7\u00e3o vulner\u00e1vel e invis\u00edvel. Essa tem\u00e1tica \u00e9 fundamental para n\u00f3s. Nada mais justo do que pensar na seguran\u00e7a alimentar das pessoas. O direito a se alimentar adequadamente \u00e9 o m\u00ednimo para se viver com dignidade&#8221;, afirmou.<\/span><\/p>\n<p style=\"text-align: justify;\" align=\"justify\"><span style=\"font-family: helvetica, arial, sans-serif; color: #000000;\">A seguran\u00e7a alimentar e nutricional significa ter acesso regular e permanente a alimentos de qualidade, em quantidade suficiente e sem comprometer outras necessidades b\u00e1sicas da vida. Para ajudar a garantir esse direito, foi criado o Sistema Nacional de Seguran\u00e7a Alimentar e Nutricional (Sisan). O sistema re\u00fane Uni\u00e3o, estados, munic\u00edpios e sociedade civil para planejar, executar e acompanhar pol\u00edticas p\u00fablicas voltadas ao combate \u00e0 fome e \u00e0 promo\u00e7\u00e3o da alimenta\u00e7\u00e3o adequada.<\/span><\/p>\n<p style=\"text-align: justify;\" align=\"justify\"><span style=\"font-family: helvetica, arial, sans-serif; color: #000000;\">Entre outras fun\u00e7\u00f5es, o Sisan apoia a cria\u00e7\u00e3o de conselhos e espa\u00e7os de participa\u00e7\u00e3o social, incentiva a integra\u00e7\u00e3o entre diferentes \u00e1reas do poder p\u00fablico e orienta a elabora\u00e7\u00e3o de planos de seguran\u00e7a alimentar nos estados e munic\u00edpios. A amplia\u00e7\u00e3o da ades\u00e3o dos munic\u00edpios ao sistema \u00e9 uma das prioridades defendidas pelo Minist\u00e9rio P\u00fablico para fortalecer as pol\u00edticas p\u00fablicas voltadas \u00e0 garantia desse direito.<\/span><\/p>\n<p style=\"text-align: justify;\" align=\"justify\"><span style=\"font-family: helvetica, arial, sans-serif; color: #000000;\"><i><b>*Com informa\u00e7\u00f5es da ASCOM do MPMG<\/b><\/i><\/span><\/p>\n<p style=\"text-align: justify;\" align=\"justify\"><span style=\"font-family: helvetica, arial, sans-serif; color: #000000;\"><i><b>*Fotos: <\/b>ASCOM\/MPMG<\/i><\/span><\/p>\n<\/div><style type=\"text\/css\">.fusion-gallery-1 .fusion-gallery-image {border:0px solid #f6f6f6;-webkit-border-radius:5px;-moz-border-radius:5px;border-radius:5px;}<\/style><div class=\"fusion-gallery fusion-gallery-container fusion-grid-3 fusion-columns-total-0 fusion-gallery-layout-grid fusion-gallery-1\" style=\"margin:-5px;\"><div style=\"padding:5px;\" class=\"fusion-grid-column fusion-gallery-column fusion-gallery-column-3 hover-type-none\"><div class=\"fusion-gallery-image\"><a href=\"https:\/\/www.mpal.mp.br\/wp-content\/uploads\/2026\/08\/55484899702_ed083c83b7_b.jpg\" rel=\"noreferrer\" data-rel=\"iLightbox[gallery_image_1]\" class=\"fusion-lightbox\" target=\"_self\"><img loading=\"lazy\" decoding=\"async\" src=\"https:\/\/www.mpal.mp.br\/wp-content\/uploads\/2026\/08\/55484899702_ed083c83b7_b.jpg\" width=\"1024\" height=\"683\" alt=\"\" title=\"55484899702_ed083c83b7_b\" aria-label=\"55484899702_ed083c83b7_b\" class=\"img-responsive wp-image-74437\" \/><\/a><\/div><\/div><div style=\"padding:5px;\" class=\"fusion-grid-column fusion-gallery-column fusion-gallery-column-3 hover-type-none\"><div class=\"fusion-gallery-image\"><a href=\"https:\/\/www.mpal.mp.br\/wp-content\/uploads\/2026\/08\/55484899012_318ff4d4f8_o.jpg\" rel=\"noreferrer\" data-rel=\"iLightbox[gallery_image_1]\" class=\"fusion-lightbox\" target=\"_self\"><img loading=\"lazy\" decoding=\"async\" src=\"https:\/\/www.mpal.mp.br\/wp-content\/uploads\/2026\/08\/55484899012_318ff4d4f8_o.jpg\" width=\"2400\" height=\"1600\" alt=\"\" title=\"55484899012_318ff4d4f8_o\" aria-label=\"55484899012_318ff4d4f8_o\" class=\"img-responsive wp-image-74438\" \/><\/a><\/div><\/div><div style=\"padding:5px;\" class=\"fusion-grid-column fusion-gallery-column fusion-gallery-column-3 hover-type-none\"><div class=\"fusion-gallery-image\"><a href=\"https:\/\/www.mpal.mp.br\/wp-content\/uploads\/2026\/08\/55485887971_5658a4ea43_o.jpg\" rel=\"noreferrer\" data-rel=\"iLightbox[gallery_image_1]\" class=\"fusion-lightbox\" target=\"_self\"><img loading=\"lazy\" decoding=\"async\" src=\"https:\/\/www.mpal.mp.br\/wp-content\/uploads\/2026\/08\/55485887971_5658a4ea43_o.jpg\" width=\"2400\" height=\"1600\" alt=\"\" title=\"55485887971_5658a4ea43_o\" aria-label=\"55485887971_5658a4ea43_o\" class=\"img-responsive wp-image-74439\" \/><\/a><\/div><\/div><div class=\"clearfix\"><\/div><div style=\"padding:5px;\" class=\"fusion-grid-column fusion-gallery-column fusion-gallery-column-3 hover-type-none\"><div class=\"fusion-gallery-image\"><a href=\"https:\/\/www.mpal.mp.br\/wp-content\/uploads\/2026\/08\/55486276390_12d6b8048f_o.jpg\" rel=\"noreferrer\" data-rel=\"iLightbox[gallery_image_1]\" class=\"fusion-lightbox\" target=\"_self\"><img loading=\"lazy\" decoding=\"async\" src=\"https:\/\/www.mpal.mp.br\/wp-content\/uploads\/2026\/08\/55486276390_12d6b8048f_o.jpg\" width=\"2400\" height=\"1600\" alt=\"\" title=\"55486276390_12d6b8048f_o\" aria-label=\"55486276390_12d6b8048f_o\" class=\"img-responsive wp-image-74440\" \/><\/a><\/div><\/div><div style=\"padding:5px;\" class=\"fusion-grid-column fusion-gallery-column fusion-gallery-column-3 hover-type-none\"><div class=\"fusion-gallery-image\"><a href=\"https:\/\/www.mpal.mp.br\/wp-content\/uploads\/2026\/08\/55485888041_b0189ca274_o.jpg\" rel=\"noreferrer\" data-rel=\"iLightbox[gallery_image_1]\" class=\"fusion-lightbox\" target=\"_self\"><img loading=\"lazy\" decoding=\"async\" src=\"https:\/\/www.mpal.mp.br\/wp-content\/uploads\/2026\/08\/55485888041_b0189ca274_o.jpg\" width=\"2400\" height=\"1600\" alt=\"\" title=\"55485888041_b0189ca274_o\" aria-label=\"55485888041_b0189ca274_o\" class=\"img-responsive wp-image-74441\" \/><\/a><\/div><\/div><div style=\"padding:5px;\" class=\"fusion-grid-column fusion-gallery-column fusion-gallery-column-3 hover-type-none\"><div class=\"fusion-gallery-image\"><a href=\"https:\/\/www.mpal.mp.br\/wp-content\/uploads\/2026\/08\/55486276690_c4aac78a64_o.jpg\" rel=\"noreferrer\" data-rel=\"iLightbox[gallery_image_1]\" class=\"fusion-lightbox\" target=\"_self\"><img loading=\"lazy\" decoding=\"async\" src=\"https:\/\/www.mpal.mp.br\/wp-content\/uploads\/2026\/08\/55486276690_c4aac78a64_o.jpg\" width=\"2400\" height=\"1600\" alt=\"\" title=\"55486276690_c4aac78a64_o\" aria-label=\"55486276690_c4aac78a64_o\" class=\"img-responsive wp-image-74442\" \/><\/a><\/div><\/div><div class=\"clearfix\"><\/div><div style=\"padding:5px;\" class=\"fusion-grid-column fusion-gallery-column fusion-gallery-column-3 hover-type-none\"><div class=\"fusion-gallery-image\"><a href=\"https:\/\/www.mpal.mp.br\/wp-content\/uploads\/2026\/08\/55485888326_088e528f68_o.jpg\" rel=\"noreferrer\" data-rel=\"iLightbox[gallery_image_1]\" class=\"fusion-lightbox\" target=\"_self\"><img loading=\"lazy\" decoding=\"async\" src=\"https:\/\/www.mpal.mp.br\/wp-content\/uploads\/2026\/08\/55485888326_088e528f68_o.jpg\" width=\"2400\" height=\"1600\" alt=\"\" title=\"55485888326_088e528f68_o\" aria-label=\"55485888326_088e528f68_o\" class=\"img-responsive wp-image-74443\" \/><\/a><\/div><\/div><div style=\"padding:5px;\" class=\"fusion-grid-column fusion-gallery-column fusion-gallery-column-3 hover-type-none\"><div class=\"fusion-gallery-image\"><a href=\"https:\/\/www.mpal.mp.br\/wp-content\/uploads\/2026\/08\/55484899542_19b0601bbe_o.jpg\" rel=\"noreferrer\" data-rel=\"iLightbox[gallery_image_1]\" class=\"fusion-lightbox\" target=\"_self\"><img loading=\"lazy\" decoding=\"async\" src=\"https:\/\/www.mpal.mp.br\/wp-content\/uploads\/2026\/08\/55484899542_19b0601bbe_o.jpg\" width=\"2400\" height=\"1600\" alt=\"\" title=\"55484899542_19b0601bbe_o\" aria-label=\"55484899542_19b0601bbe_o\" class=\"img-responsive wp-image-74444\" \/><\/a><\/div><\/div><div style=\"padding:5px;\" class=\"fusion-grid-column fusion-gallery-column fusion-gallery-column-3 hover-type-none\"><div class=\"fusion-gallery-image\"><a href=\"https:\/\/www.mpal.mp.br\/wp-content\/uploads\/2026\/08\/55485888286_1e4b0b8d3b_o.jpg\" rel=\"noreferrer\" data-rel=\"iLightbox[gallery_image_1]\" class=\"fusion-lightbox\" target=\"_self\"><img loading=\"lazy\" decoding=\"async\" src=\"https:\/\/www.mpal.mp.br\/wp-content\/uploads\/2026\/08\/55485888286_1e4b0b8d3b_o.jpg\" width=\"2400\" height=\"1600\" alt=\"\" title=\"55485888286_1e4b0b8d3b_o\" aria-label=\"55485888286_1e4b0b8d3b_o\" class=\"img-responsive wp-image-74445\" \/><\/a><\/div><\/div><div class=\"clearfix\"><\/div><div style=\"padding:5px;\" class=\"fusion-grid-column fusion-gallery-column fusion-gallery-column-3 hover-type-none\"><div class=\"fusion-gallery-image\"><a href=\"https:\/\/www.mpal.mp.br\/wp-content\/uploads\/2026\/08\/55486000743_881108a711_o.jpg\" rel=\"noreferrer\" data-rel=\"iLightbox[gallery_image_1]\" class=\"fusion-lightbox\" target=\"_self\"><img loading=\"lazy\" decoding=\"async\" src=\"https:\/\/www.mpal.mp.br\/wp-content\/uploads\/2026\/08\/55486000743_881108a711_o.jpg\" width=\"2400\" height=\"1600\" alt=\"\" title=\"55486000743_881108a711_o\" aria-label=\"55486000743_881108a711_o\" class=\"img-responsive wp-image-74446\" \/><\/a><\/div><\/div><div style=\"padding:5px;\" class=\"fusion-grid-column fusion-gallery-column fusion-gallery-column-3 hover-type-none\"><div class=\"fusion-gallery-image\"><a href=\"https:\/\/www.mpal.mp.br\/wp-content\/uploads\/2026\/08\/55486000738_b47f1a0eed_o.jpg\" rel=\"noreferrer\" data-rel=\"iLightbox[gallery_image_1]\" class=\"fusion-lightbox\" target=\"_self\"><img loading=\"lazy\" decoding=\"async\" src=\"https:\/\/www.mpal.mp.br\/wp-content\/uploads\/2026\/08\/55486000738_b47f1a0eed_o.jpg\" width=\"2400\" height=\"1600\" alt=\"\" title=\"55486000738_b47f1a0eed_o\" aria-label=\"55486000738_b47f1a0eed_o\" class=\"img-responsive wp-image-74447\" \/><\/a><\/div><\/div><div style=\"padding:5px;\" class=\"fusion-grid-column fusion-gallery-column fusion-gallery-column-3 hover-type-none\"><div class=\"fusion-gallery-image\"><a href=\"https:\/\/www.mpal.mp.br\/wp-content\/uploads\/2026\/08\/55486000603_da94b35b06_o.jpg\" rel=\"noreferrer\" data-rel=\"iLightbox[gallery_image_1]\" class=\"fusion-lightbox\" target=\"_self\"><img loading=\"lazy\" decoding=\"async\" src=\"https:\/\/www.mpal.mp.br\/wp-content\/uploads\/2026\/08\/55486000603_da94b35b06_o.jpg\" width=\"2400\" height=\"1600\" alt=\"\" title=\"55486000603_da94b35b06_o\" aria-label=\"55486000603_da94b35b06_o\" class=\"img-responsive wp-image-74448\" \/><\/a><\/div><\/div><div class=\"clearfix\"><\/div><div style=\"padding:5px;\" class=\"fusion-grid-column fusion-gallery-column fusion-gallery-column-3 hover-type-none\"><div class=\"fusion-gallery-image\"><a href=\"https:\/\/www.mpal.mp.br\/wp-content\/uploads\/2026\/08\/55486276710_8afdb8bdba_o.jpg\" rel=\"noreferrer\" data-rel=\"iLightbox[gallery_image_1]\" class=\"fusion-lightbox\" target=\"_self\"><img loading=\"lazy\" decoding=\"async\" src=\"https:\/\/www.mpal.mp.br\/wp-content\/uploads\/2026\/08\/55486276710_8afdb8bdba_o.jpg\" width=\"1600\" height=\"2400\" alt=\"\" title=\"55486276710_8afdb8bdba_o\" aria-label=\"55486276710_8afdb8bdba_o\" class=\"img-responsive wp-image-74449\" \/><\/a><\/div><\/div><div style=\"padding:5px;\" class=\"fusion-grid-column fusion-gallery-column fusion-gallery-column-3 hover-type-none\"><div class=\"fusion-gallery-image\"><a href=\"https:\/\/www.mpal.mp.br\/wp-content\/uploads\/2026\/08\/55485888246_14680f507d_o.jpg\" rel=\"noreferrer\" data-rel=\"iLightbox[gallery_image_1]\" class=\"fusion-lightbox\" target=\"_self\"><img loading=\"lazy\" decoding=\"async\" src=\"https:\/\/www.mpal.mp.br\/wp-content\/uploads\/2026\/08\/55485888246_14680f507d_o.jpg\" width=\"2400\" height=\"1600\" alt=\"\" title=\"55485888246_14680f507d_o\" aria-label=\"55485888246_14680f507d_o\" class=\"img-responsive wp-image-74450\" \/><\/a><\/div><\/div><div style=\"padding:5px;\" class=\"fusion-grid-column fusion-gallery-column fusion-gallery-column-3 hover-type-none\"><div class=\"fusion-gallery-image\"><a href=\"https:\/\/www.mpal.mp.br\/wp-content\/uploads\/2026\/08\/55484899422_06e565c2d3_o.jpg\" rel=\"noreferrer\" data-rel=\"iLightbox[gallery_image_1]\" class=\"fusion-lightbox\" target=\"_self\"><img loading=\"lazy\" decoding=\"async\" src=\"https:\/\/www.mpal.mp.br\/wp-content\/uploads\/2026\/08\/55484899422_06e565c2d3_o.jpg\" width=\"2400\" height=\"1600\" alt=\"\" title=\"55484899422_06e565c2d3_o\" aria-label=\"55484899422_06e565c2d3_o\" class=\"img-responsive wp-image-74451\" \/><\/a><\/div><\/div><div class=\"clearfix\"><\/div><div style=\"padding:5px;\" class=\"fusion-grid-column fusion-gallery-column fusion-gallery-column-3 hover-type-none\"><div class=\"fusion-gallery-image\"><a href=\"https:\/\/www.mpal.mp.br\/wp-content\/uploads\/2026\/08\/55486058834_9be053b9f1_o.jpg\" rel=\"noreferrer\" data-rel=\"iLightbox[gallery_image_1]\" class=\"fusion-lightbox\" target=\"_self\"><img loading=\"lazy\" decoding=\"async\" src=\"https:\/\/www.mpal.mp.br\/wp-content\/uploads\/2026\/08\/55486058834_9be053b9f1_o.jpg\" width=\"1600\" height=\"2400\" alt=\"\" title=\"55486058834_9be053b9f1_o\" aria-label=\"55486058834_9be053b9f1_o\" class=\"img-responsive wp-image-74452\" \/><\/a><\/div><\/div><\/div><div class=\"fusion-clearfix\"><\/div>\n\n\t\t\t\t\t<\/div>\n\t\t\t\t<\/div><\/div><\/div>\n","protected":false},"excerpt":{"rendered":"","protected":false},"author":24,"featured_media":74453,"comment_status":"open","ping_status":"open","sticky":false,"template":"","format":"standard","meta":{"om_disable_all_campaigns":false,"_monsterinsights_skip_tracking":false,"_monsterinsights_sitenote_active":false,"_monsterinsights_sitenote_note":"","_monsterinsights_sitenote_category":0,"_uf_show_specific_survey":0,"_uf_disable_surveys":false,"footnotes":""},"categories":[2],"tags":[],"class_list":["post-74435","post","type-post","status-publish","format-standard","has-post-thumbnail","hentry","category-not_mpal"],"aioseo_notices":[],"_links":{"self":[{"href":"https:\/\/www.mpal.mp.br\/index.php?rest_route=\/wp\/v2\/posts\/74435","targetHints":{"allow":["GET"]}}],"collection":[{"href":"https:\/\/www.mpal.mp.br\/index.php?rest_route=\/wp\/v2\/posts"}],"about":[{"href":"https:\/\/www.mpal.mp.br\/index.php?rest_route=\/wp\/v2\/types\/post"}],"author":[{"embeddable":true,"href":"https:\/\/www.mpal.mp.br\/index.php?rest_route=\/wp\/v2\/users\/24"}],"replies":[{"embeddable":true,"href":"https:\/\/www.mpal.mp.br\/index.php?rest_route=%2Fwp%2Fv2%2Fcomments&post=74435"}],"version-history":[{"count":3,"href":"https:\/\/www.mpal.mp.br\/index.php?rest_route=\/wp\/v2\/posts\/74435\/revisions"}],"predecessor-version":[{"id":74456,"href":"https:\/\/www.mpal.mp.br\/index.php?rest_route=\/wp\/v2\/posts\/74435\/revisions\/74456"}],"wp:featuredmedia":[{"embeddable":true,"href":"https:\/\/www.mpal.mp.br\/index.php?rest_route=\/wp\/v2\/media\/74453"}],"wp:attachment":[{"href":"https:\/\/www.mpal.mp.br\/index.php?rest_route=%2Fwp%2Fv2%2Fmedia&parent=74435"}],"wp:term":[{"taxonomy":"category","embeddable":true,"href":"https:\/\/www.mpal.mp.br\/index.php?rest_route=%2Fwp%2Fv2%2Fcategories&post=74435"},{"taxonomy":"post_tag","embeddable":true,"href":"https:\/\/www.mpal.mp.br\/index.php?rest_route=%2Fwp%2Fv2%2Ftags&post=74435"}],"curies":[{"name":"wp","href":"https:\/\/api.w.org\/{rel}","templated":true}]}}