{"id":74323,"date":"2026-08-31T13:15:25","date_gmt":"2026-08-31T16:15:25","guid":{"rendered":"https:\/\/www.mpal.mp.br\/?p=74323"},"modified":"2026-08-31T13:15:25","modified_gmt":"2026-08-31T16:15:25","slug":"mpal-ingressa-com-acao-civil-publica-contra-municipio-de-atalaia-e-camara-de-vereadores-para-garantir-transparencia-nas-contas-publicas","status":"publish","type":"post","link":"https:\/\/www.mpal.mp.br\/?p=74323","title":{"rendered":"MPAL ingressa com A\u00e7\u00e3o Civil P\u00fablica contra Munic\u00edpio de Atalaia e C\u00e2mara de Vereadores para garantir transpar\u00eancia nas contas p\u00fablicas"},"content":{"rendered":"<p style=\"text-align: justify;\" align=\"justify\"><span style=\"color: #000000; font-family: helvetica, arial, sans-serif;\">O Minist\u00e9rio P\u00fablico de Alagoas (MPAL) ingressou, na \u00faltima quinta-feira (27), com uma A\u00e7\u00e3o Civil P\u00fablica (ACP) com pedido de tutela de urg\u00eancia para que a Justi\u00e7a determine que o Munic\u00edpio e a C\u00e2mara de Vereadores de Atalaia deem transpar\u00eancia \u00e0s contas p\u00fablicas em seus respectivos portais na internet. Na a\u00e7\u00e3o, o MPAL solicita que as medidas sejam tomadas em at\u00e9 60 dias e promovam a completa adequa\u00e7\u00e3o, reestrutura\u00e7\u00e3o e alimenta\u00e7\u00e3o cont\u00ednua do Portal da Transpar\u00eancia institucional e das ferramentas de acesso \u00e0 informa\u00e7\u00e3o, cumprindo integralmente algumas obriga\u00e7\u00f5es.<\/span><\/p>\n<p style=\"text-align: justify;\" align=\"justify\"><span style=\"color: #000000; font-family: helvetica, arial, sans-serif;\">De iniciativa do promotor de Justi\u00e7a Guilherme Diamantaras, titular da 1\u00aa Promotoria de Justi\u00e7a do munic\u00edpio, a ACP tamb\u00e9m \u00e9 direcionada ao presidente da C\u00e2mara de Vereadores de Atalaia, Jos\u00e9 C\u00edcero Melo dos Santos, por ser respons\u00e1vel pela pr\u00e1tica dos atos administrativos e ordena\u00e7\u00e3o de despesas do Poder Legislativo, tendo praticado a omiss\u00e3o continuada ao n\u00e3o atualizar o Portal da Transpar\u00eancia.<\/span><\/p>\n<p style=\"text-align: justify;\" align=\"justify\"><span style=\"color: #000000; font-family: helvetica, arial, sans-serif;\">Na ACP, o MPAL solicita que a Justi\u00e7a determine ao Munic\u00edpio e \u00e0 C\u00e2mara: a constru\u00e7\u00e3o, ativa\u00e7\u00e3o e manuten\u00e7\u00e3o do s\u00edtio eletr\u00f4nico oficial do Portal da Transpar\u00eancia, assegurando funcionamento ininterrupto e links funcionais sem arquivos corrompidos; implementa\u00e7\u00e3o de ferramenta eficiente de pesquisa de conte\u00fado que permita o acesso r\u00e1pido, claro e em linguagem acess\u00edvel; disponibiliza\u00e7\u00e3o e atualiza\u00e7\u00e3o em tempo real de informa\u00e7\u00f5es detalhadas sobre a receita, contendo natureza, valor de previs\u00e3o e valor arrecadado; disponibiliza\u00e7\u00e3o e atualiza\u00e7\u00e3o em tempo real de todos os dados relativos \u00e0 despesa, discriminando n\u00famero do processo, valor do empenho, liquida\u00e7\u00e3o, pagamento e nome completo\/raz\u00e3o social do favorecido.<\/span><\/p>\n<p style=\"text-align: justify;\" align=\"justify\"><span style=\"color: #000000; font-family: helvetica, arial, sans-serif;\">O Minist\u00e9rio P\u00fablico tamb\u00e9m requer que os Portais da Transpar\u00eancia possuam: publica\u00e7\u00e3o na \u00edntegra de todos os procedimentos licitat\u00f3rios realizados e em andamento, contendo n\u00famero, ano, modalidade, data, valor, objeto, \u00edntegra dos editais e anexos, resultados e termos de contratos firmados na \u00edntegra; apresenta\u00e7\u00e3o e disponibiliza\u00e7\u00e3o cont\u00ednua das presta\u00e7\u00f5es de contas (relat\u00f3rios de gest\u00e3o) dos exerc\u00edcios anteriores, dos Relat\u00f3rios Resumidos de Execu\u00e7\u00e3o Or\u00e7ament\u00e1ria (RREO) e dos Relat\u00f3rios de Gest\u00e3o Fiscal (RGF) dos \u00faltimos seis meses, bem como dos relat\u00f3rios estat\u00edsticos da Lei de Acesso \u00e0 Informa\u00e7\u00e3o (LAI); implementa\u00e7\u00e3o funcional do Servi\u00e7o Eletr\u00f4nico de Informa\u00e7\u00f5es ao Cidad\u00e3o (e-SIC), garantindo a protocoliza\u00e7\u00e3o digital de pedidos de acesso \u00e0 informa\u00e7\u00e3o e o fornecimento de n\u00famero de protocolo para acompanhamento online posterior, sem exig\u00eancias burocr\u00e1ticas que inviabilizem o pedido.<\/span><\/p>\n<p style=\"text-align: justify;\" align=\"justify\"><span style=\"color: #000000; font-family: helvetica, arial, sans-serif;\">\u201cSolicitamos ao Poder Judici\u00e1rio, por meio da A\u00e7\u00e3o Civil P\u00fablica, que possa compelir os r\u00e9us a cumprirem, de forma definitiva, integral e ininterrupta, os mandamentos constitucionais e legais que regem a publicidade ativa e passiva, a transpar\u00eancia p\u00fablica da gest\u00e3o fiscal e o pleno acesso \u00e0 informa\u00e7\u00e3o pela sociedade, consubstanciados na Lei Federal n\u00ba 12.527\/2011 (Lei de Acesso \u00e0 Informa\u00e7\u00e3o &#8211; LAI) e na Lei Complementar Federal n\u00ba 101\/2000 (Lei de Responsabilidade Fiscal &#8211; LRF), com as altera\u00e7\u00f5es introduzidas pela Lei Complementar n\u00ba 131\/2009 e pelo Decreto Federal n\u00ba 7.185\/2010\u201d, detalhou o promotor de Justi\u00e7a Guilherme Diamantaras.<\/span><\/p>\n<p style=\"text-align: justify;\" align=\"justify\"><span style=\"color: #000000; font-family: helvetica, arial, sans-serif;\">Segundo ele, o MPAL j\u00e1 expediu diversas recomenda\u00e7\u00f5es administrativas tanto \u00e0 Prefeitura quanto \u00e0 C\u00e2mara de Vereadores, com o mesmo objetivo, no entanto, os pedidos n\u00e3o foram atendidos.<\/span><\/p>\n<p style=\"text-align: justify;\" align=\"justify\"><span style=\"color: #000000; font-family: helvetica, arial, sans-serif;\">\u201cO Poder Legislativo Municipal de Atalaia e a Administra\u00e7\u00e3o P\u00fablica local v\u00eam incorrendo em reiterado e intoler\u00e1vel descumprimento dos deveres de publicidade ativa, mantendo o s\u00edtio institucional e o Portal da Transpar\u00eancia em estado de completo abandono, inoper\u00e2ncia e severa desatualiza\u00e7\u00e3o, mesmo ap\u00f3s a expedi\u00e7\u00e3o de recomenda\u00e7\u00f5es formais, requisi\u00e7\u00f5es ministeriais reiteradas e a concess\u00e3o de sucessivas oportunidades para a celebra\u00e7\u00e3o consensual de compromisso de ajustamento de conduta, os demandados mantiveram-se recalcitrantes\u201d, acrescentou o promotor de Justi\u00e7a.<\/span><\/p>\n<p style=\"text-align: justify;\" align=\"justify\"><span style=\"color: #000000; font-family: helvetica, arial, sans-serif;\">Segundo consta na ACP encaminhada ao Poder Judici\u00e1rio, uma avalia\u00e7\u00e3o t\u00e9cnica minuciosa realizada em 7 de agosto de 2026 pelo N\u00facleo de Defesa do Patrim\u00f4nio P\u00fablico do Minist\u00e9rio P\u00fablico do Estado de Alagoas (NUDEPAT) constatou \u00edndice geral de cumprimento de irris\u00f3rios 0,6% (pontua\u00e7\u00e3o 6 de 100 poss\u00edveis), evidenciando a aus\u00eancia total de transpar\u00eancia nos gastos com pessoal, licita\u00e7\u00f5es, contratos, di\u00e1rias, execu\u00e7\u00e3o da despesa e relat\u00f3rios de gest\u00e3o fiscal.<\/span><\/p>\n<p style=\"text-align: justify;\" align=\"justify\"><span style=\"color: #000000; font-family: helvetica, arial, sans-serif;\">J\u00e1 em uma avalia\u00e7\u00e3o realizada em 2022, a ferramenta de transpar\u00eancia da C\u00e2mara de Atalaia havia atingido a estarrecedora nota zero (0%). Em 2025, novas inspe\u00e7\u00f5es ministeriais comprovaram que o s\u00edtio eletr\u00f4nico oficial continuava fora do ar e totalmente inacess\u00edvel ao p\u00fablico. \u201cEsse cen\u00e1rio de opacidade governamental atinge o Munic\u00edpio e o Poder Legislativo de Atalaia, tornando imperiosa a presta\u00e7\u00e3o jurisdicional saneadora\u201d, concluiu o promotor de Justi\u00e7a.<\/span><\/p>\n","protected":false},"excerpt":{"rendered":"<p> [&hellip;]<\/p>\n","protected":false},"author":24,"featured_media":35339,"comment_status":"open","ping_status":"open","sticky":false,"template":"","format":"standard","meta":{"om_disable_all_campaigns":false,"_monsterinsights_skip_tracking":false,"_monsterinsights_sitenote_active":false,"_monsterinsights_sitenote_note":"","_monsterinsights_sitenote_category":0,"_uf_show_specific_survey":0,"_uf_disable_surveys":false,"footnotes":""},"categories":[2],"tags":[],"class_list":["post-74323","post","type-post","status-publish","format-standard","has-post-thumbnail","hentry","category-not_mpal"],"aioseo_notices":[],"_links":{"self":[{"href":"https:\/\/www.mpal.mp.br\/index.php?rest_route=\/wp\/v2\/posts\/74323","targetHints":{"allow":["GET"]}}],"collection":[{"href":"https:\/\/www.mpal.mp.br\/index.php?rest_route=\/wp\/v2\/posts"}],"about":[{"href":"https:\/\/www.mpal.mp.br\/index.php?rest_route=\/wp\/v2\/types\/post"}],"author":[{"embeddable":true,"href":"https:\/\/www.mpal.mp.br\/index.php?rest_route=\/wp\/v2\/users\/24"}],"replies":[{"embeddable":true,"href":"https:\/\/www.mpal.mp.br\/index.php?rest_route=%2Fwp%2Fv2%2Fcomments&post=74323"}],"version-history":[{"count":1,"href":"https:\/\/www.mpal.mp.br\/index.php?rest_route=\/wp\/v2\/posts\/74323\/revisions"}],"predecessor-version":[{"id":74324,"href":"https:\/\/www.mpal.mp.br\/index.php?rest_route=\/wp\/v2\/posts\/74323\/revisions\/74324"}],"wp:featuredmedia":[{"embeddable":true,"href":"https:\/\/www.mpal.mp.br\/index.php?rest_route=\/wp\/v2\/media\/35339"}],"wp:attachment":[{"href":"https:\/\/www.mpal.mp.br\/index.php?rest_route=%2Fwp%2Fv2%2Fmedia&parent=74323"}],"wp:term":[{"taxonomy":"category","embeddable":true,"href":"https:\/\/www.mpal.mp.br\/index.php?rest_route=%2Fwp%2Fv2%2Fcategories&post=74323"},{"taxonomy":"post_tag","embeddable":true,"href":"https:\/\/www.mpal.mp.br\/index.php?rest_route=%2Fwp%2Fv2%2Ftags&post=74323"}],"curies":[{"name":"wp","href":"https:\/\/api.w.org\/{rel}","templated":true}]}}