{"id":7370,"date":"2019-10-03T09:37:23","date_gmt":"2019-10-03T12:37:23","guid":{"rendered":"https:\/\/www.mpal.mp.br\/?p=7370"},"modified":"2023-06-12T19:07:09","modified_gmt":"2023-06-12T22:07:09","slug":"luiz-medeiros-assume-corregedoria-geral-agora-em-outubro-em-pauta-a-carreira-dos-novos-promotores","status":"publish","type":"post","link":"https:\/\/www.mpal.mp.br\/?p=7370","title":{"rendered":"Luiz Medeiros assume Corregedoria-Geral agora em outubro; em pauta, a carreira dos novos promotores"},"content":{"rendered":"<p style=\"text-align: justify;\" align=\"justify\" data-raofz=\"14\"><span style=\"font-size: 14pt;\">O corregedor-geral\u00a0substituto,\u00a0Luiz de Albuquerque Medeiros Filho,\u00a0est\u00e1 assumindo o cargo de corregedor-geral\u00a0do Minist\u00e9rio P\u00fablico Estadual de Alagoas (MPAL) durante todo este m\u00eas de outubro, em raz\u00e3o das f\u00e9rias do titular da fun\u00e7\u00e3o, Geraldo Magela Barbosa Pirau\u00e1.\u00a0Nesse per\u00edodo, dentre outras coisas, vai receber especial aten\u00e7\u00e3o do procurador de justi\u00e7a os procedimentos relativos aos 25 promotores de justi\u00e7a que ingressaram na carreira h\u00e1 menos de tr\u00eas anos.\u00a0Parte deles caminha para o processo de\u00a0vitaliciamento como membros efetivos da institui\u00e7\u00e3o.<\/span><\/p>\n<p style=\"text-align: justify;\" align=\"justify\" data-raofz=\"14\"><span style=\"font-size: 14pt;\">Luiz de Albuquerque Medeiros Filho\u00a0comandar\u00e1 a Corregedoria-Geral at\u00e9 o pr\u00f3ximo dia 31 de outubro. Al\u00e9m de dar prosseguimento\u00a0normal\u00a0ao\u00a0trabalho que est\u00e1 sendo desempenhado pelo procurador Geraldo Magela,\u00a0ele est\u00e1 finalizando o relat\u00f3rio que ser\u00e1 enviado ao Conselho Superior do Minist\u00e9rio P\u00fablico,\u00a0onde constam os nomes dos 25 novos promotores de justi\u00e7a que assumiram tal cargo depois de 2017.<\/span><\/p>\n<p style=\"text-align: justify;\" align=\"justify\" data-raofz=\"14\"><span style=\"font-size: 14pt;\">\u201cEstamos informando que, aqueles mais recentes, cumpriram um ano do efetivo exec\u00edcio\u00a0na fun\u00e7\u00e3o, uma vez que tomaram posse em junho do ano passado.\u00a0Quanto aos demais,\u00a0vamos\u00a0explicar\u00a0aos conselheiros que\u00a0os colegas\u00a0est\u00e3o completando dois anos no cargo e, dentro de pouco tempo, ir\u00e3o se submeter ao processo de\u00a0vitaliciamento porque o prazo do est\u00e1gio probat\u00f3rio\u00a0ter\u00e1 sido\u00a0cumprido\u00a0em novembro\u00a0pr\u00f3ximo,\u00a0o que lhes\u00a0d\u00e1 o direito de serem\u00a0confirmados na carreira.\u00a0Portanto, se n\u00e3o houver nenhuma impugna\u00e7\u00e3o por parte do Conselho,\u00a0o colegiado dever\u00e1 concordar com o nosso relat\u00f3rio\u201d, explicou\u00a0ele.<\/span><\/p>\n<p style=\"text-align: justify;\" align=\"justify\" data-raofz=\"14\"><span style=\"font-size: 14pt;\"><strong>O papel da Corregedoria<\/strong><\/span><\/p>\n<p style=\"text-align: justify;\" align=\"justify\" data-raofz=\"14\"><span style=\"font-size: 14pt;\" data-raofz=\"14\">A Corregedoria-Geral do Minist\u00e9rio P\u00fablico \u00e9 um \u00f3rg\u00e3o integrante da administra\u00e7\u00e3o superior que tem a miss\u00e3o de orientar e fiscalizar as atividades funcionais e a conduta dos membros da institui\u00e7\u00e3o. E essa atribui\u00e7\u00e3o consta na Lei Complementar n\u00b0 15\/96, mais precisamente no artigo16.<\/span><\/p>\n<p style=\"text-align: justify;\" align=\"justify\" data-raofz=\"14\"><span style=\"font-size: 14pt;\" data-raofz=\"14\">Como \u00f3rg\u00e3o de controle interno, a Corregedoria-Geral procura estar sempre presente na din\u00e2mica do Minist\u00e9rio P\u00fablico, velando pelo aperfei\u00e7oamento dos servi\u00e7os prestados pelos agentes ministeriais em prol da sociedade alagoana.\u00a0<\/span><\/p>\n<p style=\"text-align: justify;\" align=\"justify\" data-raofz=\"14\"><span style=\"font-size: 14pt;\" data-raofz=\"14\">Dentre suas miss\u00f5es, est\u00e3o: fazer correi\u00e7\u00f5es e inspe\u00e7\u00f5es nos \u00f3rg\u00e3os de execu\u00e7\u00e3o do MPAL; expedir recomenda\u00e7\u00f5es, sem car\u00e1ter vinculativo; instaurar processo disciplinar para apurar a conduta de membro da institui\u00e7\u00e3o; compilar mensalmente os relat\u00f3rios das atividades desenvolvidas pelas procuradorias e promotorias de Justi\u00e7a; elaborar e apresentar ao procurador-geral de justi\u00e7a, sempre na a primeira quinzena de fevereiro, o relat\u00f3rio com dados estat\u00edsticos sobre as atividades das procuradorias e promotorias de Justi\u00e7a relativas ao ano anterior.<\/span><\/p>\n","protected":false},"excerpt":{"rendered":"<p> [&hellip;]<\/p>\n","protected":false},"author":4,"featured_media":7371,"comment_status":"closed","ping_status":"closed","sticky":false,"template":"","format":"standard","meta":{"om_disable_all_campaigns":false,"_monsterinsights_skip_tracking":false,"_monsterinsights_sitenote_active":false,"_monsterinsights_sitenote_note":"","_monsterinsights_sitenote_category":0,"_uf_show_specific_survey":0,"_uf_disable_surveys":false,"footnotes":""},"categories":[48,2],"tags":[],"class_list":["post-7370","post","type-post","status-publish","format-standard","has-post-thumbnail","hentry","category-not_corregedoria","category-not_mpal"],"aioseo_notices":[],"_links":{"self":[{"href":"https:\/\/www.mpal.mp.br\/index.php?rest_route=\/wp\/v2\/posts\/7370","targetHints":{"allow":["GET"]}}],"collection":[{"href":"https:\/\/www.mpal.mp.br\/index.php?rest_route=\/wp\/v2\/posts"}],"about":[{"href":"https:\/\/www.mpal.mp.br\/index.php?rest_route=\/wp\/v2\/types\/post"}],"author":[{"embeddable":true,"href":"https:\/\/www.mpal.mp.br\/index.php?rest_route=\/wp\/v2\/users\/4"}],"replies":[{"embeddable":true,"href":"https:\/\/www.mpal.mp.br\/index.php?rest_route=%2Fwp%2Fv2%2Fcomments&post=7370"}],"version-history":[{"count":1,"href":"https:\/\/www.mpal.mp.br\/index.php?rest_route=\/wp\/v2\/posts\/7370\/revisions"}],"predecessor-version":[{"id":7372,"href":"https:\/\/www.mpal.mp.br\/index.php?rest_route=\/wp\/v2\/posts\/7370\/revisions\/7372"}],"wp:featuredmedia":[{"embeddable":true,"href":"https:\/\/www.mpal.mp.br\/index.php?rest_route=\/wp\/v2\/media\/7371"}],"wp:attachment":[{"href":"https:\/\/www.mpal.mp.br\/index.php?rest_route=%2Fwp%2Fv2%2Fmedia&parent=7370"}],"wp:term":[{"taxonomy":"category","embeddable":true,"href":"https:\/\/www.mpal.mp.br\/index.php?rest_route=%2Fwp%2Fv2%2Fcategories&post=7370"},{"taxonomy":"post_tag","embeddable":true,"href":"https:\/\/www.mpal.mp.br\/index.php?rest_route=%2Fwp%2Fv2%2Ftags&post=7370"}],"curies":[{"name":"wp","href":"https:\/\/api.w.org\/{rel}","templated":true}]}}