{"id":7354,"date":"2020-08-24T09:16:00","date_gmt":"2020-08-24T12:16:00","guid":{"rendered":"https:\/\/www.mpal.mp.br\/?p=7354"},"modified":"2024-03-14T09:19:57","modified_gmt":"2024-03-14T12:19:57","slug":"gaesf-inaugura-nova-sede-e-recebe-investimentos-em-tecnologia-para-combater-sonegacao-fiscal-em-alagoas","status":"publish","type":"post","link":"https:\/\/www.mpal.mp.br\/?p=7354","title":{"rendered":"Gaesf inaugura nova sede e recebe investimentos em tecnologia para combater sonega\u00e7\u00e3o fiscal em Alagoas"},"content":{"rendered":"<p style=\"text-align: justify;\" data-raofz=\"14\"><span style=\"font-size: 14pt;\" data-raofz=\"13\">O Grupo de Atua\u00e7\u00e3o Especial de Combate \u00e0 Sonega\u00e7\u00e3o Fiscal e aos Crimes Contra a Ordem Tribut\u00e1ria, Econ\u00f4mica e Conexos (Gaesf) do Minist\u00e9rio P\u00fablico Estadual de Alagoas (MPAL) ganhou sede nova, nesta segunda-feira (24). O im\u00f3vel, localizado no bairro do Farol, agora conta com um espa\u00e7o mais amplo, confort\u00e1vel e com maior infraestrutura de trabalho, o que vai permitir aos integrantes do colegiado desenvolverem melhor suas atividades.<\/span><\/p>\n<p style=\"text-align: justify;\" data-raofz=\"14\"><span style=\"font-size: 14pt;\" data-raofz=\"13\">Na solenidade de inaugura\u00e7\u00e3o do novo pr\u00e9dio, v\u00e1rias autoridades estiveram presentes. Dentre elas, estava o procurador-geral de Justi\u00e7a, M\u00e1rcio Roberto Ten\u00f3rio de Albuquerque. \u201cO trabalho do Gaesf \u00e9 de vanguarda, combatendo a evas\u00e3o fiscal e buscando a puni\u00e7\u00e3o para aqueles que que insistem em enfrentar a lei da forma errada. Com os ativos recuperados, \u00e9 poss\u00edvel ao estado fazer investimentos em \u00e1reas importantes, como sa\u00fade e educa\u00e7\u00e3o. O Minist\u00e9rio P\u00fablico de Alagoas tem muito orgulho do Gaesf e dos seus membros e estar\u00e1 sempre pronto para ajudar naquilo que for necess\u00e1rio\u201d, garantiu o chefe do MPAL.<\/span><\/p>\n<p style=\"text-align: justify;\" data-raofz=\"14\"><span style=\"font-size: 14pt;\" data-raofz=\"13\">O coordenador do Gaesf, promotor de Justi\u00e7a Cyro Blatter, disse que o a sede nova agora abriga toda a estrutura necess\u00e1ria para que o Grupo possa promover seu trabalho com mais seguran\u00e7a e comodidade. \u201cO pr\u00e9dio, alugado pela Secretaria Estadual da Fazenda, foi adaptado para receber as unidades de Intelig\u00eancia que comp\u00f5e o Gaef. Trabalhar\u00e3o aqui cerca de 30 pessoas entre promotores de Justi\u00e7a, auditores fiscais, policiais civis e militares e um procurador de estado. E, al\u00e9m da reforma feita no pr\u00e9dio, tamb\u00e9m foi investido em tecnologia, o que \u00e9 muito importante para o desempenho das nossas atividades di\u00e1rias\u201d, detalhou ele.<\/span><\/p>\n<p style=\"text-align: justify;\" data-raofz=\"14\"><span style=\"font-size: 14pt;\" data-raofz=\"13\">Renata dos Santos, secret\u00e1ria especial do Tesouro (Sefaz), tamb\u00e9m fez uso da palavra, representando o secret\u00e1rio George Santoro.<\/span><br \/>\n<span style=\"font-size: 14pt;\" data-raofz=\"13\">\u201cO Gaesf trabalha pelo bem do estado, da sociedade. Recupera\u00e7\u00e3o dos impostos sonegados e o combate as fraudes tribut\u00e1rias s\u00e3o as nossa principais miss\u00f5es, ent\u00e3o, nada melhor que dotar o Grupo do pr\u00e9dio e do suporte fundamentais ao seu pleno exerc\u00edcio para que possamos obter resultados ainda melhores\u201d, defendeu ela.<\/span><\/p>\n<p style=\"text-align: justify;\" data-raofz=\"14\"><span style=\"font-size: 14pt;\" data-raofz=\"13\">Integram o Gaesf pelo Minist\u00e9rio P\u00fablico, al\u00e9m de Cyro Blatter, os promotores de Justi\u00e7a Mar\u00edlia Cerqueira e Anderson Cl\u00e1udio de Almeida.<\/span><\/p>\n<p style=\"text-align: justify;\" data-raofz=\"14\"><span style=\"font-size: 14pt;\" data-raofz=\"13\">Tamb\u00e9m estiveram presentes secret\u00e1rios de estado, o comando da Pol\u00edcia Militar, a presid\u00eancia da Ordem dos Advogados do Brasil (OAB\/AL), dentre outras autoridades.<\/span><\/p>\n<p style=\"text-align: justify;\" data-raofz=\"14\"><span style=\"font-size: 14pt;\"><strong>A miss\u00e3o<\/strong><\/span><\/p>\n<p style=\"text-align: justify;\" data-raofz=\"14\"><span style=\"font-size: 14pt;\" data-raofz=\"13\">O Gaesf tem a miss\u00e3o maior de recuperar recursos que foram sonegados por grandes empresas, cuja atua\u00e7\u00e3o \u00e9 feita em parceria com a Secretaria de Estado da Fazenda (Sefaz), a Procuradoria-Geral do Estado e as Pol\u00edcias Civil e Militar. Atualmente, mais de R$ 444 milh\u00f5es em impostos sonegados est\u00e3o em processo de recupera\u00e7\u00e3o. Tal n\u00famero \u00e9 resultado de 15 opera\u00e7\u00f5es que tiveram 76 pessoas presas e 258 mandados de busca e apreens\u00e3o expedidos.<\/span><\/p>\n<p style=\"text-align: justify;\" data-raofz=\"14\"><span style=\"font-size: 14pt;\" data-raofz=\"13\">Al\u00e9m do dinheiro devolvido aos cofres p\u00fablicos, o colegiado tamb\u00e9m conseguiu converter os recursos sonegados em dois ve\u00edculos \u00e0 Pol\u00edcia Civil, duas caminhonetes para a Uncisal, uma casa doada para servir de ambulat\u00f3rio da Uncisal, um im\u00f3vel para a Deic da Pol\u00edcia Civil e uma sala para o estado de Alagoas. Ainda est\u00e3o em processo final de doa\u00e7\u00e3o um ve\u00edculo para o comando da Pol\u00edcia Militar e um terreno para servir de constru\u00e7\u00e3o para uma unidade da PM em Macei\u00f3.<\/span><\/p>\n<p style=\"text-align: justify;\" data-raofz=\"14\"><span style=\"font-size: 14pt;\">Fotos: Claudemir Mota<\/span><\/p>\n","protected":false},"excerpt":{"rendered":"<p> [&hellip;]<\/p>\n","protected":false},"author":5,"featured_media":7355,"comment_status":"closed","ping_status":"closed","sticky":false,"template":"","format":"standard","meta":{"om_disable_all_campaigns":false,"_monsterinsights_skip_tracking":false,"_monsterinsights_sitenote_active":false,"_monsterinsights_sitenote_note":"","_monsterinsights_sitenote_category":0,"_uf_show_specific_survey":0,"_uf_disable_surveys":false,"footnotes":""},"categories":[24],"tags":[],"class_list":["post-7354","post","type-post","status-publish","format-standard","has-post-thumbnail","hentry","category-not_gaesf"],"aioseo_notices":[],"_links":{"self":[{"href":"https:\/\/www.mpal.mp.br\/index.php?rest_route=\/wp\/v2\/posts\/7354","targetHints":{"allow":["GET"]}}],"collection":[{"href":"https:\/\/www.mpal.mp.br\/index.php?rest_route=\/wp\/v2\/posts"}],"about":[{"href":"https:\/\/www.mpal.mp.br\/index.php?rest_route=\/wp\/v2\/types\/post"}],"author":[{"embeddable":true,"href":"https:\/\/www.mpal.mp.br\/index.php?rest_route=\/wp\/v2\/users\/5"}],"replies":[{"embeddable":true,"href":"https:\/\/www.mpal.mp.br\/index.php?rest_route=%2Fwp%2Fv2%2Fcomments&post=7354"}],"version-history":[{"count":1,"href":"https:\/\/www.mpal.mp.br\/index.php?rest_route=\/wp\/v2\/posts\/7354\/revisions"}],"predecessor-version":[{"id":7356,"href":"https:\/\/www.mpal.mp.br\/index.php?rest_route=\/wp\/v2\/posts\/7354\/revisions\/7356"}],"wp:featuredmedia":[{"embeddable":true,"href":"https:\/\/www.mpal.mp.br\/index.php?rest_route=\/wp\/v2\/media\/7355"}],"wp:attachment":[{"href":"https:\/\/www.mpal.mp.br\/index.php?rest_route=%2Fwp%2Fv2%2Fmedia&parent=7354"}],"wp:term":[{"taxonomy":"category","embeddable":true,"href":"https:\/\/www.mpal.mp.br\/index.php?rest_route=%2Fwp%2Fv2%2Fcategories&post=7354"},{"taxonomy":"post_tag","embeddable":true,"href":"https:\/\/www.mpal.mp.br\/index.php?rest_route=%2Fwp%2Fv2%2Ftags&post=7354"}],"curies":[{"name":"wp","href":"https:\/\/api.w.org\/{rel}","templated":true}]}}