{"id":7321,"date":"2019-10-09T08:57:01","date_gmt":"2019-10-09T11:57:01","guid":{"rendered":"https:\/\/www.mpal.mp.br\/?p=7321"},"modified":"2023-04-24T09:19:46","modified_gmt":"2023-04-24T12:19:46","slug":"mpal-da-apoio-a-operacao-calvario-do-gaeco-da-paraiba-ex-secretario-jardel-aderico-e-procurado","status":"publish","type":"post","link":"https:\/\/www.mpal.mp.br\/?p=7321","title":{"rendered":"MPAL d\u00e1 apoio \u00e0 opera\u00e7\u00e3o Calv\u00e1rio do Gaeco da Para\u00edba; ex-secret\u00e1rio Jardel Aderico \u00e9 procurado"},"content":{"rendered":"<p style=\"text-align: justify;\" align=\"justify\" data-raofz=\"14\"><span style=\"font-size: 14pt;\">O Minist\u00e9rio P\u00fablico Estadual de Alagoas (MPAL) deu apoio, na manh\u00e3 desta\u00a0quarta-feira (09), a quinta fase da Opera\u00e7\u00e3o Calv\u00e1rio,\u00a0desencadeada pelo\u00a0Grupo de Atua\u00e7\u00e3o Especial Contra o Crime Organizado (Gaeco) e a Comiss\u00e3o de Combate aos Crimes de Responsabilidade e \u00e0 Improbidade Administrativa (Ccrimp), \u00f3rg\u00e3os do Minist\u00e9rio P\u00fablico da Para\u00edba.\u00a0Tamb\u00e9m participaram da a\u00e7\u00e3o, naquele estado, a\u00a0Controladoria-Geral da Uni\u00e3o (CGU),\u00a0o\u00a0Minist\u00e9rio P\u00fablico Federal (MPF),\u00a0a\u00a0Pol\u00edcia Federal (PF) e\u00a0a\u00a0Pol\u00edcia Rodovi\u00e1ria Federal (PRF).\u00a0Em Macei\u00f3, h\u00e1 ordem para o cumprimento de um mandado de pris\u00e3o\u00a0contra o ex-secret\u00e1rio da Secretaria Estadual de Preven\u00e7\u00e3o \u00e0 Viol\u00eancia (Seprev), Jardel\u00a0Aderico\u00a0da Silva.\u00a0Ao todo, est\u00e3o sendo cumpridos 28 mandados de pris\u00e3o e\u00a0de\u00a0busca e apreens\u00e3o contra pessoas acusadas de praticar crime de corrup\u00e7\u00e3o.<\/span><\/p>\n<p style=\"text-align: justify;\" align=\"justify\" data-raofz=\"14\"><span style=\"font-size: 14pt;\">Aqui em Alagoas, o Gaeco\u00a0do MPAL, por meio dos promotores Carlos Davi e Ham\u00edlton Carneiro,\u00a0foi at\u00e9 a resid\u00eancia de Jardel Aderico, que foi secret\u00e1rio\u00a0estadual de Preven\u00e7\u00e3o \u00e0 Viol\u00eancia\u00a0at\u00e9 o ano de 2017.\u00a0Como ele n\u00e3o estava em casa,\u00a0o Minist\u00e9rio P\u00fablico est\u00e1 realizando dilig\u00eancias para tentar localiz\u00e1-lo.<\/span><\/p>\n<p style=\"text-align: justify;\" align=\"justify\" data-raofz=\"14\"><span style=\"font-size: 14pt;\">Tamb\u00e9m foram cumpridos dois mandados de busca e apreens\u00e3o\u00a0no im\u00f3vel de Jardel e no\u00a0escrit\u00f3rio da\u00a0empresa J.R. Ara\u00fajo Desenvolvimento Humano Eireli,\u00a0cujo nome de fantasia \u00e9\u00a0Editora Intelig\u00eancia Relacional,\u00a0com\u00a0possui bases\u00a0tanto em Macei\u00f3 quanto em Ribeir\u00e3o Preto,\u00a0e de propriedade do ex-titular da Seprev.<\/span><\/p>\n<p style=\"text-align: justify;\" align=\"justify\" data-raofz=\"14\"><span style=\"font-size: 14pt;\" data-raofz=\"14\"><b>O esquema de Jardel<\/b><\/span><\/p>\n<p style=\"text-align: justify;\" align=\"justify\" data-raofz=\"14\"><span style=\"font-size: 14pt;\">De acordo com as investiga\u00e7\u00f5es do Minist\u00e9rio P\u00fablico da Para\u00edba, a organiza\u00e7\u00e3o criminosa (Orcrim)\u00a0da qual Jardel Aderico faz parte,\u00a0foi respons\u00e1vel pela pr\u00e1tica de atos de corrup\u00e7\u00e3o, lavagem de dinheiro e desvio de recursos p\u00fablicos em contratos firmados com unidades de sa\u00fade e educa\u00e7\u00e3o daquele estado e cujos valores ultrapassam o montante de R$ 1 bilh\u00e3o.\u00a0E ela\u00a0atuou tamb\u00e9m em outras unidades da federa\u00e7\u00e3o, a exemplo do\u00a0estado do Rio de Janeiro.<\/span><\/p>\n<p style=\"text-align: justify;\" align=\"justify\" data-raofz=\"14\"><span style=\"font-size: 14pt;\">Ainda segundo a\u00a0investiga\u00e7\u00e3o, do\u00a0MPPB,\u00a0e que serviu de base para que o Poder Judici\u00e1rio da Para\u00edba expedisse todos os mandados,\u00a0a\u00a0Orcrim\u00a0atuou\u00a0\u201caparentemente\u00a0com o primordial\u00a0objetivo de alavancar\u00a0a capta\u00e7\u00e3o de recursos il\u00edcitos\u00a0e, assim,\u00a0proporcionar\u00a0a estabiliza\u00e7\u00e3o\u00a0financeira e perman\u00eancia\u00a0dos membros do mencionado\u00a0agrupamento\u00a0delituoso na administra\u00e7\u00e3o p\u00fablica, bem assim o enriquecimento dele.<\/span><\/p>\n<p style=\"text-align: justify;\" align=\"justify\" data-raofz=\"14\"><span style=\"font-size: 14pt;\">E a\u00a0participa\u00e7\u00e3o de Jardel no esquema se deu por meio do pagamento de propina em torno de R$ 4 milh\u00f5es\u00a0para que ele pudesse fornecer\u00a0livros para a Secretaria Estadual de Educa\u00e7\u00e3o da Para\u00edba. \u201cA J.R. Ara\u00fajo Desenvolvimento\u00a0Humano Eireli\/Editora Intelig\u00eancia Relacional,\u00a0cuja propriedade pertence atualmente a Jardel Aderico da Silva,\u00a0teria contribu\u00eddo com pagamentos de propina\u00a0e firmado,\u00a0entre 2014 e 2018,\u00a0contratos com o Estado da Para\u00edba,\u00a0mediante inexibilidade\u00a0de licita\u00e7\u00e3o,\u00a0no montante de R$\u00a066.773.136,00\u00a0(sessenta e seis milh\u00f5es,\u00a0setecentos e\u00a0setenta e tr\u00eas mil,\u00a0cento e trinta e seis reais).\u00a0Integraria ela\u00a0o elenco\u00a0das pessoas jur\u00eddicas\u00a0supostamente\u00a0utilizadas\u00a0para recebimento de recursos\u00a0estaduais\u00a0e posterior entrega\u00a0de propina.\u00a0Em sede\u00a0de colabora\u00e7\u00e3o, L\u00edvia Farias\u00a0apresentou\u00a0um guardanapo, contendo\u00a0inscri\u00e7\u00f5es\u00a0manuscritas por Jardel Aderico,\u00a0as quais\u00a0indicariam\u00a0acertos de propina,\u00a0percentuais e valores at\u00e9 ent\u00e3o entregues.\u00a0O referido documento\u00a0teria revelado que o valor entregue \u00e0 suposta Orcrim, por Jardel Aderico,\u00a0entre 2017 e 2018,\u00a0foi superior a R$\u00a04 milh\u00f5es\u201d,\u00a0diz um trecho da decis\u00e3o\u00a0judicial.<\/span><\/p>\n<p style=\"text-align: justify;\" align=\"justify\" data-raofz=\"14\"><span style=\"font-size: 14pt;\"><b>A\u00a0opera\u00e7\u00e3o<\/b><\/span><\/p>\n<p style=\"text-align: justify;\" align=\"justify\" data-raofz=\"14\"><span style=\"font-size: 14pt;\">A\u00a0Opera\u00e7\u00e3o Calv\u00e1rio\u00a0aconteceu simultaneamente\u00a0em tr\u00eas cidades paraibanas (Jo\u00e3o Pessoa, Santa Rita e Mataraca) e em mais quatro\u00a0estados:\u00a0Alagoas,\u00a0S\u00e3o Paulo,\u00a0Paran\u00e1\u00a0e\u00a0Rio de Janeiro).<\/span><\/p>\n<p style=\"text-align: justify;\" align=\"justify\" data-raofz=\"14\"><span style=\"font-size: 14pt;\" data-raofz=\"14\">Esta quinta etapa contou com o apoio operacional dos \u00f3rg\u00e3os do Minist\u00e9rio P\u00fablico dos estados de S\u00e3o Paulo, Alagoas e Paran\u00e1, por meio de seus respectivos Gaecos, e do Rio de Janeiro, por interm\u00e9dio do Grupo de Seguran\u00e7a e intelig\u00eancia (CSI) e do Gaocrim, e da auditoria do Tribunal de Contas do Estado da Para\u00edba.<\/span><\/p>\n<p style=\"text-align: justify;\" align=\"justify\" data-raofz=\"14\"><span style=\"font-size: 14pt;\" data-raofz=\"14\">J\u00e1 a sua primeira fase foi desencadeada em dezembro de 2018. \u00c0 medida que as investiga\u00e7\u00f5es avan\u00e7aram, novas fases foram deflagradas e den\u00fancias oferecidas \u00e0 Justi\u00e7a. Esta fase atual teve o objetivo de cumprir ordens emitidas pelo desembargador relator do processo em curso no Tribunal de Justi\u00e7a da Para\u00edba, Ricardo Vital de Almeida, atendendo a requerimento do Minist\u00e9rio P\u00fablico da Para\u00edba. Com base na representa\u00e7\u00e3o feita pelo MPPB, o magistrado determinou a expedi\u00e7\u00e3o de tr\u00eas mandados de pris\u00e3o preventiva em desfavor de Ivan Burity de Almeida, Jardel Aderico da Silva e Eduardo Sim\u00f5es Coutinho.<\/span><\/p>\n<p style=\"text-align: justify;\" data-raofz=\"14\"><span style=\"font-size: 14pt;\" data-raofz=\"14\">J\u00e1 os 25 mandados de busca e apreens\u00e3o foram em desfavor de Al\u00e9ssio Trindade de Barros, Jos\u00e9 Arthur Viana Teixeira, Ivan Burity de Almeida, Pousada Potiguara\/Camaratuba, Conesul Comercial e Tecnologia Educacional Eireli, M\u00e1rcio Nogueira Vignoli, Hil\u00e1rio Ananias Queiroz Nogueira, Editora Grafset, Vladimir dos Santos Neiva, J.R. Ara\u00fajo Desenvolvimento Humano Eireli\/Editora Intelig\u00eancia Relacional (este com localiza\u00e7\u00f5es em Ribeir\u00e3o Preto\/SP e Macei\u00f3\/AL), Jardel da Silva Aderico, Ant\u00f4nio Carlos de Souza Rangel, Henaldo Vieira da Silva, Giovana Ara\u00fajo Vieira, M\u00e1rio S\u00e9rgio Santa F\u00e9 da Cruz, Eduardo Sim\u00f5es Coutinho, Jos\u00e9 Aledson de Moura, Instituto de Psicologia Cl\u00ednica Educacional e Profissional (IPCEP) e Brink Mobil Equipamentos Educacionais (este \u00faltimo estabelecido em Colombo\/PR, Curitiba\/PR, Campina Grande do Sul\/PR e S\u00e3o Paulo\/SP).<\/span><\/p>\n<p style=\"text-align: justify;\" align=\"justify\" data-raofz=\"14\"><span style=\"font-size: 14pt;\">Na Para\u00edba,\u00a0foram cumpridos 13 mandados judiciais, sendo dois de pris\u00e3o preventiva e 11 de busca e apreens\u00e3o, mais precisamente nos munic\u00edpios de Jo\u00e3o Pessoa, Santa Rita e Mataraca. Outros mandados de busca e apreens\u00e3o\u00a0foram\u00a0cumpridos\u00a0no\u00a0Rio de Janeiro (quatro), em S\u00e3o Paulo (tr\u00eas) e no Paran\u00e1 (cinco). Em Alagoas, s\u00e3o tr\u00eas mandados (um de pris\u00e3o preventiva e dois de busca e apreens\u00e3o).<\/span><\/p>\n","protected":false},"excerpt":{"rendered":"<p> [&hellip;]<\/p>\n","protected":false},"author":4,"featured_media":7326,"comment_status":"closed","ping_status":"closed","sticky":false,"template":"","format":"standard","meta":{"om_disable_all_campaigns":false,"_monsterinsights_skip_tracking":false,"_monsterinsights_sitenote_active":false,"_monsterinsights_sitenote_note":"","_monsterinsights_sitenote_category":0,"_uf_show_specific_survey":0,"_uf_disable_surveys":false,"footnotes":""},"categories":[23],"tags":[],"class_list":["post-7321","post","type-post","status-publish","format-standard","has-post-thumbnail","hentry","category-not_gaeco"],"aioseo_notices":[],"_links":{"self":[{"href":"https:\/\/www.mpal.mp.br\/index.php?rest_route=\/wp\/v2\/posts\/7321","targetHints":{"allow":["GET"]}}],"collection":[{"href":"https:\/\/www.mpal.mp.br\/index.php?rest_route=\/wp\/v2\/posts"}],"about":[{"href":"https:\/\/www.mpal.mp.br\/index.php?rest_route=\/wp\/v2\/types\/post"}],"author":[{"embeddable":true,"href":"https:\/\/www.mpal.mp.br\/index.php?rest_route=\/wp\/v2\/users\/4"}],"replies":[{"embeddable":true,"href":"https:\/\/www.mpal.mp.br\/index.php?rest_route=%2Fwp%2Fv2%2Fcomments&post=7321"}],"version-history":[{"count":1,"href":"https:\/\/www.mpal.mp.br\/index.php?rest_route=\/wp\/v2\/posts\/7321\/revisions"}],"predecessor-version":[{"id":7329,"href":"https:\/\/www.mpal.mp.br\/index.php?rest_route=\/wp\/v2\/posts\/7321\/revisions\/7329"}],"wp:featuredmedia":[{"embeddable":true,"href":"https:\/\/www.mpal.mp.br\/index.php?rest_route=\/wp\/v2\/media\/7326"}],"wp:attachment":[{"href":"https:\/\/www.mpal.mp.br\/index.php?rest_route=%2Fwp%2Fv2%2Fmedia&parent=7321"}],"wp:term":[{"taxonomy":"category","embeddable":true,"href":"https:\/\/www.mpal.mp.br\/index.php?rest_route=%2Fwp%2Fv2%2Fcategories&post=7321"},{"taxonomy":"post_tag","embeddable":true,"href":"https:\/\/www.mpal.mp.br\/index.php?rest_route=%2Fwp%2Fv2%2Ftags&post=7321"}],"curies":[{"name":"wp","href":"https:\/\/api.w.org\/{rel}","templated":true}]}}