{"id":7124,"date":"2020-09-29T11:37:37","date_gmt":"2020-09-29T14:37:37","guid":{"rendered":"https:\/\/www.mpal.mp.br\/?p=7124"},"modified":"2023-04-24T09:17:48","modified_gmt":"2023-04-24T12:17:48","slug":"operacao-ilha-de-ferro-gaeco-e-forcas-de-seguranca-prendem-integrantes-de-organizacoes-especializadas-em-trafico-de-drogas","status":"publish","type":"post","link":"https:\/\/www.mpal.mp.br\/?p=7124","title":{"rendered":"Opera\u00e7\u00e3o Ilha de Ferro: Gaeco e for\u00e7as de seguran\u00e7a prendem integrantes de organiza\u00e7\u00f5es especializadas em tr\u00e1fico de drogas"},"content":{"rendered":"<p style=\"text-align: justify;\" data-raofz=\"14\"><span style=\"font-size: 14pt;\" data-raofz=\"13\">O Minist\u00e9rio P\u00fablico Estadual de Alagoas (MPAL), por meio do Grupo de Atua\u00e7\u00e3o Especial de Combate \u00e0s Organiza\u00e7\u00f5es Criminosas (Gaeco) e a Secretaria de Estado da Seguran\u00e7a P\u00fablica (SSP) deflagraram, nas primeiras horas da manh\u00e3 desta ter\u00e7a-feira (29), a opera\u00e7\u00e3o \u201cIlha de Ferro\u201d, que tem o objetivo de prender integrantes de duas organiza\u00e7\u00f5es criminosas (Orcrim) especializadas em tr\u00e1fico de drogas. Ao todo, foram expedidos pela 17\u00aa Vara Criminal da Capital 15 mandados de pris\u00e3o e outros 23 de busca e apreens\u00e3o.<\/span><\/p>\n<p style=\"text-align: justify;\" data-raofz=\"14\"><span style=\"font-size: 14pt;\" data-raofz=\"13\">Com base nas investiga\u00e7\u00f5es \u2013 iniciadas em janeiro deste ano \u2013 do Gaeco e da Assessoria de Intelig\u00eancia da SSP, os dois grupos criminosos t\u00eam atua\u00e7\u00e3o na Barra de Santo Ant\u00f4nio, munic\u00edpio do litoral norte de Alagoas. O com\u00e9rcio ilegal de entorpecentes \u00e9 o principal il\u00edcito penal cometido por eles, no entanto, as organiza\u00e7\u00f5es tamb\u00e9m se valem do uso de arma de fogo para praticar outros crimes.<\/span><\/p>\n<p style=\"text-align: justify;\" data-raofz=\"14\"><span style=\"font-size: 14pt;\" data-raofz=\"13\">De acordo com o Gaeco, as organiza\u00e7\u00f5es criminosas possuem uma hierarquia que funciona de forma rigorosa e cada integrante dela tem sua miss\u00e3o a cumprir dentro da comercializa\u00e7\u00e3o das drogas e da seguran\u00e7a de seus subordinados. H\u00e1, por exemplo, os chefes do tr\u00e1fico, os gerentes e os respons\u00e1veis pela distribui\u00e7\u00e3o e cobran\u00e7a dos valores teoricamente advindos do narcotr\u00e1fico.<\/span><\/p>\n<p style=\"text-align: justify;\" data-raofz=\"14\"><span style=\"font-size: 14pt;\" data-raofz=\"13\">A primeira Orcrim, que tem atua\u00e7\u00e3o na localidade identificada como Barra 1, agia, primordialmente, na venda de entorpecentes ao consumidor final, propiciando grande lucratividade. Em raz\u00e3o disso, o grupo carece da participa\u00e7\u00e3o de v\u00e1rios indiv\u00edduos na fun\u00e7\u00e3o vulgarmente denominada de \u201cavi\u00e3o\u201d, que se responsabilizaria pelo com\u00e9rcio de drogas em pequenas quantidades.<\/span><\/p>\n<p style=\"text-align: justify;\" data-raofz=\"14\"><span style=\"font-size: 14pt;\"><strong>A 2\u00aa Orcrim<\/strong><\/span><\/p>\n<p style=\"text-align: justify;\" data-raofz=\"14\"><span style=\"font-size: 14pt;\" data-raofz=\"13\">O Minist\u00e9rio P\u00fablico acrescentou que, ainda no desenrolar das investiga\u00e7\u00f5es, fora identificada uma segunda organiza\u00e7\u00e3o criminosa, igualmente atuante no munic\u00edpio de Barra de Santo Ant\u00f4nio, contudo, em localidade distinta, especificamente na regi\u00e3o conhecida como Ilha da Cr\u00f4a, tamb\u00e9m chamada de Barra 2.<\/span><\/p>\n<p style=\"text-align: justify;\" data-raofz=\"14\"><span style=\"font-size: 14pt;\" data-raofz=\"13\">Tal coliga\u00e7\u00e3o criminosa manteria estreito la\u00e7o com a primeira Orcrim, entretanto, ela seria chefiada por um homem que usa da atividade de guia de turismo para praticar o tr\u00e1fico de drogas.<\/span><\/p>\n<p style=\"text-align: justify;\" data-raofz=\"14\"><span style=\"font-size: 14pt;\"><strong>Mulheres no crime<\/strong><\/span><\/p>\n<p style=\"text-align: justify;\" data-raofz=\"14\"><span style=\"font-size: 14pt;\" data-raofz=\"13\">Ainda segundo a apura\u00e7\u00e3o do MPAL e da Secretaria da Seguran\u00e7a P\u00fablica, a primeira organiza\u00e7\u00e3o criminosa tem a participa\u00e7\u00e3o de algumas mulheres. Uma delas \u00e9 esposa do l\u00edder do grupo e seria o seu \u201cbra\u00e7o-direito\u201d, atuando como elo entre os compradores de entorpecentes, bem como entre as duas organiza\u00e7\u00f5es investigadas.<\/span><\/p>\n<p style=\"text-align: justify;\" data-raofz=\"14\"><span style=\"font-size: 14pt;\"><strong>Efetivo mobilizado<\/strong><\/span><\/p>\n<p style=\"text-align: justify;\" data-raofz=\"14\"><span style=\"font-size: 14pt;\" data-raofz=\"13\">Para o cumprimento dos mandados durante a opera\u00e7\u00e3o integrada, a Pol\u00edcia Militar empregou policiais da 3\u00aa Companhia, do Batalh\u00e3o de Radiopatrulha (BPRp), do Batalh\u00e3o Ambiental (BPA), do Batalh\u00e3o de Opera\u00e7\u00f5es Especiais (BOPE) e do Batalh\u00e3o de Policiamento de Tr\u00e2nsito (BPTran).<\/span><\/p>\n<p style=\"text-align: justify;\" data-raofz=\"14\"><span style=\"font-size: 14pt;\" data-raofz=\"13\">A Pol\u00edcia Civil participou com equipes do T\u00e1tico Integrado de Grupos de Resgate Especiais (TIGRE), Se\u00e7\u00e3o de Capturas, Antisequestro e N\u00facleo de Intelig\u00eancia, todos pertencentes \u00e0 Divis\u00e3o Especial de Investiga\u00e7\u00f5es e Capturas (DEIC), al\u00e9m da Asfixia e Ger\u00eancia de Pol\u00edcia Judici\u00e1ria (GPJ-2). O Grupamento A\u00e9reo, da SSP, tamb\u00e9m participou da opera\u00e7\u00e3o.<\/span><\/p>\n<p style=\"text-align: justify;\" data-raofz=\"14\"><span style=\"font-size: 14pt;\" data-raofz=\"13\">Todos os presos e materiais apreendidos ser\u00e3o encaminhados para a sede da Deic, no bairro da Santa Am\u00e9lia, em Macei\u00f3, para a confec\u00e7\u00e3o dos procedimentos cab\u00edveis.<\/span><\/p>\n<p style=\"text-align: justify;\" data-raofz=\"14\"><span style=\"font-size: 14pt;\" data-raofz=\"13\">A popula\u00e7\u00e3o \u00e9 grande parceira das for\u00e7as de seguran\u00e7a no combate ao crime em Alagoas e pode contribuir com o trabalho das pol\u00edcias realizando den\u00fancias sobre homic\u00eddios, tr\u00e1fico de drogas, roubos, organiza\u00e7\u00f5es criminosas e outros crimes por meio do Disque Den\u00fancia. As informa\u00e7\u00f5es podem ser repassadas, de forma an\u00f4nima e gratuita, por meio de liga\u00e7\u00f5es para o 181 ou pelo aplicativo Disque Den\u00fancia, dispon\u00edvel para download na Play Store.<\/span><\/p>\n","protected":false},"excerpt":{"rendered":"<p> [&hellip;]<\/p>\n","protected":false},"author":5,"featured_media":7125,"comment_status":"closed","ping_status":"closed","sticky":false,"template":"","format":"standard","meta":{"om_disable_all_campaigns":false,"_monsterinsights_skip_tracking":false,"_monsterinsights_sitenote_active":false,"_monsterinsights_sitenote_note":"","_monsterinsights_sitenote_category":0,"_uf_show_specific_survey":0,"_uf_disable_surveys":false,"footnotes":""},"categories":[23],"tags":[],"class_list":["post-7124","post","type-post","status-publish","format-standard","has-post-thumbnail","hentry","category-not_gaeco"],"aioseo_notices":[],"_links":{"self":[{"href":"https:\/\/www.mpal.mp.br\/index.php?rest_route=\/wp\/v2\/posts\/7124","targetHints":{"allow":["GET"]}}],"collection":[{"href":"https:\/\/www.mpal.mp.br\/index.php?rest_route=\/wp\/v2\/posts"}],"about":[{"href":"https:\/\/www.mpal.mp.br\/index.php?rest_route=\/wp\/v2\/types\/post"}],"author":[{"embeddable":true,"href":"https:\/\/www.mpal.mp.br\/index.php?rest_route=\/wp\/v2\/users\/5"}],"replies":[{"embeddable":true,"href":"https:\/\/www.mpal.mp.br\/index.php?rest_route=%2Fwp%2Fv2%2Fcomments&post=7124"}],"version-history":[{"count":1,"href":"https:\/\/www.mpal.mp.br\/index.php?rest_route=\/wp\/v2\/posts\/7124\/revisions"}],"predecessor-version":[{"id":7126,"href":"https:\/\/www.mpal.mp.br\/index.php?rest_route=\/wp\/v2\/posts\/7124\/revisions\/7126"}],"wp:featuredmedia":[{"embeddable":true,"href":"https:\/\/www.mpal.mp.br\/index.php?rest_route=\/wp\/v2\/media\/7125"}],"wp:attachment":[{"href":"https:\/\/www.mpal.mp.br\/index.php?rest_route=%2Fwp%2Fv2%2Fmedia&parent=7124"}],"wp:term":[{"taxonomy":"category","embeddable":true,"href":"https:\/\/www.mpal.mp.br\/index.php?rest_route=%2Fwp%2Fv2%2Fcategories&post=7124"},{"taxonomy":"post_tag","embeddable":true,"href":"https:\/\/www.mpal.mp.br\/index.php?rest_route=%2Fwp%2Fv2%2Ftags&post=7124"}],"curies":[{"name":"wp","href":"https:\/\/api.w.org\/{rel}","templated":true}]}}