{"id":7084,"date":"2020-10-14T11:12:23","date_gmt":"2020-10-14T14:12:23","guid":{"rendered":"https:\/\/www.mpal.mp.br\/?p=7084"},"modified":"2023-04-24T09:17:26","modified_gmt":"2023-04-24T12:17:26","slug":"operacao-ypanema-gaeco-e-ssp-cumprem-15-mandados-de-prisao-e-busca-e-apreensao-contra-orcrim-de-trafico-de-drogas","status":"publish","type":"post","link":"https:\/\/www.mpal.mp.br\/?p=7084","title":{"rendered":"Opera\u00e7\u00e3o Ypanema: Gaeco e SSP cumprem 15 mandados de pris\u00e3o e busca e apreens\u00e3o contra Orcrim de tr\u00e1fico de drogas"},"content":{"rendered":"<p style=\"text-align: justify;\" align=\"justify\" data-raofz=\"14\"><span style=\"font-size: 14pt;\" data-raofz=\"13\">O Grupo de Atua\u00e7\u00e3o Especial de Combate ao Crime Organizado (Gaeco) do Minist\u00e9rio P\u00fablico do Estado de Alagoas e a Secretaria Estadual de Seguran\u00e7a P\u00fablica (SSP) desencadearam, nas primeiras horas da manh\u00e3 desta quarta-feira (14), a opera\u00e7\u00e3o Ypanema para prender integrantes de uma organiza\u00e7\u00e3o criminosa (Orcrim) especializada em tr\u00e1fico de drogas, no munic\u00edpio sertanejo de Santana do Ipanema. Ao todo, foram cumpridos 15 mandados de pris\u00e3o e de busca e apreens\u00e3o, todos expedidos pela 17\u00aa Vara Criminal da Capital.<\/span><\/p>\n<p style=\"text-align: justify;\" align=\"justify\" data-raofz=\"14\"><span style=\"font-size: 14pt;\" data-raofz=\"13\">O procedimento investigat\u00f3rio criminal (PIC) do Gaeco n\u00ba 06\/2020, instaurado em conjunto com a 3\u00aa Promotoria de Justi\u00e7a de Santana do Ipanema, teve in\u00edcio em abril deste ano para desarticular uma organiza\u00e7\u00e3o criminosa com atua\u00e7\u00e3o no tr\u00e1fico de entorpecentes e outros crimes correlatos na cidade de Santana de Ipanema.\u00a0Apontam\u00a0as investiga\u00e7\u00f5es do Minist\u00e9rio P\u00fablico e das pol\u00edcias que\u00a0Tayane Wuessilla Ramos Santos Moraes\u00a0\u00e9 a principal respons\u00e1vel\u00a0pelo desencadeamento\u00a0de\u00a0todas\u00a0as infra\u00e7\u00f5es\u00a0penais\u00a0apuradas. Ela assumiu o comando do tr\u00e1fico ap\u00f3s seu marido, Marcelo Celestino da Silva, ter sido preso \u2013 ele continua sendo reeeducando do Pres\u00eddio de Seguran\u00e7a M\u00e1xima.<\/span><\/p>\n<p style=\"text-align: justify;\" align=\"justify\" data-raofz=\"14\"><span style=\"font-size: 14pt;\" data-raofz=\"13\"><strong>O organograma<\/strong><\/span><\/p>\n<p style=\"text-align: justify;\" align=\"justify\" data-raofz=\"14\"><span style=\"font-size: 14pt;\" data-raofz=\"13\">O PIC tamb\u00e9m descobriu,\u00a0de maneira pormenorizada, toda estrutura da\u00a0organiza\u00e7\u00e3o\u00a0criminosa,\u00a0com o seu\u00a0organograma\u00a0detalhado com rela\u00e7\u00e3o a\u00a0divis\u00e3o de tarefas desempenhada por cada um dos membros.\u00a0Fellipe Leandro da Silva, o Sonic,\u00a0\u00e9\u00a0o\u00a0gerente e bra\u00e7o direito da l\u00edder\u00a0e, sua esposa, Mayara Santos da Silva, auxilia-o\u00a0na contabilidade da venda da droga comercializada.\u00a0Pedro Henrique Pereira Santos Celestino\u00a0\u00e9 o integrante da organiza\u00e7\u00e3o que tem a fun\u00e7\u00e3o de vendedor, al\u00e9m de ser um dos bra\u00e7os armados da Orcrim.<\/span><\/p>\n<p style=\"text-align: justify;\" align=\"justify\" data-raofz=\"14\"><span style=\"font-size: 14pt;\" data-raofz=\"13\">O homem conhecido como Chico \u00e9 considerado um dos\u00a0principais vendedores de drogas da organiza\u00e7\u00e3o criminosa. Jos\u00e9 Wueslly Santos Moraes \u00e9 irm\u00e3o da l\u00edder, tem fun\u00e7\u00e3o de vendedor e distribuidor, e ainda auxilia na log\u00edstica, fazendo o corte do entorpecente, a divis\u00e3o e a sua posterior distribui\u00e7\u00e3o.\u00a0J\u00e1 Ana Fl\u00e1via Rocha da Silva e um jovem identificado apenas como Luiz\u00a0t\u00eam o papel de avi\u00e3ozinhos.<\/span><\/p>\n<h2 class=\"western\" lang=\"pt-PT\" style=\"text-align: justify;\" data-raofz=\"24\"><span style=\"font-size: 14pt;\" data-raofz=\"13\">As pris\u00f5es e buscas deferidas<\/span><\/h2>\n<p style=\"text-align: justify;\" data-raofz=\"14\"><span style=\"font-size: 14pt;\" data-raofz=\"13\">Ao requerer as pris\u00f5es tempor\u00e1rias de todos os investigados, o Gaeco alegou que \u201ca express\u00e3o da criminalidade organizada se efetiva pela propaga\u00e7\u00e3o do terror (com a perturba\u00e7\u00e3o do sossego, da paz e da seguran\u00e7a p\u00fablica), ostensiva distribui\u00e7\u00e3o de material il\u00edcito (a exemplo de armas de fogo e subst\u00e2ncias entorpecentes) e o cometimento de roubos, usando como mecanismo de atua\u00e7\u00e3o a divis\u00e3o territorial, o estabelecimento e apologia de doutrina do terror, c\u00f3digos e procedimentos r\u00edgidos de conduta, teleologicamente orientados, em forma de verdadeira empresa criminosa\u201d. N\u00e3o foram alvo de pris\u00e3o os homens identificados como Chico e Luiz.<\/span><\/p>\n<p style=\"text-align: justify;\" data-raofz=\"14\"><span style=\"font-size: 14pt;\" data-raofz=\"13\">As medidas de busca e apreens\u00e3o tamb\u00e9m foram deferidas porque tanto o Gaeco quanto a SSP acreditam na grande possibilidade da apreens\u00e3o de entorpecentes e armas de fogo nas resid\u00eancias dos alvos. \u201cAl\u00e9m de capturar criminosos, a opera\u00e7\u00e3o tamb\u00e9m quer retirar de circula\u00e7\u00e3o objetos que estejam sendo usados para a pr\u00e1tica de crimes\u201d, argumentaram os promotores de Justi\u00e7a do Gaeco.<\/span><\/p>\n<p style=\"text-align: justify;\" data-raofz=\"14\"><span style=\"font-size: 14pt;\" data-raofz=\"13\"><strong>O efetivo participante<\/strong><\/span><\/p>\n<p style=\"text-align: justify;\" data-raofz=\"14\"><span style=\"font-size: 14pt;\" data-raofz=\"13\">Para o cumprimento dos mandados durante a opera\u00e7\u00e3o integrada foram empregados policiais militares do 7\u00baBPM e agentes da 2\u00aa Delegacia Regional, da Pol\u00edcia Civil.<\/span><\/p>\n<p style=\"text-align: justify;\" data-raofz=\"14\"><span style=\"font-size: 14pt;\" data-raofz=\"13\">Todos os presos e materiais que forem apreendidos ser\u00e3o encaminhados para a Delegacia de Santana do Ipanema para a confec\u00e7\u00e3o dos procedimentos cab\u00edveis.<\/span><\/p>\n<p style=\"text-align: justify;\" data-raofz=\"14\"><span style=\"font-size: 14pt;\" data-raofz=\"13\">A popula\u00e7\u00e3o \u00e9 grande parceira das for\u00e7as de seguran\u00e7a no combate ao crime em Alagoas e pode contribuir com o trabalho das pol\u00edcias realizando den\u00fancias sobre homic\u00eddios, tr\u00e1fico de drogas, roubos, organiza\u00e7\u00f5es criminosas e outros crimes por meio do Disque Den\u00fancia. As informa\u00e7\u00f5es podem ser repassadas, de forma an\u00f4nima e gratuita, por meio de liga\u00e7\u00f5es para o 181 ou pelo aplicativo Disque Den\u00fancia, dispon\u00edvel para download na Play Store.<\/span><\/p>\n","protected":false},"excerpt":{"rendered":"<p> [&hellip;]<\/p>\n","protected":false},"author":5,"featured_media":7091,"comment_status":"closed","ping_status":"closed","sticky":false,"template":"","format":"standard","meta":{"om_disable_all_campaigns":false,"_monsterinsights_skip_tracking":false,"_monsterinsights_sitenote_active":false,"_monsterinsights_sitenote_note":"","_monsterinsights_sitenote_category":0,"_uf_show_specific_survey":0,"_uf_disable_surveys":false,"footnotes":""},"categories":[23],"tags":[],"class_list":["post-7084","post","type-post","status-publish","format-standard","has-post-thumbnail","hentry","category-not_gaeco"],"aioseo_notices":[],"_links":{"self":[{"href":"https:\/\/www.mpal.mp.br\/index.php?rest_route=\/wp\/v2\/posts\/7084","targetHints":{"allow":["GET"]}}],"collection":[{"href":"https:\/\/www.mpal.mp.br\/index.php?rest_route=\/wp\/v2\/posts"}],"about":[{"href":"https:\/\/www.mpal.mp.br\/index.php?rest_route=\/wp\/v2\/types\/post"}],"author":[{"embeddable":true,"href":"https:\/\/www.mpal.mp.br\/index.php?rest_route=\/wp\/v2\/users\/5"}],"replies":[{"embeddable":true,"href":"https:\/\/www.mpal.mp.br\/index.php?rest_route=%2Fwp%2Fv2%2Fcomments&post=7084"}],"version-history":[{"count":1,"href":"https:\/\/www.mpal.mp.br\/index.php?rest_route=\/wp\/v2\/posts\/7084\/revisions"}],"predecessor-version":[{"id":7092,"href":"https:\/\/www.mpal.mp.br\/index.php?rest_route=\/wp\/v2\/posts\/7084\/revisions\/7092"}],"wp:featuredmedia":[{"embeddable":true,"href":"https:\/\/www.mpal.mp.br\/index.php?rest_route=\/wp\/v2\/media\/7091"}],"wp:attachment":[{"href":"https:\/\/www.mpal.mp.br\/index.php?rest_route=%2Fwp%2Fv2%2Fmedia&parent=7084"}],"wp:term":[{"taxonomy":"category","embeddable":true,"href":"https:\/\/www.mpal.mp.br\/index.php?rest_route=%2Fwp%2Fv2%2Fcategories&post=7084"},{"taxonomy":"post_tag","embeddable":true,"href":"https:\/\/www.mpal.mp.br\/index.php?rest_route=%2Fwp%2Fv2%2Ftags&post=7084"}],"curies":[{"name":"wp","href":"https:\/\/api.w.org\/{rel}","templated":true}]}}