{"id":70023,"date":"2026-04-30T12:55:24","date_gmt":"2026-04-30T15:55:24","guid":{"rendered":"https:\/\/www.mpal.mp.br\/?p=70023"},"modified":"2026-04-30T12:55:24","modified_gmt":"2026-04-30T15:55:24","slug":"mpal-ajuiza-acao-civil-publica-para-obrigar-estado-a-regularizar-hospital-de-emergencia-de-arapiraca-por-danos-ambientais-e-riscos-a-saude-publica","status":"publish","type":"post","link":"https:\/\/www.mpal.mp.br\/?p=70023","title":{"rendered":"MPAL aju\u00edza a\u00e7\u00e3o civil p\u00fablica para obrigar Estado a regularizar Hospital de Emerg\u00eancia de Arapiraca por danos ambientais e riscos \u00e0 sa\u00fade p\u00fablica"},"content":{"rendered":"<p style=\"text-align: justify;\"><span style=\"font-size: 12pt; font-family: helvetica, arial, sans-serif;\">A 11\u00aa Promotoria de Justi\u00e7a de Arapiraca ajuizou a\u00e7\u00e3o civil p\u00fablica (ACP), nesta quinta-feira (30), com pedido de tutela antecipada de urg\u00eancia, em face do Estado de Alagoas, para que sejam imediatamente regularizados o licenciamento ambiental e sanit\u00e1rio, implantado sistema adequado de tratamento de efluentes, corrigido o armazenamento e a destina\u00e7\u00e3o de res\u00edduos hospitalares e cessado o lan\u00e7amento irregular de esgoto na Unidade de Emerg\u00eancia Dr. Daniel Houly. As irregularidades constatadas, segundo o Minist\u00e9rio P\u00fablico do Estado de Alagoas (MPAL), colocam em risco a sa\u00fade p\u00fablica e o meio ambiente.<\/span><\/p>\n<p style=\"text-align: justify;\"><span style=\"font-size: 12pt; font-family: helvetica, arial, sans-serif;\">A a\u00e7\u00e3o \u00e9 assinada pelo promotor de Justi\u00e7a Cl\u00e1udio Teles e tem como base o inqu\u00e9rito civil n\u00ba 06.2026.00000134-2. As falhas foram apontadas em laudos e relat\u00f3rios t\u00e9cnicos elaborados pela Fiscaliza\u00e7\u00e3o Preventiva Integrada do Rio S\u00e3o Francisco (FPI S\u00e3o Francisco), pela Secretaria Municipal de Desenvolvimento Urbano e Meio Ambiente de Arapiraca (SMDUMA), pelo Instituto do Meio Ambiente de Alagoas (IMA\/AL) e pelo Batalh\u00e3o de Pol\u00edcia Ambiental (BPA), al\u00e9m de registros da pr\u00f3pria Secretaria de Estado da Sa\u00fade (SESAU).<\/span><\/p>\n<p style=\"text-align: justify;\"><span style=\"font-size: 12pt; font-family: helvetica, arial, sans-serif;\">Entre os principais problemas identificados est\u00e3o o transbordo recorrente de efluentes hospitalares, lan\u00e7amento irregular de esgoto no solo e em galerias pluviais, aus\u00eancia de sistema adequado de tratamento, armazenamento inadequado de res\u00edduos s\u00f3lidos de servi\u00e7os de sa\u00fade, al\u00e9m da inexist\u00eancia de Licen\u00e7a de Opera\u00e7\u00e3o ambiental e de alvar\u00e1 sanit\u00e1rio. Os pareceres t\u00e9cnicos apontam risco de contamina\u00e7\u00e3o do solo e do len\u00e7ol fre\u00e1tico, prolifera\u00e7\u00e3o de vetores e impacto direto \u00e0 sa\u00fade de pacientes, profissionais e da popula\u00e7\u00e3o do entorno.<\/span><\/p>\n<p style=\"text-align: justify;\"><span style=\"font-size: 12pt; font-family: helvetica, arial, sans-serif;\"><strong>MPAL tentou negocia\u00e7\u00e3o extrajudicial<\/strong><\/span><\/p>\n<p style=\"text-align: justify;\"><span style=\"font-size: 12pt; font-family: helvetica, arial, sans-serif;\">Antes de recorrer ao Judici\u00e1rio, o Minist\u00e9rio P\u00fablico apresentou minuta de um Termo de Ajustamento de Conduta (TAC), prevendo cronograma para regulariza\u00e7\u00e3o estrutural, sanit\u00e1ria e ambiental da unidade, incluindo a apresenta\u00e7\u00e3o de estudo de viabilidade t\u00e9cnica para implanta\u00e7\u00e3o de Esta\u00e7\u00e3o de Tratamento de Efluentes (ETE), elabora\u00e7\u00e3o de projeto b\u00e1sico, realiza\u00e7\u00e3o de procedimento licitat\u00f3rio e execu\u00e7\u00e3o das obras. No entanto, segundo a Promotoria, n\u00e3o houve resposta conclusiva por parte do Estado.<\/span><\/p>\n<p style=\"text-align: justify;\"><span style=\"font-size: 12pt; font-family: helvetica, arial, sans-serif;\"><strong>Dos pedidos<\/strong><\/span><\/p>\n<p style=\"text-align: justify;\"><span style=\"font-size: 12pt; font-family: helvetica, arial, sans-serif;\">Na a\u00e7\u00e3o, o MPAL requer, em car\u00e1ter de urg\u00eancia, que o Estado seja obrigado a adotar imediatamente medidas para cessar o lan\u00e7amento irregular de efluentes e promover a regulariza\u00e7\u00e3o ambiental e sanit\u00e1ria da unidade, com a implanta\u00e7\u00e3o de sistema adequado de tratamento e obten\u00e7\u00e3o das licen\u00e7as exigidas. O promotor Cl\u00e1udio Teles tamb\u00e9m pede que seja fixado prazo judicial para a devida regulariza\u00e7\u00e3o.<\/span><span style=\"font-size: 12pt; font-family: helvetica, arial, sans-serif;\">\u201cO que se verifica \u00e9 uma situa\u00e7\u00e3o reiterada de irregularidades, j\u00e1 apontada por diversos \u00f3rg\u00e3os t\u00e9cnicos, com risco concreto ao meio ambiente e \u00e0 sa\u00fade p\u00fablica. N\u00e3o \u00e9 admiss\u00edvel que um hospital p\u00fablico funcione sem licen\u00e7a ambiental, sem alvar\u00e1 sanit\u00e1rio e com lan\u00e7amento irregular de efluentes. O objetivo da a\u00e7\u00e3o \u00e9 garantir a imediata cessa\u00e7\u00e3o do dano e a regulariza\u00e7\u00e3o definitiva da unidade\u201d, afirmou o titular da 11\u00aa Promotoria de Justi\u00e7a de Arapiraca.<\/span><\/p>\n","protected":false},"excerpt":{"rendered":"<p> [&hellip;]<\/p>\n","protected":false},"author":17,"featured_media":65574,"comment_status":"open","ping_status":"open","sticky":false,"template":"","format":"standard","meta":{"om_disable_all_campaigns":false,"_monsterinsights_skip_tracking":false,"_monsterinsights_sitenote_active":false,"_monsterinsights_sitenote_note":"","_monsterinsights_sitenote_category":0,"_uf_show_specific_survey":0,"_uf_disable_surveys":false,"footnotes":""},"categories":[2],"tags":[],"class_list":["post-70023","post","type-post","status-publish","format-standard","has-post-thumbnail","hentry","category-not_mpal"],"aioseo_notices":[],"_links":{"self":[{"href":"https:\/\/www.mpal.mp.br\/index.php?rest_route=\/wp\/v2\/posts\/70023","targetHints":{"allow":["GET"]}}],"collection":[{"href":"https:\/\/www.mpal.mp.br\/index.php?rest_route=\/wp\/v2\/posts"}],"about":[{"href":"https:\/\/www.mpal.mp.br\/index.php?rest_route=\/wp\/v2\/types\/post"}],"author":[{"embeddable":true,"href":"https:\/\/www.mpal.mp.br\/index.php?rest_route=\/wp\/v2\/users\/17"}],"replies":[{"embeddable":true,"href":"https:\/\/www.mpal.mp.br\/index.php?rest_route=%2Fwp%2Fv2%2Fcomments&post=70023"}],"version-history":[{"count":2,"href":"https:\/\/www.mpal.mp.br\/index.php?rest_route=\/wp\/v2\/posts\/70023\/revisions"}],"predecessor-version":[{"id":70025,"href":"https:\/\/www.mpal.mp.br\/index.php?rest_route=\/wp\/v2\/posts\/70023\/revisions\/70025"}],"wp:featuredmedia":[{"embeddable":true,"href":"https:\/\/www.mpal.mp.br\/index.php?rest_route=\/wp\/v2\/media\/65574"}],"wp:attachment":[{"href":"https:\/\/www.mpal.mp.br\/index.php?rest_route=%2Fwp%2Fv2%2Fmedia&parent=70023"}],"wp:term":[{"taxonomy":"category","embeddable":true,"href":"https:\/\/www.mpal.mp.br\/index.php?rest_route=%2Fwp%2Fv2%2Fcategories&post=70023"},{"taxonomy":"post_tag","embeddable":true,"href":"https:\/\/www.mpal.mp.br\/index.php?rest_route=%2Fwp%2Fv2%2Ftags&post=70023"}],"curies":[{"name":"wp","href":"https:\/\/api.w.org\/{rel}","templated":true}]}}