{"id":69930,"date":"2026-04-28T16:08:16","date_gmt":"2026-04-28T19:08:16","guid":{"rendered":"https:\/\/www.mpal.mp.br\/?p=69930"},"modified":"2026-04-28T16:08:16","modified_gmt":"2026-04-28T19:08:16","slug":"mpal-recomenda-que-municipio-de-craibas-nomeie-aprovados-em-concurso-publico-e-exonere-contratados-temporarios-da-educacao","status":"publish","type":"post","link":"https:\/\/www.mpal.mp.br\/?p=69930","title":{"rendered":"MPAL recomenda que munic\u00edpio de Cra\u00edbas nomeie aprovados em concurso p\u00fablico e exonere contratados tempor\u00e1rios da educa\u00e7\u00e3o"},"content":{"rendered":"<p style=\"text-align: justify;\"><span style=\"font-family: helvetica, arial, sans-serif;\">O Minist\u00e9rio P\u00fablico do Estado de Alagoas (MPAL), por meio da 10\u00aa Promotoria de Justi\u00e7a de Arapiraca, do N\u00facleo de Defesa do Patrim\u00f4nio e do N\u00facleo de Defesa da Educa\u00e7\u00e3o, expediu uma recomenda\u00e7\u00e3o administrativa ao munic\u00edpio de Cra\u00edbas, na \u00faltima sexta-feira (24), para que fa\u00e7a a nomea\u00e7\u00e3o dos aprovados no \u00faltimo concurso p\u00fablico da educa\u00e7\u00e3o e exonere os profissionais contratados.<\/span><\/p>\n<p style=\"text-align: justify;\"><span style=\"font-family: helvetica, arial, sans-serif;\">Na recomenda\u00e7\u00e3o, o MPAL requer do munic\u00edpio que nomeie todos os aprovados para o concurso p\u00fablico da \u00e1rea de educa\u00e7\u00e3o que foi rec\u00e9m-homologado, preenchendo todos os cargos previstos em lei e substituindo os contratados tempor\u00e1rios em n\u00famero equivalente aos aprovados no concurso p\u00fablico.<\/span><\/p>\n<p style=\"text-align: justify;\"><span style=\"font-family: helvetica, arial, sans-serif;\">\u201cConsiderando que, mesmo com o acatamento \u00e0 recomenda\u00e7\u00e3o, o n\u00famero de contratados tempor\u00e1rios ainda revela-se absolutamente desproporcional e, diante da n\u00e3o exist\u00eancia de outro certame em fase de planejamento, considerando a quantidade de funcion\u00e1rios tempor\u00e1rios contratados para atuar em direito \u00e0 educa\u00e7\u00e3o, os princ\u00edpios da efici\u00eancia e da economicidade, realize, prioritariamente, de forma inicial, at\u00e9 o m\u00eas de maio de 2026, a ades\u00e3o \u00e0 Prova Nacional Docente, conforme Portaria MEC n\u00ba 300\/2026, publicada em 6 de abril de 2026\u201d, diz outro trecho da recomenda\u00e7\u00e3o, que \u00e9 assinada pelos promotores de Justi\u00e7a Bruno Baptista, titular da 10\u00aa Promotoria de Justi\u00e7a de Arapiraca, e Lucas Sachsida, coordenador do N\u00facleo de Defesa da Educa\u00e7\u00e3o do MPAL.<\/span><\/p>\n<p style=\"text-align: justify;\"><span style=\"font-family: helvetica, arial, sans-serif;\">Eles recomendam ainda ao munic\u00edpio que n\u00e3o promova a admiss\u00e3o ou contrata\u00e7\u00e3o de tempor\u00e1rios, para o desempenho de cargos, fun\u00e7\u00f5es ou atividades p\u00fablicas sem o preenchimento da legisla\u00e7\u00e3o de reg\u00eancia e \u201cpromova a exonera\u00e7\u00e3o das pessoas contratadas por tempo determinado no que n\u00e3o participaram de processo seletivo simplificado, no prazo m\u00e1ximo de 6 meses, isso em vista do respeito ao princ\u00edpio da continuidade dos servi\u00e7os p\u00fablicos, com a observ\u00e2ncia, a partir da data desta recomenda\u00e7\u00e3o, do disposto nas al\u00edneas anteriores\u201d.<\/span><\/p>\n<p style=\"text-align: justify;\"><span style=\"font-family: helvetica, arial, sans-serif;\">A recomenda\u00e7\u00e3o decorre do fato de que, segundo os promotores de Justi\u00e7a, a inobserv\u00e2ncia das normas de acesso aos cargos e fun\u00e7\u00f5es p\u00fablicos \u201cfavorece o favor pol\u00edtico, a manuten\u00e7\u00e3o de apaniguados no servi\u00e7o p\u00fablico, desprestigiando o acesso no funcionalismo pelo merecimento\u201d.<\/span><\/p>\n<p style=\"text-align: justify;\"><span style=\"font-family: helvetica, arial, sans-serif;\">\u201cVeja-se que o concurso p\u00fablico \u00e9 instrumento de realiza\u00e7\u00e3o, n\u00e3o s\u00f3 da impessoalidade, mas tamb\u00e9m da meritocracia e da efici\u00eancia. O munic\u00edpio de Cra\u00edbas realizou concurso p\u00fablico para provimento de diversos cargos efetivos, dentre estes para professor, com previs\u00e3o inicial de um determinado quantitativo de cargos, conforme edital 001\/2025, publicado em 30\/10\/2025, e possui apenas 12% de profissionais efetivos na \u00e1rea da educa\u00e7\u00e3o em rela\u00e7\u00e3o ao n\u00famero de contratados\u201d, revela a recomenda\u00e7\u00e3o.<\/span><\/p>\n<p style=\"text-align: justify;\"><span style=\"font-family: helvetica, arial, sans-serif;\">Ao final, o documento refor\u00e7a que, em caso de n\u00e3o acatamento da recomenda\u00e7\u00e3o pelo munic\u00edpio, o Minist\u00e9rio P\u00fablico adotar\u00e1 as medidas legais e judiciais necess\u00e1rias a fim de assegurar a lisura das contrata\u00e7\u00f5es do servi\u00e7o de educa\u00e7\u00e3o, inclusive atrav\u00e9s do ajuizamento de A\u00e7\u00e3o Civil P\u00fablica cab\u00edvel, precipuamente para respeito \u00e0s normas constitucionais, sem preju\u00edzo do ingresso com a respectiva a\u00e7\u00e3o de improbidade administrativa e a\u00e7\u00e3o penal, se for o caso.<\/span><\/p>\n","protected":false},"excerpt":{"rendered":"<p> [&hellip;]<\/p>\n","protected":false},"author":24,"featured_media":28677,"comment_status":"open","ping_status":"open","sticky":false,"template":"","format":"standard","meta":{"om_disable_all_campaigns":false,"_monsterinsights_skip_tracking":false,"_monsterinsights_sitenote_active":false,"_monsterinsights_sitenote_note":"","_monsterinsights_sitenote_category":0,"_uf_show_specific_survey":0,"_uf_disable_surveys":false,"footnotes":""},"categories":[2],"tags":[],"class_list":["post-69930","post","type-post","status-publish","format-standard","has-post-thumbnail","hentry","category-not_mpal"],"aioseo_notices":[],"_links":{"self":[{"href":"https:\/\/www.mpal.mp.br\/index.php?rest_route=\/wp\/v2\/posts\/69930","targetHints":{"allow":["GET"]}}],"collection":[{"href":"https:\/\/www.mpal.mp.br\/index.php?rest_route=\/wp\/v2\/posts"}],"about":[{"href":"https:\/\/www.mpal.mp.br\/index.php?rest_route=\/wp\/v2\/types\/post"}],"author":[{"embeddable":true,"href":"https:\/\/www.mpal.mp.br\/index.php?rest_route=\/wp\/v2\/users\/24"}],"replies":[{"embeddable":true,"href":"https:\/\/www.mpal.mp.br\/index.php?rest_route=%2Fwp%2Fv2%2Fcomments&post=69930"}],"version-history":[{"count":1,"href":"https:\/\/www.mpal.mp.br\/index.php?rest_route=\/wp\/v2\/posts\/69930\/revisions"}],"predecessor-version":[{"id":69931,"href":"https:\/\/www.mpal.mp.br\/index.php?rest_route=\/wp\/v2\/posts\/69930\/revisions\/69931"}],"wp:featuredmedia":[{"embeddable":true,"href":"https:\/\/www.mpal.mp.br\/index.php?rest_route=\/wp\/v2\/media\/28677"}],"wp:attachment":[{"href":"https:\/\/www.mpal.mp.br\/index.php?rest_route=%2Fwp%2Fv2%2Fmedia&parent=69930"}],"wp:term":[{"taxonomy":"category","embeddable":true,"href":"https:\/\/www.mpal.mp.br\/index.php?rest_route=%2Fwp%2Fv2%2Fcategories&post=69930"},{"taxonomy":"post_tag","embeddable":true,"href":"https:\/\/www.mpal.mp.br\/index.php?rest_route=%2Fwp%2Fv2%2Ftags&post=69930"}],"curies":[{"name":"wp","href":"https:\/\/api.w.org\/{rel}","templated":true}]}}