{"id":69916,"date":"2026-04-28T14:20:48","date_gmt":"2026-04-28T17:20:48","guid":{"rendered":"https:\/\/www.mpal.mp.br\/?p=69916"},"modified":"2026-04-28T14:23:48","modified_gmt":"2026-04-28T17:23:48","slug":"nova-condenacao-atuacao-precisa-do-mpal-leva-preto-boiadeiro-e-comparsa-a-mais-de-90-anos-de-prisao","status":"publish","type":"post","link":"https:\/\/www.mpal.mp.br\/?p=69916","title":{"rendered":"Nova condena\u00e7\u00e3o: Atua\u00e7\u00e3o precisa do MPAL leva \u201cPreto Boiadeiro\u201d e comparsa a mais de 90 anos de pris\u00e3o"},"content":{"rendered":"<p class=\"western\" align=\"justify\"><span style=\"font-family: helvetica, arial, sans-serif;\">Sete anos ap\u00f3s o primeiro julgamento e condena\u00e7\u00e3o, anulados, os r\u00e9us Jos\u00e9 Anselmo Cavalcanti de Melo, o \u201cpreto boiadeiro\u201d, e Thiago Ferreira dos Santos, conhecido como &#8220;P\u00e9 de Ferro&#8221;, acusados de assassinar o sargento RR da Pol\u00edcia Militar de Alagoas, Edivaldo Joaquim de Matos, e Samuel Theomar Bezerra Cavalcante, receberam uma nova pena. A sustenta\u00e7\u00e3o do Minist\u00e9rio P\u00fablico de Alagoas (MPAL), pela segunda vez, mostrou ao conselho de senten\u00e7a provas incontest\u00e1veis da autoria material de ambos. A postura firme foi do promotor de Justi\u00e7a Thiago Riff e Preto Boiadeiro foi condenado a 32 anos e tr\u00eas meses de reclus\u00e3o, enquanto para Thiago Ferreira foi repetida a pena anterior de 58 anos e quatro meses.<\/span><\/p>\n<p class=\"western\" align=\"justify\"><span style=\"font-family: helvetica, arial, sans-serif;\"><span style=\"font-size: medium;\">No primeiro julgamento, os r\u00e9us foram absolvidos mediante anula\u00e7\u00e3o procedida pelo Tribunal de Justi\u00e7a de Alagoas, sob o fundamento de que no conselho de senten\u00e7a estava uma estagi\u00e1ria do Tribunal de Justi\u00e7a de Alagoas (TJAL).<\/span><\/span><\/p>\n<p class=\"western\" align=\"justify\"><span style=\"font-family: helvetica, arial, sans-serif;\"><span style=\"font-size: medium;\">Para o promotor de Justi\u00e7a Thiago Riff, a \u00fanica novidade no caso era justamente o novo julgamento, mas o Minist\u00e9rio P\u00fablico n\u00e3o tinha qualquer d<\/span><span style=\"font-size: medium;\">\u00favida<\/span><span style=\"font-size: medium;\"> que uma nova condena\u00e7\u00e3o de ambos os r\u00e9us representava medida de justi\u00e7a ao caso.<\/span><\/span><\/p>\n<p class=\"western\" align=\"justify\"><span style=\"font-family: helvetica, arial, sans-serif;\">\u201c<span style=\"font-size: medium;\">O Minist\u00e9rio P\u00fablico mais uma vez cumpriu o seu papel. O j\u00fari foi sobre tr\u00eas crimes cometidos h\u00e1 praticamente 20 anos e j\u00e1 havia a expectativa de nova condena\u00e7\u00e3o, visto que o primeiro julgamento foi anulado. Agora, o caso encontra-se novamente julgado e se espera que traga a sensa\u00e7\u00e3o de justi\u00e7a \u00e0 sociedade, que n\u00e3o mais aguenta a impunidade de crimes b\u00e1rbaros como estes\u201d, afirma o promotor.<\/span><\/span><\/p>\n<p class=\"western\" align=\"justify\"><span style=\"font-family: helvetica, arial, sans-serif;\"><span style=\"font-size: medium;\"><b>Penas<\/b><\/span><\/span><\/p>\n<p class=\"western\" align=\"justify\"><span style=\"font-family: helvetica, arial, sans-serif;\"><span style=\"font-size: medium;\">Em rela\u00e7\u00e3o \u00e0 v\u00edtima Edivaldo Joaquim de Matos, o r\u00e9u \u201cpreto boiadeiro\u201d teve a materialidade e autoria reconhecidas, o conselho de senten\u00e7a reconheceu a qualificadora de motivo torpe e rejeitou a de recurso que dificultou a defesa da v\u00edtima. Foi absolvido no tocante \u00e0 v\u00edtima Samuel Theomar Bezerra Cavalcanti J<\/span><span style=\"font-size: medium;\">\u00fa<\/span><span style=\"font-size: medium;\">nior e condenado pelo crime contra Theobaldo Cavalcante Lins Neto, acatando, neste caso, as duas qualificadoras.<\/span><\/span><\/p>\n<p class=\"western\" align=\"justify\"><span style=\"font-family: helvetica, arial, sans-serif;\"><span style=\"font-size: medium;\">Na an\u00e1lise feita pelos jurados, em rela\u00e7\u00e3o ao r\u00e9u Thiago Ferreira dos Santos e \u00e0s v\u00edtimas Edivaldo Joaquim de Matos, Samuel Theomar e Theobaldo Cavalcante Neto, reconheceram a materialidade, autoria, e as duas qualificadoras.<\/span><\/span><\/p>\n","protected":false},"excerpt":{"rendered":"<p> [&hellip;]<\/p>\n","protected":false},"author":8,"featured_media":34072,"comment_status":"open","ping_status":"open","sticky":false,"template":"","format":"standard","meta":{"om_disable_all_campaigns":false,"_monsterinsights_skip_tracking":false,"_monsterinsights_sitenote_active":false,"_monsterinsights_sitenote_note":"","_monsterinsights_sitenote_category":0,"_uf_show_specific_survey":0,"_uf_disable_surveys":false,"footnotes":""},"categories":[2],"tags":[],"class_list":["post-69916","post","type-post","status-publish","format-standard","has-post-thumbnail","hentry","category-not_mpal"],"aioseo_notices":[],"_links":{"self":[{"href":"https:\/\/www.mpal.mp.br\/index.php?rest_route=\/wp\/v2\/posts\/69916","targetHints":{"allow":["GET"]}}],"collection":[{"href":"https:\/\/www.mpal.mp.br\/index.php?rest_route=\/wp\/v2\/posts"}],"about":[{"href":"https:\/\/www.mpal.mp.br\/index.php?rest_route=\/wp\/v2\/types\/post"}],"author":[{"embeddable":true,"href":"https:\/\/www.mpal.mp.br\/index.php?rest_route=\/wp\/v2\/users\/8"}],"replies":[{"embeddable":true,"href":"https:\/\/www.mpal.mp.br\/index.php?rest_route=%2Fwp%2Fv2%2Fcomments&post=69916"}],"version-history":[{"count":3,"href":"https:\/\/www.mpal.mp.br\/index.php?rest_route=\/wp\/v2\/posts\/69916\/revisions"}],"predecessor-version":[{"id":69922,"href":"https:\/\/www.mpal.mp.br\/index.php?rest_route=\/wp\/v2\/posts\/69916\/revisions\/69922"}],"wp:featuredmedia":[{"embeddable":true,"href":"https:\/\/www.mpal.mp.br\/index.php?rest_route=\/wp\/v2\/media\/34072"}],"wp:attachment":[{"href":"https:\/\/www.mpal.mp.br\/index.php?rest_route=%2Fwp%2Fv2%2Fmedia&parent=69916"}],"wp:term":[{"taxonomy":"category","embeddable":true,"href":"https:\/\/www.mpal.mp.br\/index.php?rest_route=%2Fwp%2Fv2%2Fcategories&post=69916"},{"taxonomy":"post_tag","embeddable":true,"href":"https:\/\/www.mpal.mp.br\/index.php?rest_route=%2Fwp%2Fv2%2Ftags&post=69916"}],"curies":[{"name":"wp","href":"https:\/\/api.w.org\/{rel}","templated":true}]}}