{"id":6989,"date":"2022-05-27T10:09:02","date_gmt":"2022-05-27T13:09:02","guid":{"rendered":"https:\/\/www.mpal.mp.br\/?p=6989"},"modified":"2022-05-30T10:09:47","modified_gmt":"2022-05-30T13:09:47","slug":"3a-promotoria-de-justica-de-penedo-instaura-procedimento-para-fiscalizar-acoes-da-prefeitura-em-socorro-as-vitimas-das-enchentes","status":"publish","type":"post","link":"https:\/\/www.mpal.mp.br\/?p=6989","title":{"rendered":"3\u00aa Promotoria de Justi\u00e7a de Penedo instaura procedimento para fiscalizar a\u00e7\u00f5es da prefeitura em socorro \u00e0s v\u00edtimas das enchentes"},"content":{"rendered":"<p style=\"text-align: justify;\" align=\"justify\" data-raofz=\"14\"><span style=\"font-size: 14pt;\" data-raofz=\"13\">Por meio do procedimento administrativo n\u00ba 09.2022.00000434-5, publicado no di\u00e1rio oficial desta sexta-feira (27), o Minist\u00e9rio P\u00fablico do Estado de Alagoas vai fiscalizar as atividades que est\u00e3o sendo desenvolvidas pela Prefeitura de Penedo para dar assist\u00eancia aos moradores que foram atingidos pelas fortes chuvas desta semana. A 3\u00aa Promotoria de Justi\u00e7a tamb\u00e9m acompanhar\u00e1 de perto os gastos p\u00fablicos destinados a esse socorro \u00e0s v\u00edtimas.<\/span><\/p>\n<p style=\"text-align: justify;\" align=\"justify\" data-raofz=\"14\"><span style=\"font-size: 14pt;\" data-raofz=\"13\">Os trabalhos ser\u00e3o comandados pelo promotor de Justi\u00e7a El\u00e1dio Estrela, que exerce suas atribui\u00e7\u00f5es em defesa da cidadania. Segundo ele, a apura\u00e7\u00e3o do MPAL foi iniciada porque o munic\u00edpio decretou estado de calamidade p\u00fablica, o que permite a gest\u00e3o desenvolver a\u00e7\u00f5es emergenciais.<\/span><\/p>\n<p style=\"text-align: justify;\" align=\"justify\" data-raofz=\"14\"><span style=\"font-size: 14pt;\" data-raofz=\"13\">Dentro do procedimento, o promotor alerta que as enchentes foram \u201cal\u00e9m dos limites aceit\u00e1veis em mil\u00edmetros por metros quadrados e que h\u00e1 consequ\u00eancias vis\u00edveis de desabamentos, transbordamentos de rios para \u00e1reas marginais com enxurradas, alagamentos que geram desabrigados e disseminam doen\u00e7as como c\u00f3lera, dengue, hepatite, leptospirose dentre outras\u201d. Portanto, em raz\u00e3o disso, os servi\u00e7os que est\u00e3o sendo prestados pelos \u00f3rg\u00e3os ligados \u00e0 coordena\u00e7\u00e3o de Defesa Civil, Sa\u00fade e Assist\u00eancia Social ser\u00e3o acompanhados de forma minuciosa.<\/span><\/p>\n<p style=\"text-align: justify;\" align=\"justify\" data-raofz=\"14\"><span style=\"font-size: 14pt;\" data-raofz=\"13\">\u201cFato dessa natureza tem por consequ\u00eancia l\u00f3gica ser um fato jur\u00eddico pelos seus efeitos sobre a sa\u00fade, a seguran\u00e7a, a propriedade e qui\u00e7\u00e1 \u00e0 vida dos que est\u00e3o em \u00e1rea de risco e\/ou em situa\u00e7\u00e3o de hipossuficiencia, estando, portanto, o ente pol\u00edtico penedense e estatal, atrav\u00e9s de seus \u00f3rg\u00e3os preventivos e repressivos, imbu\u00eddos com o dever de cuidado, preven\u00e7\u00e3o e ajuda material aos cidad\u00e3os afetados, antecipando-se ou minimizando os acontecimentos que os afetem nas condi\u00e7\u00f5es mencionadas\u201d, diz um trecho do documento.<\/span><\/p>\n<p style=\"text-align: justify;\" align=\"justify\" data-raofz=\"14\"><span style=\"font-size: 14pt;\"><strong>Dinheiro p\u00fablico tamb\u00e9m ser\u00e1 fiscalizado<\/strong><\/span><\/p>\n<p style=\"text-align: justify;\" align=\"justify\" data-raofz=\"14\"><span style=\"font-size: 14pt;\" data-raofz=\"13\">Da mesma maneira, o Minist\u00e9rio P\u00fablico vai fiscalizar \u201ceventuais aloca\u00e7\u00f5es de recursos destinados \u00e0 popula\u00e7\u00e3o em face da calamidade p\u00fablica na comarca de Penedo\u201d, uma vez que tal estado de emerg\u00eancia permite ao munic\u00edpio o recebimento de \u201cverbas federais e estaduais para auxiliar a superar a situa\u00e7\u00e3o\u201d.<\/span><\/p>\n<p style=\"text-align: justify;\" align=\"justify\" data-raofz=\"14\"><span style=\"font-size: 14pt;\" data-raofz=\"13\">E para que possa fazer esse monitoramento de perto, El\u00e1dio Estrela requisitou informa\u00e7\u00f5es, em forma de relat\u00f3rio, de forma sucinta, das a\u00e7\u00f5es realizadas e a serem ainda promovidas pelo munic\u00edpio no tocante as medidas de assist\u00eancia \u00e0s v\u00edtimas, bem como c\u00f3pia do decreto que formalizou o estado de calamidade p\u00fablica na cidade de Penedo.<\/span><\/p>\n","protected":false},"excerpt":{"rendered":"<p> [&hellip;]<\/p>\n","protected":false},"author":2,"featured_media":5621,"comment_status":"open","ping_status":"open","sticky":false,"template":"","format":"standard","meta":{"om_disable_all_campaigns":false,"_monsterinsights_skip_tracking":false,"_monsterinsights_sitenote_active":false,"_monsterinsights_sitenote_note":"","_monsterinsights_sitenote_category":0,"_uf_show_specific_survey":0,"_uf_disable_surveys":false,"footnotes":""},"categories":[2],"tags":[],"class_list":["post-6989","post","type-post","status-publish","format-standard","has-post-thumbnail","hentry","category-not_mpal"],"aioseo_notices":[],"_links":{"self":[{"href":"https:\/\/www.mpal.mp.br\/index.php?rest_route=\/wp\/v2\/posts\/6989","targetHints":{"allow":["GET"]}}],"collection":[{"href":"https:\/\/www.mpal.mp.br\/index.php?rest_route=\/wp\/v2\/posts"}],"about":[{"href":"https:\/\/www.mpal.mp.br\/index.php?rest_route=\/wp\/v2\/types\/post"}],"author":[{"embeddable":true,"href":"https:\/\/www.mpal.mp.br\/index.php?rest_route=\/wp\/v2\/users\/2"}],"replies":[{"embeddable":true,"href":"https:\/\/www.mpal.mp.br\/index.php?rest_route=%2Fwp%2Fv2%2Fcomments&post=6989"}],"version-history":[{"count":1,"href":"https:\/\/www.mpal.mp.br\/index.php?rest_route=\/wp\/v2\/posts\/6989\/revisions"}],"predecessor-version":[{"id":6990,"href":"https:\/\/www.mpal.mp.br\/index.php?rest_route=\/wp\/v2\/posts\/6989\/revisions\/6990"}],"wp:featuredmedia":[{"embeddable":true,"href":"https:\/\/www.mpal.mp.br\/index.php?rest_route=\/wp\/v2\/media\/5621"}],"wp:attachment":[{"href":"https:\/\/www.mpal.mp.br\/index.php?rest_route=%2Fwp%2Fv2%2Fmedia&parent=6989"}],"wp:term":[{"taxonomy":"category","embeddable":true,"href":"https:\/\/www.mpal.mp.br\/index.php?rest_route=%2Fwp%2Fv2%2Fcategories&post=6989"},{"taxonomy":"post_tag","embeddable":true,"href":"https:\/\/www.mpal.mp.br\/index.php?rest_route=%2Fwp%2Fv2%2Ftags&post=6989"}],"curies":[{"name":"wp","href":"https:\/\/api.w.org\/{rel}","templated":true}]}}