{"id":6987,"date":"2022-05-27T10:08:03","date_gmt":"2022-05-27T13:08:03","guid":{"rendered":"https:\/\/www.mpal.mp.br\/?p=6987"},"modified":"2022-05-30T10:08:10","modified_gmt":"2022-05-30T13:08:10","slug":"2a-promotoria-de-justica-de-porto-calvo-recomenda-suspensao-das-festas-de-sao-joao","status":"publish","type":"post","link":"https:\/\/www.mpal.mp.br\/?p=6987","title":{"rendered":"2\u00aa Promotoria de Justi\u00e7a de Porto Calvo recomenda suspens\u00e3o das festas de S\u00e3o Jo\u00e3o"},"content":{"rendered":"<p style=\"text-align: justify;\" align=\"justify\" data-raofz=\"14\"><span style=\"font-size: 14pt;\" data-raofz=\"13\">Por meio da Recomenda\u00e7\u00e3o n\u00ba 0006\/2022, o Minist\u00e9rio P\u00fablico do Estado de Alagoas orientou a Prefeitura de Porto Calvo para que ela cancele os festejos juninos previstos para ocorrerem neste pr\u00f3ximo m\u00eas de junho. O promotor de Justi\u00e7a Rodrigo Soares baseou o seu documento levando em considera\u00e7\u00e3o a \u201csitua\u00e7\u00e3o de emerg\u00eancia\u201d decretada naquele munic\u00edpio, nessa quinta-feira (26), pelo governo do estado em raz\u00e3o das chuvas que ca\u00edram na cidade.<\/span><\/p>\n<p style=\"text-align: justify;\" align=\"justify\" data-raofz=\"14\"><span style=\"font-size: 14pt;\" data-raofz=\"13\">Na recomenda\u00e7\u00e3o, a 2\u00aa Promotoria de Justi\u00e7a de Porto Calvo destacou que \u201cfortes chuvas v\u00eam castigando o estado de Alagoas nas \u00faltimas 72h, provocando inunda\u00e7\u00f5es, danos humanos, materiais e ambientais, e comprometendo a infraestrutura de diversos munic\u00edpios, dentre eles, o de Porto Calvo\u201d e que, em raz\u00e3o disso, torna-se \u201cincompat\u00edvel a realiza\u00e7\u00e3o de eventos que importem em gastos de recursos p\u00fablicos, como os aludidos festejos juninos que o munic\u00edpio pretende promover com a contrata\u00e7\u00e3o de bandas, montagens de palcos etc\u201d.<\/span><\/p>\n<p style=\"text-align: justify;\" align=\"justify\" data-raofz=\"14\"><span style=\"font-size: 14pt;\" data-raofz=\"13\">Rodrigo Soares tamb\u00e9m chama a aten\u00e7\u00e3o para o fato de que o governo do Estado de Alagoas, atrav\u00e9s do Decreto n\u00ba 82.871\/22, declarou \u201csitua\u00e7\u00e3o de emerg\u00eancia em 33 (trinta e tr\u00eas) munic\u00edpios alagoanos, dentre eles Porto Calvo, v\u00e1lido por 180 (cento e oitenta) dias, a fim de se adotarem medidas necess\u00e1rias para combater os preju\u00edzos causados pelas chuvas\u201d.<\/span><\/p>\n<p style=\"text-align: justify;\" align=\"justify\" data-raofz=\"14\"><span style=\"font-size: 14pt;\" data-raofz=\"13\">\u201cN\u00e3o h\u00e1 como se promover festas se a popula\u00e7\u00e3o est\u00e1 precisando de abrigo, de comida. A salvaguarda da vida \u00e9 mais importante do que qualquer outra coisa, por isso, o Minist\u00e9rio P\u00fablico recomendou o cancelamento do S\u00e3o Jo\u00e3o. O dinheiro p\u00fablico, neste momento, deve ser destinado \u00e0 prote\u00e7\u00e3o da dignidade das v\u00edtimas das chuvas\u201d, frisou o promotor de Justi\u00e7a.<\/span><\/p>\n<p style=\"text-align: justify;\" align=\"justify\" data-raofz=\"14\"><span style=\"font-size: 14pt;\"><strong>Prazo de 48 horas<\/strong><\/span><\/p>\n<p style=\"text-align: justify;\" align=\"justify\" data-raofz=\"14\"><span style=\"font-size: 14pt;\" data-raofz=\"13\">A Prefeitura de Porto Calvo ter\u00e1 prazo de d<b>ois dias \u00fateis<\/b>, a partir do recebimento da recomenda\u00e7\u00e3o, para responder ao MPAL se acatar\u00e1 ou n\u00e3o a orienta\u00e7\u00e3o dada pelo \u00f3rg\u00e3o, sob pena de ado\u00e7\u00e3o das medidas judiciais cab\u00edveis.<\/span><\/p>\n<p style=\"text-align: justify;\" align=\"justify\" data-raofz=\"14\"><span style=\"font-size: 14pt;\" data-raofz=\"13\">\u201cAtente-se, desde logo, que eventual descumprimento da presente recomenda\u00e7\u00e3o importar\u00e1 na tomada de provid\u00eancias, por parte do Minist\u00e9rio P\u00fablico, junto aos \u00f3rg\u00e3os administrativos e judiciais competentes, a fim de que se possa assegurar a sua efetiva implementa\u00e7\u00e3o, valendo o seu recebimento como prova pr\u00e9-constitu\u00edda do pr\u00e9vio conhecimento de seu inteiro teor\u201d, diz o trecho final do documento.<\/span><\/p>\n","protected":false},"excerpt":{"rendered":"<p> [&hellip;]<\/p>\n","protected":false},"author":2,"featured_media":4122,"comment_status":"open","ping_status":"open","sticky":false,"template":"","format":"standard","meta":{"om_disable_all_campaigns":false,"_monsterinsights_skip_tracking":false,"_monsterinsights_sitenote_active":false,"_monsterinsights_sitenote_note":"","_monsterinsights_sitenote_category":0,"_uf_show_specific_survey":0,"_uf_disable_surveys":false,"footnotes":""},"categories":[2],"tags":[],"class_list":["post-6987","post","type-post","status-publish","format-standard","has-post-thumbnail","hentry","category-not_mpal"],"aioseo_notices":[],"_links":{"self":[{"href":"https:\/\/www.mpal.mp.br\/index.php?rest_route=\/wp\/v2\/posts\/6987","targetHints":{"allow":["GET"]}}],"collection":[{"href":"https:\/\/www.mpal.mp.br\/index.php?rest_route=\/wp\/v2\/posts"}],"about":[{"href":"https:\/\/www.mpal.mp.br\/index.php?rest_route=\/wp\/v2\/types\/post"}],"author":[{"embeddable":true,"href":"https:\/\/www.mpal.mp.br\/index.php?rest_route=\/wp\/v2\/users\/2"}],"replies":[{"embeddable":true,"href":"https:\/\/www.mpal.mp.br\/index.php?rest_route=%2Fwp%2Fv2%2Fcomments&post=6987"}],"version-history":[{"count":1,"href":"https:\/\/www.mpal.mp.br\/index.php?rest_route=\/wp\/v2\/posts\/6987\/revisions"}],"predecessor-version":[{"id":6988,"href":"https:\/\/www.mpal.mp.br\/index.php?rest_route=\/wp\/v2\/posts\/6987\/revisions\/6988"}],"wp:featuredmedia":[{"embeddable":true,"href":"https:\/\/www.mpal.mp.br\/index.php?rest_route=\/wp\/v2\/media\/4122"}],"wp:attachment":[{"href":"https:\/\/www.mpal.mp.br\/index.php?rest_route=%2Fwp%2Fv2%2Fmedia&parent=6987"}],"wp:term":[{"taxonomy":"category","embeddable":true,"href":"https:\/\/www.mpal.mp.br\/index.php?rest_route=%2Fwp%2Fv2%2Fcategories&post=6987"},{"taxonomy":"post_tag","embeddable":true,"href":"https:\/\/www.mpal.mp.br\/index.php?rest_route=%2Fwp%2Fv2%2Ftags&post=6987"}],"curies":[{"name":"wp","href":"https:\/\/api.w.org\/{rel}","templated":true}]}}