{"id":69849,"date":"2026-04-27T16:14:18","date_gmt":"2026-04-27T19:14:18","guid":{"rendered":"https:\/\/www.mpal.mp.br\/?p=69849"},"modified":"2026-04-27T16:14:51","modified_gmt":"2026-04-27T19:14:51","slug":"respeito-mpal-reune-secretarias-municipais-e-movimentos-juninos-de-arapiraca-para-conscientizar-sobre-importunacao-e-abuso-sexual","status":"publish","type":"post","link":"https:\/\/www.mpal.mp.br\/?p=69849","title":{"rendered":"Respeito: MPAL re\u00fane secretarias municipais e movimentos juninos de Arapiraca para conscientizar sobre importuna\u00e7\u00e3o e abuso sexual"},"content":{"rendered":"<p align=\"justify\"><span style=\"font-family: helvetica, arial, sans-serif; font-size: 12pt;\"><span style=\"color: #000000;\">Abordar, c<\/span><span style=\"color: #000000;\">onscientiza<\/span><span style=\"color: #000000;\">r <\/span><span style=\"color: #000000;\">e <\/span><span style=\"color: #000000;\">evitar que o<\/span><span style=\"color: #000000;\">s<\/span><span style=\"color: #000000;\"> crime<\/span><span style=\"color: #000000;\">s<\/span><span style=\"color: #000000;\"> de importuna\u00e7\u00e3o <\/span><span style=\"color: #000000;\">e abuso <\/span><span style=\"color: #000000;\">sexual<\/span> <span style=\"color: #000000;\">ocorra<\/span><span style=\"color: #000000;\">m<\/span><span style=\"color: #000000;\"> durante a maior festa tradicional do Nordeste, o S\u00e3o Jo\u00e3o, em Arapiraca, <\/span><span style=\"color: #000000;\">entre as quadrilhas juninas<\/span><span style=\"color: #000000;\">. Essa \u00e9 a iniciativa do Minist\u00e9rio P\u00fablico de Alagoas (MPAL) por meio da Promotoria de Justi\u00e7a da Inf\u00e2ncia e da Juventude e <\/span><span style=\"color: #000000;\">da 4\u00aa Promotoria de Justi\u00e7a da Comarca, representadas, respectivamente, pelos promotores de Justi\u00e7a Viviane Farias e Rog\u00e9rio Paranhos. Ambos se reuniram, na manh\u00e3 desta segunda-feira (27), com as secretarias municipais de Cultura e da Mulher e coordenadores dos movimentos juninos locais.<\/span><\/span><\/p>\n<p align=\"justify\"><span style=\"font-family: helvetica, arial, sans-serif; font-size: 12pt;\"><span style=\"color: #000000;\">O <\/span><span style=\"color: #000000;\">MPAL abomina todo e qualquer crime <\/span><span style=\"color: #000000;\">de abuso sexual contra crian\u00e7as e adolescentes e, tamb\u00e9m, <\/span><span style=\"color: #000000;\">contra a dignidade sexual. <\/span><span style=\"color: #000000;\">O<\/span><span style=\"color: #000000;\"> encontro serviu para alertar sobre sua vigil\u00e2ncia e a responsabilidade dos o<\/span><span style=\"color: #000000;\">rganizadores<\/span> <span style=\"color: #000000;\">do<\/span><span style=\"color: #000000;\">s <\/span><span style=\"color: #000000;\">grupos <\/span><span style=\"color: #000000;\">de <\/span><span style=\"color: #000000;\">quadrilhas juninas. <\/span><\/span><\/p>\n<p align=\"justify\"><span style=\"font-family: helvetica, arial, sans-serif; font-size: 12pt;\"><span style=\"color: #000000;\">\u201c<\/span><span style=\"color: #000000;\">C<\/span><span style=\"color: #000000;\">omo as quadrilhas, em sua maioria, s\u00e3o compostas por crian\u00e7as e adolescentes,<\/span><span style=\"color: #000000;\"> decidimos, com muita anteced\u00eancia, tratar do assunto com os respons\u00e1veis para que <\/span><span style=\"color: #000000;\">orientem seus integrantes sobre respeito, <\/span><span style=\"color: #000000;\">conscientizem da tipifica\u00e7\u00e3o do<\/span><span style=\"color: #000000;\">s<\/span><span style=\"color: #000000;\"> crime<\/span><span style=\"color: #000000;\">s<\/span><span style=\"color: #000000;\"> e das puni\u00e7\u00f5es devidas. Inclusive, em rela\u00e7\u00e3o a poss\u00edveis omiss\u00f5es que sejam comprovadas. <\/span><span style=\"color: #000000;\">H\u00e1 informa\u00e7\u00e3o de importuna\u00e7\u00e3o sexual <\/span><span style=\"color: #000000;\">dentro de uma quadrilha e houve certa omiss\u00e3o, <\/span><span style=\"color: #000000;\">ent\u00e3o \u00e9 preciso advertir<\/span><span style=\"color: #000000;\">\u201d, <\/span><span style=\"color: #000000;\">esclarece a promotora Viviane Farias.<\/span><\/span><\/p>\n<p align=\"justify\"><span style=\"font-family: helvetica, arial, sans-serif; font-size: 12pt;\"><span style=\"color: #000000;\">\u201c<\/span><span style=\"color: #000000;\">Chegamos \u00e0 conclus\u00e3o de que era o momento para as tratativas e juntamos as partes para um primeiro di\u00e1logo, que d\u00e1 o pontap\u00e9 para as orienta\u00e7\u00f5es. O que o Minist\u00e9rio P\u00fablico quer com isso, prevenir a remediar. Vamos conversar com todos os grupos, detalhar sobre o que caracteriza a importuna\u00e7\u00e3o sexual, <\/span><span style=\"color: #000000;\">o estupro<\/span><span style=\"color: #000000;\"> e esperar que n\u00e3o haja registros que provoquem nossa interven\u00e7\u00e3o\u201d, ressalta o promotor Rog\u00e9rio Paranhos.<\/span><\/span><\/p>\n<p align=\"justify\"><span style=\"font-family: helvetica, arial, sans-serif; font-size: 12pt;\"><span style=\"color: #000000;\">Os membros ministeriais definiriam como estrat\u00e9gia visitar, individualmente, os grupos <\/span><span style=\"color: #000000;\">durantes seus ensaios para que n\u00e3o reste qualquer d\u00favida. <\/span><span style=\"color: #000000;\">A inten\u00e7\u00e3o dos promotores de Justi\u00e7a \u00e9, i<\/span><span style=\"color: #000000;\">ndiscutivelmente<\/span><span style=\"color: #000000;\">, resguardar os direitos das crian\u00e7as e dos adolescentes, protegendo o p\u00fablico infantojuvenil que <\/span><span style=\"color: #000000;\">integra as equipes folcl\u00f3ricas.<\/span><\/span><\/p>\n<p align=\"justify\"><span style=\"font-family: helvetica, arial, sans-serif; font-size: 12pt;\"><b><span style=\"color: #000000;\">I<\/span><span style=\"color: #000000;\">mportuna\u00e7\u00e3o sexual<\/span><\/b><\/span><\/p>\n<p align=\"justify\"><span style=\"font-family: helvetica, arial, sans-serif; font-size: 12pt;\"><span style=\"color: #000000;\">\u00c9 <\/span><span style=\"color: #000000;\">qua<\/span><span style=\"color: #000000;\">ndo algu\u00e9m <\/span><span style=\"color: #000000;\">pr<\/span><span style=\"color: #000000;\">a<\/span><span style=\"color: #000000;\">tica <\/span><span style=\"color: #000000;\">qualquer ato <\/span><span style=\"color: #000000;\">de cunho sexual realizad<\/span><span style=\"color: #000000;\">o<\/span><span style=\"color: #000000;\"> sem o consentimento da v\u00edtima, ou seja, u<\/span><span style=\"color: #000000;\">m<\/span><span style=\"color: #000000;\"> ato libidinoso a<\/span><span style=\"color: #000000;\">penas para satisfa\u00e7\u00e3o pessoal ou de terceiro. \u00c9 uma invas\u00e3o direte do corpo e da intimidade da v\u00edtima e pode ser caracterizado por: passar a m\u00e3o no corpo de algu\u00e9m em \u00f4nibus, metr\u00f4 ou filas; beijos for\u00e7ados; esfregar-se na v\u00edtima sem consentimento; toques \u00edntimos inesperados em locais p\u00fablicos ou privados.<\/span><\/span><\/p>\n<p align=\"justify\">Texto: Dulce Melo<\/p>\n<p align=\"justify\">Foto: Cortesia<\/p>\n","protected":false},"excerpt":{"rendered":"<p> [&hellip;]<\/p>\n","protected":false},"author":8,"featured_media":69850,"comment_status":"open","ping_status":"open","sticky":false,"template":"","format":"standard","meta":{"om_disable_all_campaigns":false,"_monsterinsights_skip_tracking":false,"_monsterinsights_sitenote_active":false,"_monsterinsights_sitenote_note":"","_monsterinsights_sitenote_category":0,"_uf_show_specific_survey":0,"_uf_disable_surveys":false,"footnotes":""},"categories":[2],"tags":[],"class_list":["post-69849","post","type-post","status-publish","format-standard","has-post-thumbnail","hentry","category-not_mpal"],"aioseo_notices":[],"_links":{"self":[{"href":"https:\/\/www.mpal.mp.br\/index.php?rest_route=\/wp\/v2\/posts\/69849","targetHints":{"allow":["GET"]}}],"collection":[{"href":"https:\/\/www.mpal.mp.br\/index.php?rest_route=\/wp\/v2\/posts"}],"about":[{"href":"https:\/\/www.mpal.mp.br\/index.php?rest_route=\/wp\/v2\/types\/post"}],"author":[{"embeddable":true,"href":"https:\/\/www.mpal.mp.br\/index.php?rest_route=\/wp\/v2\/users\/8"}],"replies":[{"embeddable":true,"href":"https:\/\/www.mpal.mp.br\/index.php?rest_route=%2Fwp%2Fv2%2Fcomments&post=69849"}],"version-history":[{"count":2,"href":"https:\/\/www.mpal.mp.br\/index.php?rest_route=\/wp\/v2\/posts\/69849\/revisions"}],"predecessor-version":[{"id":69852,"href":"https:\/\/www.mpal.mp.br\/index.php?rest_route=\/wp\/v2\/posts\/69849\/revisions\/69852"}],"wp:featuredmedia":[{"embeddable":true,"href":"https:\/\/www.mpal.mp.br\/index.php?rest_route=\/wp\/v2\/media\/69850"}],"wp:attachment":[{"href":"https:\/\/www.mpal.mp.br\/index.php?rest_route=%2Fwp%2Fv2%2Fmedia&parent=69849"}],"wp:term":[{"taxonomy":"category","embeddable":true,"href":"https:\/\/www.mpal.mp.br\/index.php?rest_route=%2Fwp%2Fv2%2Fcategories&post=69849"},{"taxonomy":"post_tag","embeddable":true,"href":"https:\/\/www.mpal.mp.br\/index.php?rest_route=%2Fwp%2Fv2%2Ftags&post=69849"}],"curies":[{"name":"wp","href":"https:\/\/api.w.org\/{rel}","templated":true}]}}