{"id":6984,"date":"2022-05-27T10:05:06","date_gmt":"2022-05-27T13:05:06","guid":{"rendered":"https:\/\/www.mpal.mp.br\/?p=6984"},"modified":"2022-05-30T10:05:23","modified_gmt":"2022-05-30T13:05:23","slug":"arapiraca-mpe-celebra-tac-para-festas-juninas-com-secretarios-municipais-pmal-cbmale-conselhos-tutelares","status":"publish","type":"post","link":"https:\/\/www.mpal.mp.br\/?p=6984","title":{"rendered":"Arapiraca: MPE celebra TAC para festas juninas com secret\u00e1rios municipais, PMAL, CBMALe Conselhos Tutelares"},"content":{"rendered":"<p style=\"text-align: justify;\" align=\"justify\" data-raofz=\"14\"><span style=\"font-size: 14pt;\" data-raofz=\"14\"><span lang=\"pt-BR\" data-raofz=\"16\">O prop\u00f3sito \u00e9 garantir festejos tranquilos para mun\u00edcipes e visitantes, da estrutura \u00e0 seguran\u00e7a. Por essa raz\u00e3o, o Minist\u00e9rio P\u00fablico de Alagoas (MPAL),\u00a0<\/span><span lang=\"pt-BR\" data-raofz=\"16\">por meio da 11\u00aa Promotoria de Justi\u00e7a de Arapiraca,<\/span><span lang=\"pt-BR\" data-raofz=\"16\">\u00a0celebrou com \u00f3rg\u00e3os municipais, Pol\u00edcia Militar, Corpo de Bombeiros\u00a0<\/span><span lang=\"pt-BR\" data-raofz=\"16\">Militar\u00a0<\/span><span lang=\"pt-BR\" data-raofz=\"16\">e Conselhos Tutelares\u00a0<\/span><span lang=\"pt-BR\" data-raofz=\"16\">um Termo de Ajustamento de Conduta (TAC<\/span><span lang=\"pt-BR\" data-raofz=\"16\">)<\/span>\u00a0<span lang=\"pt-BR\" data-raofz=\"16\">contendo 24 cl\u00e1usulas, para que fossem ajustadas normas gerais e, observadas as compet\u00eancias,\u00a0<\/span><span lang=\"pt-BR\" data-raofz=\"16\">e\u00a0<\/span><span lang=\"pt-BR\" data-raofz=\"16\">assumid<\/span><span lang=\"pt-BR\" data-raofz=\"16\">o<\/span><span lang=\"pt-BR\" data-raofz=\"16\">s, oficialmente, por cada um, os compromissos\u00a0<\/span><span lang=\"pt-BR\" data-raofz=\"16\">relacionados ao evento junino que ocorrer\u00e1 no per\u00edodo de 22 de junho a 3 de julho de 2022, no Lago da Perucaba, o\u00a0<\/span><span lang=\"pt-BR\" data-raofz=\"16\">que, para o promotor de Justi\u00e7a Cl\u00e1udio Teles s\u00e3o\u00a0<\/span><span lang=\"pt-BR\" data-raofz=\"16\">ferramentas\u00a0<\/span><span lang=\"pt-BR\" data-raofz=\"16\">indispens\u00e1veis.<\/span><\/span><\/p>\n<p style=\"text-align: justify;\" align=\"justify\" data-raofz=\"14\"><span style=\"font-size: 14pt;\" data-raofz=\"14\"><span lang=\"pt-BR\" data-raofz=\"16\">Ao assinar o documento,\u00a0<\/span><span lang=\"pt-BR\" data-raofz=\"16\">como afirma a primeira cl\u00e1usula, todos reconhecem que o evento deve\u00a0<\/span><span lang=\"pt-BR\" data-raofz=\"16\">se enquadrar nas premissas do ordenamento jur\u00eddico brasileiro em benef\u00edcio da defesa dos Direitos Humanos, do Meio Ambiente, do Patrim\u00f4nio Hist\u00f3rico e Art\u00edstico Nacional, do Patrim\u00f4nio P\u00fablico, do Usu\u00e1rio da Sa\u00fade.<\/span><\/span><\/p>\n<p style=\"text-align: justify;\" align=\"justify\" data-raofz=\"14\"><span style=\"font-size: 14pt;\" data-raofz=\"14\"><span lang=\"pt-BR\" data-raofz=\"16\">P<\/span><span lang=\"pt-BR\" data-raofz=\"16\">ara Teles, essa \u00e9 a forma mais vi\u00e1vel de se cumprir as leis e proteger os direitos do cidad\u00e3o.<\/span><\/span><\/p>\n<p style=\"text-align: justify;\" align=\"justify\" data-raofz=\"14\"><span style=\"font-size: 14pt;\">\u201c<span lang=\"pt-BR\" data-raofz=\"16\">O que o Minist\u00e9rio P\u00fablico quer \u00e9 um evento constru\u00eddo responsavelmente, onde as pessoas possam chegar e sair seguramente, onde sejam empregadas todas as formas que culminem em a\u00e7\u00f5es de controle, num monitoramento e fiscaliza\u00e7\u00e3o adequados para a garantia da integridade f\u00edsica e da paz\u201d, esclarece o promotor de Justi\u00e7a.<\/span><\/span><\/p>\n<p style=\"text-align: justify;\" align=\"justify\" data-raofz=\"14\"><span style=\"font-size: 14pt;\" data-raofz=\"14\"><span lang=\"pt-BR\" data-raofz=\"16\">Entre tantos pontos importantes que foram discutidos e bem recepcionados est\u00e1 a cl\u00e1usula 23 que fala sobre o alinhamento entre a<\/span>\u00a0<span lang=\"pt-BR\" data-raofz=\"16\">S<\/span><span lang=\"pt-BR\" data-raofz=\"16\">ecretaria de\u00a0<\/span><span lang=\"pt-BR\" data-raofz=\"16\">S<\/span><span lang=\"pt-BR\" data-raofz=\"16\">a\u00fade\u00a0<\/span><span lang=\"pt-BR\" data-raofz=\"16\">e o Servi\u00e7o de Atendimento M\u00f3vel de Urg\u00eancia (Samu\/Arapiraca) para que atuem conjuntamente- em casos emergenciais.<\/span><\/span><\/p>\n<p style=\"text-align: justify;\" align=\"justify\" data-raofz=\"14\"><span style=\"font-size: 14pt;\" data-raofz=\"14\"><span lang=\"pt-BR\" data-raofz=\"16\">O Corpo de Bombeiros, por meio do 7\u00ba GBM, como sempre, dentro das suas incumb\u00eancias, deve atuar\u00a0<\/span><span lang=\"pt-BR\" data-raofz=\"16\">na preven\u00e7\u00e3o de acidentes e outras intercorr\u00eancias que por ventura possam ocorrer, bem como minimizar quaisquer danos que possam vir a acontecer durante o evento.<\/span><\/span><\/p>\n<p style=\"text-align: justify;\" align=\"justify\" data-raofz=\"14\"><span style=\"font-size: 14pt;\" data-raofz=\"14\"><span lang=\"pt-BR\" data-raofz=\"16\">N<\/span><span lang=\"pt-BR\" data-raofz=\"16\">\u00e3o diferentemente, a Pol\u00edcia Militar,\u00a0<\/span><span lang=\"pt-BR\" data-raofz=\"16\">por meio do 3\u00ba Batalh\u00e3o, assumiu que<\/span>\u00a0<span lang=\"pt-BR\" data-raofz=\"16\">disponibilizar\u00e1 contingente necess\u00e1rio\u00a0<\/span><span lang=\"pt-BR\" data-raofz=\"16\">para o policiamento ostensiv<\/span><span lang=\"pt-BR\" data-raofz=\"16\">o<\/span><span lang=\"pt-BR\" data-raofz=\"16\">,\u00a0<\/span><span lang=\"pt-BR\" data-raofz=\"16\">al\u00e9m de manter permanente canal de comunica\u00e7\u00e3o com a Secretaria Municipal de Cultura, Lazer e Juventude, Corpo de Bombeiros (CBMAL) e Secretaria Municipal de Transporte e Tr\u00e2nsito (SMTT).<\/span><\/span><\/p>\n<p style=\"text-align: justify;\" align=\"justify\" data-raofz=\"14\"><span style=\"font-size: 14pt;\" data-raofz=\"14\"><span lang=\"pt-BR\" data-raofz=\"16\">O Comando de Policiamento estender\u00e1 o canal de comunica\u00e7\u00e3o com a Pol\u00edcia Civil, para fins de encaminhamento de pessoas para lavraturas de flagrante delito.<\/span><\/span><\/p>\n<p style=\"text-align: justify;\" align=\"justify\" data-raofz=\"14\"><span style=\"font-size: 14pt;\" data-raofz=\"14\"><span lang=\"pt-BR\" data-raofz=\"16\">De acordo com a d\u00e9cima s\u00e9tima cl\u00e1usula, o<\/span><span lang=\"pt-BR\" data-raofz=\"16\">\u00a0Conselho Tutelar exercer\u00e1 sua fun\u00e7\u00e3o de acordo com o plano\u00a0<\/span><span lang=\"pt-BR\" data-raofz=\"16\">que ser\u00e1 encaminhado<\/span>\u00a0<span lang=\"pt-BR\" data-raofz=\"16\">at\u00e9<\/span>\u00a0<span lang=\"pt-BR\" data-raofz=\"16\">o dia 20<\/span><span lang=\"pt-BR\" data-raofz=\"16\">\u00a0de junho de 2<\/span><span lang=\"pt-BR\" data-raofz=\"16\">0<\/span><span lang=\"pt-BR\" data-raofz=\"16\">22<\/span><span lang=\"pt-BR\" data-raofz=\"16\">, disponibiliza<\/span><span lang=\"pt-BR\" data-raofz=\"16\">ndo<\/span><span lang=\"pt-BR\" data-raofz=\"16\">\u00a0a todas entidades, n\u00famero telef\u00f4nico dos Conselheiros Tutelares com endere\u00e7o para eventual necessidade durant<\/span><span lang=\"pt-BR\" data-raofz=\"16\">e<\/span><span lang=\"pt-BR\" data-raofz=\"16\">\u00a0as festas.\u00a0<\/span><span lang=\"pt-BR\" data-raofz=\"16\">Por\u00e9m, j\u00e1<\/span>\u00a0<span lang=\"pt-BR\" data-raofz=\"16\">se compromete<\/span><span lang=\"pt-BR\" data-raofz=\"16\">u, por meio do TAC,<\/span><span lang=\"pt-BR\" data-raofz=\"16\">\u00a0a realizar, na semana que anteceder os\u00a0<\/span><span lang=\"pt-BR\" data-raofz=\"16\">f<\/span><span lang=\"pt-BR\" data-raofz=\"16\">estejos\u00a0<\/span><span lang=\"pt-BR\" data-raofz=\"16\">j<\/span><span lang=\"pt-BR\" data-raofz=\"16\">uninos, campanhas informativas destinadas aos respons\u00e1veis por bares e pousadas sobre a necessidade do combate \u00e0 prostitui\u00e7\u00e3o infantil, venda de bebidas alco\u00f3licas a menores e as consequ\u00eancias administrativas e penais aplic\u00e1veis, em caso de descumprimento.<\/span><\/span><\/p>\n<p style=\"text-align: justify;\" align=\"justify\" data-raofz=\"14\"><span style=\"font-size: 14pt;\" data-raofz=\"14\"><b><span lang=\"pt-BR\" data-raofz=\"16\">Hor\u00e1rio estipulado<\/span><\/b><\/span><\/p>\n<p style=\"text-align: justify;\" align=\"justify\" data-raofz=\"14\"><span style=\"font-size: 14pt;\" data-raofz=\"14\"><span lang=\"pt-BR\" data-raofz=\"16\">F<\/span><span lang=\"pt-BR\" data-raofz=\"16\">icou determinado que os festejos juninos na cidade de Arapiraca iniciar\u00e3o\u00a0<\/span><span lang=\"pt-BR\" data-raofz=\"16\">\u00e0s\u00a0<\/span><span lang=\"pt-BR\" data-raofz=\"16\">19<\/span><span lang=\"pt-BR\" data-raofz=\"16\">h, do dia\u00a0<\/span><span lang=\"pt-BR\" data-raofz=\"16\">22<\/span><span lang=\"pt-BR\" data-raofz=\"16\">.06,\u00a0<\/span><span lang=\"pt-BR\" data-raofz=\"16\">terminando sempre \u00e0s 5h, at\u00e9 o dia 01\/07. Apenas no \u00faltimo dia (02\/07) o encerramento dar-se-\u00e1\u00a0<\/span><span lang=\"pt-BR\" data-raofz=\"16\">\u00e0\u00a0<\/span><span lang=\"pt-BR\" data-raofz=\"16\">0<\/span><span lang=\"pt-BR\" data-raofz=\"16\">h.<\/span>\u00a0<\/span><\/p>\n","protected":false},"excerpt":{"rendered":"<p> [&hellip;]<\/p>\n","protected":false},"author":2,"featured_media":6982,"comment_status":"open","ping_status":"open","sticky":false,"template":"","format":"standard","meta":{"om_disable_all_campaigns":false,"_monsterinsights_skip_tracking":false,"_monsterinsights_sitenote_active":false,"_monsterinsights_sitenote_note":"","_monsterinsights_sitenote_category":0,"_uf_show_specific_survey":0,"_uf_disable_surveys":false,"footnotes":""},"categories":[2],"tags":[],"class_list":["post-6984","post","type-post","status-publish","format-standard","has-post-thumbnail","hentry","category-not_mpal"],"aioseo_notices":[],"_links":{"self":[{"href":"https:\/\/www.mpal.mp.br\/index.php?rest_route=\/wp\/v2\/posts\/6984","targetHints":{"allow":["GET"]}}],"collection":[{"href":"https:\/\/www.mpal.mp.br\/index.php?rest_route=\/wp\/v2\/posts"}],"about":[{"href":"https:\/\/www.mpal.mp.br\/index.php?rest_route=\/wp\/v2\/types\/post"}],"author":[{"embeddable":true,"href":"https:\/\/www.mpal.mp.br\/index.php?rest_route=\/wp\/v2\/users\/2"}],"replies":[{"embeddable":true,"href":"https:\/\/www.mpal.mp.br\/index.php?rest_route=%2Fwp%2Fv2%2Fcomments&post=6984"}],"version-history":[{"count":1,"href":"https:\/\/www.mpal.mp.br\/index.php?rest_route=\/wp\/v2\/posts\/6984\/revisions"}],"predecessor-version":[{"id":6985,"href":"https:\/\/www.mpal.mp.br\/index.php?rest_route=\/wp\/v2\/posts\/6984\/revisions\/6985"}],"wp:featuredmedia":[{"embeddable":true,"href":"https:\/\/www.mpal.mp.br\/index.php?rest_route=\/wp\/v2\/media\/6982"}],"wp:attachment":[{"href":"https:\/\/www.mpal.mp.br\/index.php?rest_route=%2Fwp%2Fv2%2Fmedia&parent=6984"}],"wp:term":[{"taxonomy":"category","embeddable":true,"href":"https:\/\/www.mpal.mp.br\/index.php?rest_route=%2Fwp%2Fv2%2Fcategories&post=6984"},{"taxonomy":"post_tag","embeddable":true,"href":"https:\/\/www.mpal.mp.br\/index.php?rest_route=%2Fwp%2Fv2%2Ftags&post=6984"}],"curies":[{"name":"wp","href":"https:\/\/api.w.org\/{rel}","templated":true}]}}