{"id":6981,"date":"2022-05-30T10:04:25","date_gmt":"2022-05-30T13:04:25","guid":{"rendered":"https:\/\/www.mpal.mp.br\/?p=6981"},"modified":"2022-05-30T10:04:25","modified_gmt":"2022-05-30T13:04:25","slug":"mpal-recomenda-aluguel-social-para-comunidades-atingidas-pelas-chuvas-em-arapiraca","status":"publish","type":"post","link":"https:\/\/www.mpal.mp.br\/?p=6981","title":{"rendered":"MPAL recomenda aluguel social para comunidades atingidas pelas chuvas em Arapiraca"},"content":{"rendered":"<p style=\"text-align: justify;\" align=\"justify\" data-raofz=\"14\"><span style=\"font-size: 14pt;\" data-raofz=\"13\">O Minist\u00e9rio P\u00fablico do Estado de Alagoas expediu recomenda\u00e7\u00e3o, na \u00faltima sexta-feira(27), para que a Prefeitura de Arapiraca providencie, com urg\u00eancia, aluguel social para as v\u00edtimas que ficaram desabrigadas e\/ou desalojadas em raz\u00e3o das chuvas que atingiram a cidade na semana passada. O documento foi assinado pelos promotores de Justi\u00e7a Rog\u00e9rio Paranhos, Viviane Karla Farias e Maur\u00edcio Wanderley.<\/span><\/p>\n<p style=\"text-align: justify;\" align=\"justify\" data-raofz=\"14\"><span style=\"font-size: 14pt;\" data-raofz=\"13\">Na recomenda\u00e7\u00e3o conjunta n\u00ba 01\/22, o MPAL requer que o prefeito Luciano Barbosa, com a m\u00e1xima brevidade poss\u00edvel, \u201cpromova todos os atos administrativos necess\u00e1rios \u00e0 garantia do direito \u00e0 moradia das fam\u00edlias atingidas em Arapiraca pelas chuvas e que estejam em situa\u00e7\u00e3o de vulnerabilidade social e transit\u00f3ria, inclusive das fam\u00edlias que se encontram acolhidas em unidades escolares, atrav\u00e9s da disponibiliza\u00e7\u00e3o de aluguel social (aux\u00edlio-moradia) e da inclus\u00e3o de tais v\u00edtimas em programas de habilita\u00e7\u00e3o\u201d.<\/span><\/p>\n<p style=\"text-align: justify;\" align=\"justify\" data-raofz=\"14\"><span style=\"font-size: 14pt;\" data-raofz=\"13\">Segundo os promotores de Justi\u00e7a, tal documento recomenda as provid\u00eancias acima solicitadas porque ela se fazem necess\u00e1rias neste momento e que, caso o gestor n\u00e3o a atenda, praticando omiss\u00e3o das medidas solicitadas, o Minist\u00e9rio P\u00fablico adotar\u00e1 todas as medidas administrativas e a\u00e7\u00f5es judiciais cab\u00edveis para a garantia desse direito ora requerido.<\/span><\/p>\n<p style=\"text-align: justify;\" data-raofz=\"14\"><span style=\"font-size: 14pt;\" data-raofz=\"13\">A Prefeitura de Arapiraca dever\u00e1 responder com urg\u00eancia \u00e0s 4\u00aa e a 7\u00aa Promotorias de Justi\u00e7a se acatar\u00e1 ou n\u00e3o tudo o que foi orientado pelo MPAL. Al\u00e9m, disso, ela ter\u00e1 prazo de 10 dias para enviar os documentos que comprovem a ado\u00e7\u00e3o das medidas pertinentes.<\/span><\/p>\n<p style=\"text-align: justify;\" data-raofz=\"14\"><span style=\"font-size: 14pt;\" data-raofz=\"13\">Rog\u00e9rio Paranhos, Viviane Karla Farias e Maur\u00edcio Wanderley decidiram expedir a recomenda\u00e7\u00e3o ap\u00f3s as chuvas que atingiram a cidade na semana passada. Pessoalmente, eles visitaram algumas comunidades atingidas e constataram a necessidade daquelas fam\u00edlias receberam o aux\u00edlio que permite o aluguel social.<\/span><\/p>\n","protected":false},"excerpt":{"rendered":"<p> [&hellip;]<\/p>\n","protected":false},"author":2,"featured_media":6982,"comment_status":"open","ping_status":"open","sticky":false,"template":"","format":"standard","meta":{"om_disable_all_campaigns":false,"_monsterinsights_skip_tracking":false,"_monsterinsights_sitenote_active":false,"_monsterinsights_sitenote_note":"","_monsterinsights_sitenote_category":0,"_uf_show_specific_survey":0,"_uf_disable_surveys":false,"footnotes":""},"categories":[2],"tags":[],"class_list":["post-6981","post","type-post","status-publish","format-standard","has-post-thumbnail","hentry","category-not_mpal"],"aioseo_notices":[],"_links":{"self":[{"href":"https:\/\/www.mpal.mp.br\/index.php?rest_route=\/wp\/v2\/posts\/6981","targetHints":{"allow":["GET"]}}],"collection":[{"href":"https:\/\/www.mpal.mp.br\/index.php?rest_route=\/wp\/v2\/posts"}],"about":[{"href":"https:\/\/www.mpal.mp.br\/index.php?rest_route=\/wp\/v2\/types\/post"}],"author":[{"embeddable":true,"href":"https:\/\/www.mpal.mp.br\/index.php?rest_route=\/wp\/v2\/users\/2"}],"replies":[{"embeddable":true,"href":"https:\/\/www.mpal.mp.br\/index.php?rest_route=%2Fwp%2Fv2%2Fcomments&post=6981"}],"version-history":[{"count":1,"href":"https:\/\/www.mpal.mp.br\/index.php?rest_route=\/wp\/v2\/posts\/6981\/revisions"}],"predecessor-version":[{"id":6983,"href":"https:\/\/www.mpal.mp.br\/index.php?rest_route=\/wp\/v2\/posts\/6981\/revisions\/6983"}],"wp:featuredmedia":[{"embeddable":true,"href":"https:\/\/www.mpal.mp.br\/index.php?rest_route=\/wp\/v2\/media\/6982"}],"wp:attachment":[{"href":"https:\/\/www.mpal.mp.br\/index.php?rest_route=%2Fwp%2Fv2%2Fmedia&parent=6981"}],"wp:term":[{"taxonomy":"category","embeddable":true,"href":"https:\/\/www.mpal.mp.br\/index.php?rest_route=%2Fwp%2Fv2%2Fcategories&post=6981"},{"taxonomy":"post_tag","embeddable":true,"href":"https:\/\/www.mpal.mp.br\/index.php?rest_route=%2Fwp%2Fv2%2Ftags&post=6981"}],"curies":[{"name":"wp","href":"https:\/\/api.w.org\/{rel}","templated":true}]}}