{"id":69791,"date":"2026-04-27T13:07:06","date_gmt":"2026-04-27T16:07:06","guid":{"rendered":"https:\/\/www.mpal.mp.br\/?p=69791"},"modified":"2026-04-27T13:07:06","modified_gmt":"2026-04-27T16:07:06","slug":"chacina-em-marechal-sustentacao-do-mpal-leva-homicidas-a-mais-de-90-anos-de-prisao","status":"publish","type":"post","link":"https:\/\/www.mpal.mp.br\/?p=69791","title":{"rendered":"Chacina em Marechal: Sustenta\u00e7\u00e3o do MPAL leva homicidas a mais de 90 anos de pris\u00e3o"},"content":{"rendered":"<p style=\"text-align: justify;\"><span style=\"font-family: helvetica, arial, sans-serif;\">Duas adolescentes e dois jovens, uma chacina. Em maio de 2020, a cidade de Marechal Deodoro foi palco da barb\u00e1rie e, nessa sexta-feira (24), na 1\u00aa Vara da Comarca de Marechal Deodoro, o Minist\u00e9rio P\u00fablico de Alagoas (MPAL), representado pelo promotor de Justi\u00e7a Rodrigo Lavor, com tese s\u00f3lida, provou para o conselho de senten\u00e7a a responsabilidade criminal de Genesson Fortunato da Silva, condenado a 14 anos e tr\u00eas meses de reclus\u00e3o, e de Max Welece dos Santos Silva, que recebeu como senten\u00e7a final 76 anos de pris\u00e3o, ambos em regime fechado. <\/span><\/p>\n<p style=\"text-align: justify;\"><span style=\"font-family: helvetica, arial, sans-serif;\">Kleysila Kaylane dos Santos, de 17 anos; Bruna Evelyn dos Santos, de 16 anos; Carlos Daniel dos Santos Silva, de 18 anos e Jos\u00e9 Carlos dos Santos, de 20 anos, foram as v\u00edtimas de homic\u00eddio qualificado. Pela den\u00fancia ministerial, todas mortas por motivo torpe meio que impossibilitou quaisquer defesas. A \u00fanica que foi socorrida e levada ao Hospital Geral do Estado, Klesyla Kaylane, atingida com um tiro na cabe\u00e7a, ainda sobreviveu cinco dias. <\/span><\/p>\n<p style=\"text-align: justify;\"><span style=\"font-family: helvetica, arial, sans-serif;\">Um caso complexo, o Minist\u00e9rio P\u00fablico em debates intensos, uma defesa constitu\u00edda por quatro advogados tentando com todos os argumentos, apesar de o conjunto probat\u00f3rio dos autos apresentado pelo promotor de Justi\u00e7a Rodrigo Lavor. Genesson Fortunato da Silva foi condenado a 14 anos e tr\u00eas meses de reclus\u00e3o, mas por estar preso desde o ocorrido, teve redu\u00e7\u00e3o de seis anos, ficando como resto a cumprir nove anos e nove meses. Ele foi preso poucos dias ap\u00f3s o crime, posto em liberdade em fevereiro de 2021, e novamente encarcerado em mar\u00e7o de 2022, portanto, encontrando-se no sistema prisional at\u00e9 a data do julgamento. Ele foi denunciado como executor de Jos\u00e9 Carlos. <\/span><\/p>\n<p style=\"text-align: justify;\"><span style=\"font-family: helvetica, arial, sans-serif;\">Enquanto a maior condena\u00e7\u00e3o foi para Max Welece dos Santos Silva, foragido h\u00e1 tr\u00eas anos. Ele recebeu a senten\u00e7a de 76 anos de pris\u00e3o e teve o mandado de pris\u00e3o preventiva mantido. Nos autos consta que ele teria ido \u00e0 Comarca especificamente para matar os jovens, convidou Genesson para a pr\u00e1tica delitiva fornecendo, inclusive, a arma utilizada para matar Jos\u00e9 Carlos. <\/span><\/p>\n<p style=\"text-align: justify;\"><span style=\"font-family: helvetica, arial, sans-serif;\">Apesar de sua pena definitiva, na terceira fase da dosimetria, ter sido de 19 anos para cada v\u00edtima, perfazendo 57 anos de reclus\u00e3o, pelos termos do artigo 69 do C\u00f3digo Penal, o juiz procedeu o ac\u00famulo material das penas anteriormente impostas chegando, assim, a 76 anos de reclus\u00e3o.\u00a0<\/span><\/p>\n<p>Texto; Dulce Melo<\/p>\n<p>Foto: Cortesia<\/p>\n","protected":false},"excerpt":{"rendered":"<p> [&hellip;]<\/p>\n","protected":false},"author":8,"featured_media":69792,"comment_status":"open","ping_status":"open","sticky":false,"template":"","format":"standard","meta":{"om_disable_all_campaigns":false,"_monsterinsights_skip_tracking":false,"_monsterinsights_sitenote_active":false,"_monsterinsights_sitenote_note":"","_monsterinsights_sitenote_category":0,"_uf_show_specific_survey":0,"_uf_disable_surveys":false,"footnotes":""},"categories":[2],"tags":[],"class_list":["post-69791","post","type-post","status-publish","format-standard","has-post-thumbnail","hentry","category-not_mpal"],"aioseo_notices":[],"_links":{"self":[{"href":"https:\/\/www.mpal.mp.br\/index.php?rest_route=\/wp\/v2\/posts\/69791","targetHints":{"allow":["GET"]}}],"collection":[{"href":"https:\/\/www.mpal.mp.br\/index.php?rest_route=\/wp\/v2\/posts"}],"about":[{"href":"https:\/\/www.mpal.mp.br\/index.php?rest_route=\/wp\/v2\/types\/post"}],"author":[{"embeddable":true,"href":"https:\/\/www.mpal.mp.br\/index.php?rest_route=\/wp\/v2\/users\/8"}],"replies":[{"embeddable":true,"href":"https:\/\/www.mpal.mp.br\/index.php?rest_route=%2Fwp%2Fv2%2Fcomments&post=69791"}],"version-history":[{"count":1,"href":"https:\/\/www.mpal.mp.br\/index.php?rest_route=\/wp\/v2\/posts\/69791\/revisions"}],"predecessor-version":[{"id":69793,"href":"https:\/\/www.mpal.mp.br\/index.php?rest_route=\/wp\/v2\/posts\/69791\/revisions\/69793"}],"wp:featuredmedia":[{"embeddable":true,"href":"https:\/\/www.mpal.mp.br\/index.php?rest_route=\/wp\/v2\/media\/69792"}],"wp:attachment":[{"href":"https:\/\/www.mpal.mp.br\/index.php?rest_route=%2Fwp%2Fv2%2Fmedia&parent=69791"}],"wp:term":[{"taxonomy":"category","embeddable":true,"href":"https:\/\/www.mpal.mp.br\/index.php?rest_route=%2Fwp%2Fv2%2Fcategories&post=69791"},{"taxonomy":"post_tag","embeddable":true,"href":"https:\/\/www.mpal.mp.br\/index.php?rest_route=%2Fwp%2Fv2%2Ftags&post=69791"}],"curies":[{"name":"wp","href":"https:\/\/api.w.org\/{rel}","templated":true}]}}