{"id":69782,"date":"2026-04-27T12:41:01","date_gmt":"2026-04-27T15:41:01","guid":{"rendered":"https:\/\/www.mpal.mp.br\/?p=69782"},"modified":"2026-04-27T12:44:51","modified_gmt":"2026-04-27T15:44:51","slug":"mpal-avanca-na-internacionalizacao-e-firma-parcerias-estrategicas-em-portugal","status":"publish","type":"post","link":"https:\/\/www.mpal.mp.br\/?p=69782","title":{"rendered":"MPAL avan\u00e7a na internacionaliza\u00e7\u00e3o e firma parcerias estrat\u00e9gicas em Portugal"},"content":{"rendered":"<div class=\"fusion-fullwidth fullwidth-box fusion-builder-row-1 nonhundred-percent-fullwidth non-hundred-percent-height-scrolling\"  style='background-color: #ffffff;background-position: center center;background-repeat: no-repeat;padding-top:0px;padding-right:0px;padding-bottom:0px;padding-left:0px;'><div class=\"fusion-builder-row fusion-row \"><div  class=\"fusion-layout-column fusion_builder_column fusion_builder_column_1_1 fusion-builder-column-1 fusion-one-full fusion-column-first fusion-column-last 1_1\"  style='margin-top:0px;margin-bottom:0px;'>\n\t\t\t\t\t<div class=\"fusion-column-wrapper\" style=\"padding: 0px 0px 0px 0px;background-position:left top;background-repeat:no-repeat;-webkit-background-size:cover;-moz-background-size:cover;-o-background-size:cover;background-size:cover;\"   data-bg-url=\"\">\n\t\t\t\t\t\t<div class=\"fusion-text\"><p style=\"text-align: justify;\" data-start=\"0\" data-end=\"456\"><span style=\"font-family: helvetica, arial, sans-serif; font-size: 12pt;\">O Minist\u00e9rio P\u00fablico do Estado de Alagoas (MPAL) deu mais um passo estrat\u00e9gico rumo \u00e0 internacionaliza\u00e7\u00e3o das suas atividades acad\u00eamicas e institucionais ao firmar novas parcerias com institui\u00e7\u00f5es portuguesas voltadas ao fortalecimento da pesquisa, da forma\u00e7\u00e3o continuada e do interc\u00e2mbio cient\u00edfico. A iniciativa, que tem como foco ampliar a capacita\u00e7\u00e3o de membros e servidores, promovendo a troca de experi\u00eancias e o acesso a centros de excel\u00eancia na Europa, ser\u00e1 viabilizada por meio da Escola Superior do MPAL.\u00a0<\/span><\/p>\n<p style=\"text-align: justify;\" data-start=\"458\" data-end=\"980\"><span style=\"font-family: helvetica, arial, sans-serif; font-size: 12pt;\">No \u00faltimo dia 25 de abril de 2026, foi realizada reuni\u00e3o com o presidente do <span class=\"hover:entity-accent entity-underline inline cursor-pointer align-baseline\"><span class=\"whitespace-normal\">F\u00f3rum de Integra\u00e7\u00e3o Brasil Europa (FIBE)<\/span><\/span>, professor doutor Vitalino Canas, para tratar da formaliza\u00e7\u00e3o de Memorando de Inten\u00e7\u00f5es e do desenvolvimento de projetos conjuntos, incluindo a realiza\u00e7\u00e3o de eventos, cursos e interc\u00e2mbio cient\u00edfico de professores e estudantes. O FIBE \u00e9 reconhecido como um dos principais institutos dedicados ao estudo da integra\u00e7\u00e3o jur\u00eddica do Brasil na Europa, tendo Lisboa como porta de entrada para esse di\u00e1logo institucional.<\/span><\/p>\n<p style=\"text-align: justify;\" data-start=\"982\" data-end=\"1378\"><span style=\"font-family: helvetica, arial, sans-serif; font-size: 12pt;\">Desse encontro,\u00a0<\/span><span style=\"font-family: helvetica, arial, sans-serif;\">representando o MPAL, p<\/span><span style=\"font-family: helvetica, arial, sans-serif; font-size: 12pt;\">articipou o procurador-geral de Justi\u00e7a, Lean Ara\u00fajo, al\u00e9m de membros de outras institui\u00e7\u00f5es. A proposta \u00e9 construir uma agenda permanente de coopera\u00e7\u00e3o acad\u00eamica que possibilite aos integrantes do MPAL o acesso a debates contempor\u00e2neos sobre direito comparado, governan\u00e7a e integra\u00e7\u00e3o internacional.<\/span><\/p>\n<p style=\"text-align: justify;\" data-start=\"982\" data-end=\"1378\"><span style=\"font-family: helvetica, arial, sans-serif; font-size: 12pt;\">Tamb\u00e9m naquela mesma data, foi realizada visita institucional ao<\/span><span style=\"font-family: helvetica, arial, sans-serif; font-size: 12pt;\">\u00a0<\/span><span class=\"hover:entity-accent entity-underline inline cursor-pointer align-baseline\" style=\"font-family: helvetica, arial, sans-serif; font-size: 12pt;\"><span class=\"whitespace-normal\">Instituto Superior de Ci\u00eancias Sociais e Pol\u00edticas (ISCSP)<\/span><\/span><span style=\"font-family: helvetica, arial, sans-serif; font-size: 12pt;\">, uma das mais tradicionais institui\u00e7\u00f5es portuguesas dedicadas ao estudo, concep\u00e7\u00e3o, acompanhamento e avalia\u00e7\u00e3o de pol\u00edticas p\u00fablicas. A comitiva alagoana foi recepcionada pelo presidente do ISCSP, professor catedr\u00e1tico Ricardo Ramos Pinto, pelo professor doutor Jo\u00e3o Catarino e pelo diretor executivo Jorge Martins.<\/span><\/p>\n<p style=\"text-align: justify;\" data-start=\"2270\" data-end=\"2663\"><span style=\"font-family: helvetica, arial, sans-serif; font-size: 12pt;\">Durante a reuni\u00e3o, foi debatido o protocolo de inten\u00e7\u00f5es voltado \u00e0 internaliza\u00e7\u00e3o dessas atividades no \u00e2mbito de Alagoas, com foco na melhoria de indicadores sociais e no aprimoramento das pol\u00edticas p\u00fablicas. A iniciativa busca integrar conhecimento acad\u00eamico, pesquisa aplicada e atua\u00e7\u00e3o institucional, fortalecendo o papel do Minist\u00e9rio P\u00fablico como agente indutor de desenvolvimento social.<\/span><\/p>\n<p style=\"text-align: justify;\" data-start=\"1380\" data-end=\"1857\"><span style=\"font-family: helvetica, arial, sans-serif; font-size: 12pt;\">Ainda no contexto das agendas institucionais em Portugal, em 19 de abril houve reuni\u00e3o com o professor doutor Marco Caldeira, integrante do Lisbon Public Law Research Centre, para tratar de parcerias com a <span class=\"hover:entity-accent entity-underline inline cursor-pointer align-baseline\"><span class=\"whitespace-normal\">Faculdade de Direito da Universidade de Lisboa<\/span><\/span>. O encontro discutiu possibilidades de coopera\u00e7\u00e3o acad\u00eamica, interc\u00e2mbio e desenvolvimento de pesquisas conjuntas, refor\u00e7ando a import\u00e2ncia da aproxima\u00e7\u00e3o entre o MPAL e centros europeus de refer\u00eancia em direito p\u00fablico.<\/span><\/p>\n<p style=\"text-align: justify;\" data-start=\"2270\" data-end=\"2663\"><span style=\"font-family: helvetica, arial, sans-serif; font-size: 12pt;\">&#8220;As parcerias que estamos construindo representam um passo concreto na internacionaliza\u00e7\u00e3o das nossas atividades acad\u00eamicas e institucionais. O interc\u00e2mbio com centros de excel\u00eancia em Portugal permitir\u00e1 ampliar a capacita\u00e7\u00e3o de membros e servidores do nosso Minist\u00e9rio P\u00fablico, fortalecer a pesquisa aplicada e trazer solu\u00e7\u00f5es inovadoras para aprimorar as pol\u00edticas p\u00fablicas e os indicadores sociais em Alagoas\u201d, destacou Lean Ara\u00fajo.<\/span><\/p>\n<\/div><style type=\"text\/css\">.fusion-gallery-1 .fusion-gallery-image {border:0px solid #f6f6f6;-webkit-border-radius:5px;-moz-border-radius:5px;border-radius:5px;}<\/style><div class=\"fusion-gallery fusion-gallery-container fusion-grid-3 fusion-columns-total-0 fusion-gallery-layout-grid fusion-gallery-1\" style=\"margin:-5px;\"><div style=\"padding:5px;\" class=\"fusion-grid-column fusion-gallery-column fusion-gallery-column-3 hover-type-none\"><div class=\"fusion-gallery-image\"><a href=\"https:\/\/www.mpal.mp.br\/wp-content\/uploads\/2026\/04\/IMG-20260427-WA0005.jpg\" rel=\"noreferrer\" data-rel=\"iLightbox[gallery_image_1]\" class=\"fusion-lightbox\" target=\"_self\"><img loading=\"lazy\" decoding=\"async\" src=\"https:\/\/www.mpal.mp.br\/wp-content\/uploads\/2026\/04\/IMG-20260427-WA0005.jpg\" width=\"1528\" height=\"917\" alt=\"\" title=\"IMG-20260427-WA0005\" aria-label=\"IMG-20260427-WA0005\" class=\"img-responsive wp-image-69787\" \/><\/a><\/div><\/div><div style=\"padding:5px;\" class=\"fusion-grid-column fusion-gallery-column fusion-gallery-column-3 hover-type-none\"><div class=\"fusion-gallery-image\"><a href=\"https:\/\/www.mpal.mp.br\/wp-content\/uploads\/2026\/04\/IMG-20260427-WA0006.jpg\" rel=\"noreferrer\" data-rel=\"iLightbox[gallery_image_1]\" class=\"fusion-lightbox\" target=\"_self\"><img loading=\"lazy\" decoding=\"async\" src=\"https:\/\/www.mpal.mp.br\/wp-content\/uploads\/2026\/04\/IMG-20260427-WA0006.jpg\" width=\"900\" height=\"540\" alt=\"\" title=\"IMG-20260427-WA0006\" aria-label=\"IMG-20260427-WA0006\" class=\"img-responsive wp-image-69786\" \/><\/a><\/div><\/div><div style=\"padding:5px;\" class=\"fusion-grid-column fusion-gallery-column fusion-gallery-column-3 hover-type-none\"><div class=\"fusion-gallery-image\"><a href=\"https:\/\/www.mpal.mp.br\/wp-content\/uploads\/2026\/04\/IMG-20260427-WA0007.jpg\" rel=\"noreferrer\" data-rel=\"iLightbox[gallery_image_1]\" class=\"fusion-lightbox\" target=\"_self\"><img loading=\"lazy\" decoding=\"async\" src=\"https:\/\/www.mpal.mp.br\/wp-content\/uploads\/2026\/04\/IMG-20260427-WA0007.jpg\" width=\"960\" height=\"576\" alt=\"\" title=\"IMG-20260427-WA0007\" aria-label=\"IMG-20260427-WA0007\" class=\"img-responsive wp-image-69784\" \/><\/a><\/div><\/div><div class=\"clearfix\"><\/div><\/div><div class=\"fusion-clearfix\"><\/div>\n\n\t\t\t\t\t<\/div>\n\t\t\t\t<\/div><\/div><\/div>\n","protected":false},"excerpt":{"rendered":"","protected":false},"author":17,"featured_media":69784,"comment_status":"open","ping_status":"open","sticky":false,"template":"","format":"standard","meta":{"om_disable_all_campaigns":false,"_monsterinsights_skip_tracking":false,"_monsterinsights_sitenote_active":false,"_monsterinsights_sitenote_note":"","_monsterinsights_sitenote_category":0,"_uf_show_specific_survey":0,"_uf_disable_surveys":false,"footnotes":""},"categories":[2],"tags":[],"class_list":["post-69782","post","type-post","status-publish","format-standard","has-post-thumbnail","hentry","category-not_mpal"],"aioseo_notices":[],"_links":{"self":[{"href":"https:\/\/www.mpal.mp.br\/index.php?rest_route=\/wp\/v2\/posts\/69782","targetHints":{"allow":["GET"]}}],"collection":[{"href":"https:\/\/www.mpal.mp.br\/index.php?rest_route=\/wp\/v2\/posts"}],"about":[{"href":"https:\/\/www.mpal.mp.br\/index.php?rest_route=\/wp\/v2\/types\/post"}],"author":[{"embeddable":true,"href":"https:\/\/www.mpal.mp.br\/index.php?rest_route=\/wp\/v2\/users\/17"}],"replies":[{"embeddable":true,"href":"https:\/\/www.mpal.mp.br\/index.php?rest_route=%2Fwp%2Fv2%2Fcomments&post=69782"}],"version-history":[{"count":5,"href":"https:\/\/www.mpal.mp.br\/index.php?rest_route=\/wp\/v2\/posts\/69782\/revisions"}],"predecessor-version":[{"id":69790,"href":"https:\/\/www.mpal.mp.br\/index.php?rest_route=\/wp\/v2\/posts\/69782\/revisions\/69790"}],"wp:featuredmedia":[{"embeddable":true,"href":"https:\/\/www.mpal.mp.br\/index.php?rest_route=\/wp\/v2\/media\/69784"}],"wp:attachment":[{"href":"https:\/\/www.mpal.mp.br\/index.php?rest_route=%2Fwp%2Fv2%2Fmedia&parent=69782"}],"wp:term":[{"taxonomy":"category","embeddable":true,"href":"https:\/\/www.mpal.mp.br\/index.php?rest_route=%2Fwp%2Fv2%2Fcategories&post=69782"},{"taxonomy":"post_tag","embeddable":true,"href":"https:\/\/www.mpal.mp.br\/index.php?rest_route=%2Fwp%2Fv2%2Ftags&post=69782"}],"curies":[{"name":"wp","href":"https:\/\/api.w.org\/{rel}","templated":true}]}}