{"id":69769,"date":"2026-04-27T10:44:33","date_gmt":"2026-04-27T13:44:33","guid":{"rendered":"https:\/\/www.mpal.mp.br\/?p=69769"},"modified":"2026-04-27T10:50:10","modified_gmt":"2026-04-27T13:50:10","slug":"mpal-denuncia-16-pessoas-por-organizacao-criminosa-liderada-por-vereador-de-maceio-que-comandava-rachadinha-lavagem-de-capitais-falsidade-ideologica-eleitoral-e-apropriacao-de-verb","status":"publish","type":"post","link":"https:\/\/www.mpal.mp.br\/?p=69769","title":{"rendered":"MPAL denuncia 16 pessoas por Organiza\u00e7\u00e3o Criminosa liderada por vereador de Macei\u00f3 que comandava \u201crachadinha\u201d, lavagem de capitais, falsidade ideol\u00f3gica eleitoral e apropria\u00e7\u00e3o de verbas de campanha"},"content":{"rendered":"<p align=\"justify\"><span style=\"font-family: helvetica, arial, sans-serif;\">O Minist\u00e9rio P\u00fablico do Estado de Alagoas (MPAL), por meio da 54\u00aa Promotoria Eleitoral da Capital, ofereceu den\u00fancia criminal contra 16 investigados pela pr\u00e1tica de crimes relacionados \u00e0 atua\u00e7\u00e3o de organiza\u00e7\u00e3o criminosa estruturada para o desvio de recursos p\u00fablicos, por meio de \u201crachadinha\u201d, lavagem de capitais, falsidade ideol\u00f3gica eleitoral, apropria\u00e7\u00e3o de verbas de campanha e falsidade ideol\u00f3gica em documento p\u00fablico, comandada, em tese, por vereador do munic\u00edpio de Macei\u00f3.<\/span><\/p>\n<p align=\"justify\"><span style=\"font-family: helvetica, arial, sans-serif;\">A den\u00fancia foi recebida pela ju\u00edza da 54\u00aa Zona Eleitoral, que tornou os investigados r\u00e9us. Segundo a den\u00fancia, o esquema teria atuado de forma \u201cest\u00e1vel, hierarquizada e cont\u00ednua\u201d, ao menos entre 2018 e 2025, com utiliza\u00e7\u00e3o de cargos comissionados, contas correntes de passagem, saques fracionados em esp\u00e9cie, transfer\u00eancias dirigidas e oculta\u00e7\u00e3o patrimonial para beneficiar o n\u00facleo pol\u00edtico-familiar e abastecer despesas privadas e eleitorais n\u00e3o declaradas.<\/span><\/p>\n<p align=\"justify\"><span style=\"font-family: helvetica, arial, sans-serif;\">A investiga\u00e7\u00e3o realizada pela Pol\u00edcia Federal, e sustentada pelo Minist\u00e9rio P\u00fablico, foi amparada em vasto acervo probat\u00f3rio, formado por quebras de sigilo banc\u00e1rio, an\u00e1lises financeiras, extra\u00e7\u00f5es de dados telem\u00e1ticos, di\u00e1logos e \u00e1udios obtidos em aparelhos celulares, documentos apreendidos em mandados de busca e apreens\u00e3o, planilhas de pagamentos, registros funcionais, elementos eleitorais e outros dados periciais produzidos no curso da investiga\u00e7\u00e3o.<\/span><\/p>\n<p align=\"justify\"><span style=\"font-family: helvetica, arial, sans-serif;\">Esse conjunto, conforme a den\u00fancia, aponta movimenta\u00e7\u00e3o superior a R$ 2,8 milh\u00f5es de reais e descreve m\u00faltiplos repasses, saques, pagamentos de aluguel, despesas com ve\u00edculos e despesas eleitorais paralelas, al\u00e9m da apreens\u00e3o de documentos, m\u00eddias, numer\u00e1rio em esp\u00e9cie e planilhas relacionadas a gastos n\u00e3o declarados.<\/span><\/p>\n<p align=\"justify\"><span style=\"font-family: helvetica, arial, sans-serif;\">De acordo com a pe\u00e7a acusat\u00f3ria, a soma das penas m\u00e1ximas dos denunciados, em caso de condena\u00e7\u00e3o, pode alcan\u00e7ar, em tese, 7.169 (sete mil e cento e sessenta e nove) anos de reclus\u00e3o, consideradas as imputa\u00e7\u00f5es individualizadas, as majorantes, o concurso material e, quando cab\u00edvel, a continuidade delitiva. Ainda segundo a den\u00fancia, as penas m\u00e1ximas em abstrato variam de 89 a 2.828 anos de reclus\u00e3o, a depender da participa\u00e7\u00e3o atribu\u00edda a cada denunciado no contexto apurado.<\/span><\/p>\n<p align=\"justify\"><span style=\"font-family: helvetica, arial, sans-serif;\">O Minist\u00e9rio P\u00fablico ressalta que o oferecimento da den\u00fancia decorre da exist\u00eancia de absoluta justa causa e de elementos informativos robustos colhidos na investiga\u00e7\u00e3o da Pol\u00edcia Federal, cabendo ao Poder Judici\u00e1rio o processamento da a\u00e7\u00e3o penal, com plena observ\u00e2ncia do contradit\u00f3rio e da ampla defesa.<\/span><\/p>\n","protected":false},"excerpt":{"rendered":"<p> [&hellip;]<\/p>\n","protected":false},"author":24,"featured_media":29347,"comment_status":"open","ping_status":"open","sticky":false,"template":"","format":"standard","meta":{"om_disable_all_campaigns":false,"_monsterinsights_skip_tracking":false,"_monsterinsights_sitenote_active":false,"_monsterinsights_sitenote_note":"","_monsterinsights_sitenote_category":0,"_uf_show_specific_survey":0,"_uf_disable_surveys":false,"footnotes":""},"categories":[2],"tags":[],"class_list":["post-69769","post","type-post","status-publish","format-standard","has-post-thumbnail","hentry","category-not_mpal"],"aioseo_notices":[],"_links":{"self":[{"href":"https:\/\/www.mpal.mp.br\/index.php?rest_route=\/wp\/v2\/posts\/69769","targetHints":{"allow":["GET"]}}],"collection":[{"href":"https:\/\/www.mpal.mp.br\/index.php?rest_route=\/wp\/v2\/posts"}],"about":[{"href":"https:\/\/www.mpal.mp.br\/index.php?rest_route=\/wp\/v2\/types\/post"}],"author":[{"embeddable":true,"href":"https:\/\/www.mpal.mp.br\/index.php?rest_route=\/wp\/v2\/users\/24"}],"replies":[{"embeddable":true,"href":"https:\/\/www.mpal.mp.br\/index.php?rest_route=%2Fwp%2Fv2%2Fcomments&post=69769"}],"version-history":[{"count":3,"href":"https:\/\/www.mpal.mp.br\/index.php?rest_route=\/wp\/v2\/posts\/69769\/revisions"}],"predecessor-version":[{"id":69772,"href":"https:\/\/www.mpal.mp.br\/index.php?rest_route=\/wp\/v2\/posts\/69769\/revisions\/69772"}],"wp:featuredmedia":[{"embeddable":true,"href":"https:\/\/www.mpal.mp.br\/index.php?rest_route=\/wp\/v2\/media\/29347"}],"wp:attachment":[{"href":"https:\/\/www.mpal.mp.br\/index.php?rest_route=%2Fwp%2Fv2%2Fmedia&parent=69769"}],"wp:term":[{"taxonomy":"category","embeddable":true,"href":"https:\/\/www.mpal.mp.br\/index.php?rest_route=%2Fwp%2Fv2%2Fcategories&post=69769"},{"taxonomy":"post_tag","embeddable":true,"href":"https:\/\/www.mpal.mp.br\/index.php?rest_route=%2Fwp%2Fv2%2Ftags&post=69769"}],"curies":[{"name":"wp","href":"https:\/\/api.w.org\/{rel}","templated":true}]}}