{"id":69729,"date":"2026-04-23T16:37:32","date_gmt":"2026-04-23T19:37:32","guid":{"rendered":"https:\/\/www.mpal.mp.br\/?p=69729"},"modified":"2026-04-23T16:37:32","modified_gmt":"2026-04-23T19:37:32","slug":"mpal-convoca-maes-para-encontro-sobre-importancia-do-reconhecimento-de-paternidade-no-registro-das-criancas","status":"publish","type":"post","link":"https:\/\/www.mpal.mp.br\/?p=69729","title":{"rendered":"MPAL convoca m\u00e3es para encontro sobre import\u00e2ncia do reconhecimento de paternidade no registro das crian\u00e7as"},"content":{"rendered":"<p style=\"text-align: justify;\" align=\"justify\"><span style=\"font-family: helvetica, arial, sans-serif;\">O Minist\u00e9rio P\u00fablico do Estado de Alagoas (MPAL) vai promover um encontro, no dia 7 de maio, para tratar da import\u00e2ncia do registro de nascimento com a inclus\u00e3o do nome do pai da crian\u00e7a. O evento, que ser\u00e1 realizado a partir das 14h30 no audit\u00f3rio das Promotorias de Justi\u00e7a, no Barro Duro, em Macei\u00f3, \u00e9 voltado para m\u00e3es que, mesmo sabendo quem \u00e9 o suposto pai e tendo dados de contatos ou endere\u00e7o dele, por alguma raz\u00e3o, se recusam a dar essas informa\u00e7\u00f5es e, assim, negam um direito que \u00e9 das crian\u00e7as, e tamb\u00e9m para aquelas que, por outro lado, sabem quem s\u00e3o e buscam garantir esse direito aos seus filhos diante da recusa dos supostos pais.<\/span><\/p>\n<p style=\"text-align: justify;\" align=\"justify\"><span style=\"font-family: helvetica, arial, sans-serif;\">Na oportunidade, o MPAL, por meio da promotora de Justi\u00e7a Viviane Sandes, titular da 33\u00aa Promotoria de Justi\u00e7a da Capital, com atribui\u00e7\u00f5es no N\u00facleo de Promo\u00e7\u00e3o \u00e0 Filia\u00e7\u00e3o, com apoio do N\u00facleo de Direito de Fam\u00edlia, vai explicar que, entre outras coisas, o registro de nascimento, mais do que garantir a exist\u00eancia legal da crian\u00e7a, \u00e9 essencial para o exerc\u00edcio de direitos, sendo importante que nele conste o nome do pai.<\/span><\/p>\n<p style=\"text-align: justify;\" align=\"justify\"><span style=\"font-family: helvetica, arial, sans-serif;\">\u201cA inclus\u00e3o do nome do pai no registro de nascimento garante a identifica\u00e7\u00e3o completa da crian\u00e7a, fortalece v\u00ednculos familiares, estabelece responsabilidades legais e assegura direitos fundamentais. Garantir esses direitos \u00e9 promover dignidade, cidadania e prote\u00e7\u00e3o integral \u00e0 crian\u00e7a\u201d, defendeu.<\/span><\/p>\n<p style=\"text-align: justify;\" align=\"justify\"><span style=\"font-family: helvetica, arial, sans-serif;\">\u201cToda crian\u00e7a tem direito de conhecer sua origem, ter reconhecidos seus pais e conviver em fam\u00edlia e, conforme a legisla\u00e7\u00e3o, esse direito \u00e9 fundamental, imprescrit\u00edvel e irrenunci\u00e1vel, ou seja, n\u00e3o pode ser negado ou abandonado\u201d, acrescentou.<\/span><\/p>\n<p style=\"text-align: justify;\" align=\"justify\"><span style=\"font-family: helvetica, arial, sans-serif;\">A promotora de Justi\u00e7a Viviane Sandes ressaltou que, quando as m\u00e3es sabem quem s\u00e3o os pais, por\u00e9m, se recusam a ingressar com a\u00e7\u00e3o de investiga\u00e7\u00e3o de paternidade, o Minist\u00e9rio P\u00fablico, na fun\u00e7\u00e3o de substituto processual, pode entrar com a\u00e7\u00e3o judicial com a finalidade de resguardar o direito de crian\u00e7as e adolescentes. Por outro lado, aquelas que desejam a inclus\u00e3o do nome do pai que se recusa a assumir o filho podem procurar a Defensoria P\u00fablica Estadual.<\/span><\/p>\n<p style=\"text-align: justify;\" align=\"justify\"><span style=\"font-family: helvetica, arial, sans-serif;\">O reconhecimento da paternidade pode trazer para as crian\u00e7as benef\u00edcios emocionais, por meio de seguran\u00e7a afetiva, fortalecimento da identidade, sentimento de pertencimento, benef\u00edcios sociais, com mais integra\u00e7\u00e3o familiar, amplia\u00e7\u00e3o da rede de apoio e melhor desenvolvimento social, al\u00e9m de benef\u00edcios jur\u00eddicos, como pens\u00e3o aliment\u00edcia, heran\u00e7a, plano de sa\u00fade, benef\u00edcios previdenci\u00e1rios, uso do sobrenome do pai e conviv\u00eancia familiar.<\/span><\/p>\n<p style=\"text-align: justify;\" align=\"justify\"><span style=\"font-family: helvetica, arial, sans-serif;\">Todas as d\u00favidas das m\u00e3es, tanto das que, de alguma maneira, n\u00e3o querem informar quem \u00e9 o suposto pai quanto das que buscam garantir esse direito da recusa dos genitores, ser\u00e3o esclarecidas. Na ocasi\u00e3o do encontro, o MPAL vai distribuir uma cartilha de orienta\u00e7\u00e3o sobre paternidade e registro de nascimento.<\/span><\/p>\n","protected":false},"excerpt":{"rendered":"<p> [&hellip;]<\/p>\n","protected":false},"author":24,"featured_media":69730,"comment_status":"open","ping_status":"open","sticky":false,"template":"","format":"standard","meta":{"om_disable_all_campaigns":false,"_monsterinsights_skip_tracking":false,"_monsterinsights_sitenote_active":false,"_monsterinsights_sitenote_note":"","_monsterinsights_sitenote_category":0,"_uf_show_specific_survey":0,"_uf_disable_surveys":false,"footnotes":""},"categories":[2],"tags":[],"class_list":["post-69729","post","type-post","status-publish","format-standard","has-post-thumbnail","hentry","category-not_mpal"],"aioseo_notices":[],"_links":{"self":[{"href":"https:\/\/www.mpal.mp.br\/index.php?rest_route=\/wp\/v2\/posts\/69729","targetHints":{"allow":["GET"]}}],"collection":[{"href":"https:\/\/www.mpal.mp.br\/index.php?rest_route=\/wp\/v2\/posts"}],"about":[{"href":"https:\/\/www.mpal.mp.br\/index.php?rest_route=\/wp\/v2\/types\/post"}],"author":[{"embeddable":true,"href":"https:\/\/www.mpal.mp.br\/index.php?rest_route=\/wp\/v2\/users\/24"}],"replies":[{"embeddable":true,"href":"https:\/\/www.mpal.mp.br\/index.php?rest_route=%2Fwp%2Fv2%2Fcomments&post=69729"}],"version-history":[{"count":1,"href":"https:\/\/www.mpal.mp.br\/index.php?rest_route=\/wp\/v2\/posts\/69729\/revisions"}],"predecessor-version":[{"id":69731,"href":"https:\/\/www.mpal.mp.br\/index.php?rest_route=\/wp\/v2\/posts\/69729\/revisions\/69731"}],"wp:featuredmedia":[{"embeddable":true,"href":"https:\/\/www.mpal.mp.br\/index.php?rest_route=\/wp\/v2\/media\/69730"}],"wp:attachment":[{"href":"https:\/\/www.mpal.mp.br\/index.php?rest_route=%2Fwp%2Fv2%2Fmedia&parent=69729"}],"wp:term":[{"taxonomy":"category","embeddable":true,"href":"https:\/\/www.mpal.mp.br\/index.php?rest_route=%2Fwp%2Fv2%2Fcategories&post=69729"},{"taxonomy":"post_tag","embeddable":true,"href":"https:\/\/www.mpal.mp.br\/index.php?rest_route=%2Fwp%2Fv2%2Ftags&post=69729"}],"curies":[{"name":"wp","href":"https:\/\/api.w.org\/{rel}","templated":true}]}}