{"id":6823,"date":"2019-11-08T10:02:16","date_gmt":"2019-11-08T13:02:16","guid":{"rendered":"https:\/\/www.mpal.mp.br\/?p=6823"},"modified":"2024-08-06T10:20:42","modified_gmt":"2024-08-06T13:20:42","slug":"duas-novas-promotoras-de-justica-tomam-posse-no-ministerio-publico-de-alagoas","status":"publish","type":"post","link":"https:\/\/www.mpal.mp.br\/?p=6823","title":{"rendered":"Duas novas promotoras de justi\u00e7a tomam posse no Minist\u00e9rio P\u00fablico de Alagoas"},"content":{"rendered":"<p style=\"text-align: justify;\" align=\"justify\" data-raofz=\"14\"><span style=\"font-size: 14pt;\" data-raofz=\"14\">\u201cA Constitui\u00e7\u00e3o Federal de 88 conferiu garantias proporcionais as responsabilidades de um novo Minist\u00e9rio P\u00fablico, com incumb\u00eancias da defesa da ordem jur\u00eddica, do regime democr\u00e1tico e dos interesses sociais e individuais indispon\u00edveis. E o MP, a partir dessa transforma\u00e7\u00e3o, virou pilar do respeito das normas dispostas na carta magna. Ent\u00e3o, \u00e9 por isso que \u00e9 uma honra tomarmos posse e e integrarmos, a partir de agora, os quadros do Minist\u00e9rio P\u00fablico de Alagoas\u201d. Foi assim que come\u00e7ou o discurso de Ana Cec\u00edlia de Moraes e Silva Dantas que, ao lado de Shanya Maria de Esp\u00edndola Dantas, tomou posse no cargo de promotora de justi\u00e7a, nesta sexta-feira (8), durante solenidade realizada no pr\u00e9dio-sede do MPAL.<\/span><\/p>\n<p style=\"text-align: justify;\" align=\"justify\" data-raofz=\"14\"><span style=\"font-size: 14pt;\" data-raofz=\"14\">Foi o Col\u00e9gio de Procuradores de Justi\u00e7a que empossou as duas novas promotoras. As rec\u00e9m-empossadas ter\u00e3o assento em promotorias de justi\u00e7a do interior e a lota\u00e7\u00e3o de cada uma delas ser\u00e1 definida na pr\u00f3xima semana, durante o curso de forma\u00e7\u00e3o pelo qual ambas ter\u00e3o que passar. E ap\u00f3s a leitura dos termos de posse, a solenidade seguiu com os juramentos \u00e0 miss\u00e3o constitucional do cargo. \u201cEsse \u00e9 um sonho realizado e eu estou muito, muito feliz. Chego para fortalecer o trabalho deste Minist\u00e9rio P\u00fablico\u201d, disse Shanya Maria de Esp\u00edndola Dantas, ap\u00f3s fazer a referida promessa.<\/span><\/p>\n<p style=\"text-align: justify;\" align=\"justify\" data-raofz=\"14\"><span style=\"font-size: 14pt;\" data-raofz=\"14\">E Ana Cec\u00edlia de Moraes e Silva Dantas e Shanya Maria de Esp\u00edndola Dantas receberam as boas-vindas do procurador-geral de justi\u00e7a em exerc\u00edcio, M\u00e1rcio Roberto Ten\u00f3rio de Albuquerque. \u201cTenham certeza que as duas est\u00e3o sendo recebidas de bra\u00e7os abertos. O Minist\u00e9rio P\u00fablico de Alagoas tem convic\u00e7\u00e3o que vossas excel\u00eancias est\u00e3o chegando para engrandecer os quadros da nossa institui\u00e7\u00e3o e para fazer o bem \u00e0 sociedade alagoana. Somos um MP com recursos financeiros parcos, por\u00e9m, formado por valores humanos de grandeza imensur\u00e1vel, que passa a ser ainda melhor com a chegada de ambas as colegas\u201d, declarou ele.<\/span><\/p>\n<p style=\"text-align: justify;\" align=\"justify\" data-raofz=\"14\"><span style=\"font-size: 14pt;\" data-raofz=\"14\">O corregedor-geral do MPAL, Geraldo Magela, tamb\u00e9m fez uso da palavra. \u201cEsperamos que desempenhem suas fun\u00e7\u00f5es com compromisso, entusiasmo e dedica\u00e7\u00e3o. E digo isso porque agora me lembrei do grande artista Michelangelo que, ao ir pintar a Capela Sistina, disse: \u2018ao fazer, fa\u00e7a bem feito\u2019. Trabalhem com alma e tudo dar\u00e1 certo\u201d, garantiu.<\/span><\/p>\n<p style=\"text-align: justify;\" align=\"justify\" data-raofz=\"14\"><span style=\"font-size: 14pt;\"><strong><b>A recep\u00e7\u00e3o do Col\u00e9gio e da Ampal aos novos membros<\/b><\/strong><\/span><\/p>\n<p style=\"text-align: justify;\" align=\"justify\" data-raofz=\"14\"><span style=\"font-size: 14pt;\" data-raofz=\"14\">O procurador de justi\u00e7a Marcos Barros M\u00e9ro, com quem Ana Cec\u00edlia de Moraes e Silva Dantas j\u00e1 trabalhou, foi mais um membro a dar as boas-vindas \u00e0s novas promotoras. \u201cQue esse passo que voc\u00eas deram na vida sirva de exemplo para jovens alagoanos e brasileiros que, muitas vezes, est\u00e3o mais focados na divers\u00e3o do que no estudo. Recomendo, inicialmente, que sigam o caminho da boa conduta, do comportamento louv\u00e1vel e da vida honesta e, depois, que nunca deixem a vaidade suplantar a humildade\u201d, aconselhou.<\/span><\/p>\n<p style=\"text-align: justify;\" align=\"justify\" data-raofz=\"14\"><span style=\"font-size: 14pt;\" data-raofz=\"14\">E o presidente da Associa\u00e7\u00e3o do Minist\u00e9rio P\u00fablico de Alagas (Ampal) tamb\u00e9m prestigiou a posse. \u201cSer promotor de justi\u00e7a \u00e9 exercer um sacerd\u00f3cio, \u00e9 ser um servo da sociedade para lutar em busca de justi\u00e7a social. Que voc\u00eas duas tamb\u00e9m possam atuar nesse sentido\u201d, disse ele.<\/span><\/p>\n<p style=\"text-align: justify;\" align=\"justify\" data-raofz=\"14\"><span style=\"font-size: 14pt;\" data-raofz=\"14\">Os procuradores de justi\u00e7a Lean Ara\u00fajo \u2013 tamb\u00e9m ouvidor do MPAL, Luiz Barbosa Carna\u00faba, Denise Guimar\u00e3es, V\u00e1lter Acioly, Denis Lima Calheiros, Luiz Medeiros, Marcos M\u00e9ro e Jos\u00e9 Artur Melo, e os promotores de justi\u00e7a Jos\u00e9 Ant\u00f4nio Malta Marques \u2013 diretor do Centro de Apoio Operacional \u00e0s Promotorias de Justi\u00e7a (Caop), Jos\u00e9 Carlos Castro \u2013 coordenador do N\u00facleo de Defesa do Patrim\u00f4nio P\u00fablico (Nudepat), Humberto Pimentel, Napole\u00e3o Amaral e Norma Medeiros participaram da cerim\u00f4nia.<\/span><\/p>\n","protected":false},"excerpt":{"rendered":"<p> [&hellip;]<\/p>\n","protected":false},"author":4,"featured_media":6824,"comment_status":"closed","ping_status":"closed","sticky":false,"template":"","format":"standard","meta":{"om_disable_all_campaigns":false,"_monsterinsights_skip_tracking":false,"_monsterinsights_sitenote_active":false,"_monsterinsights_sitenote_note":"","_monsterinsights_sitenote_category":0,"_uf_show_specific_survey":0,"_uf_disable_surveys":false,"footnotes":""},"categories":[18,2],"tags":[],"class_list":["post-6823","post","type-post","status-publish","format-standard","has-post-thumbnail","hentry","category-not_concursos","category-not_mpal"],"aioseo_notices":[],"_links":{"self":[{"href":"https:\/\/www.mpal.mp.br\/index.php?rest_route=\/wp\/v2\/posts\/6823","targetHints":{"allow":["GET"]}}],"collection":[{"href":"https:\/\/www.mpal.mp.br\/index.php?rest_route=\/wp\/v2\/posts"}],"about":[{"href":"https:\/\/www.mpal.mp.br\/index.php?rest_route=\/wp\/v2\/types\/post"}],"author":[{"embeddable":true,"href":"https:\/\/www.mpal.mp.br\/index.php?rest_route=\/wp\/v2\/users\/4"}],"replies":[{"embeddable":true,"href":"https:\/\/www.mpal.mp.br\/index.php?rest_route=%2Fwp%2Fv2%2Fcomments&post=6823"}],"version-history":[{"count":1,"href":"https:\/\/www.mpal.mp.br\/index.php?rest_route=\/wp\/v2\/posts\/6823\/revisions"}],"predecessor-version":[{"id":6825,"href":"https:\/\/www.mpal.mp.br\/index.php?rest_route=\/wp\/v2\/posts\/6823\/revisions\/6825"}],"wp:featuredmedia":[{"embeddable":true,"href":"https:\/\/www.mpal.mp.br\/index.php?rest_route=\/wp\/v2\/media\/6824"}],"wp:attachment":[{"href":"https:\/\/www.mpal.mp.br\/index.php?rest_route=%2Fwp%2Fv2%2Fmedia&parent=6823"}],"wp:term":[{"taxonomy":"category","embeddable":true,"href":"https:\/\/www.mpal.mp.br\/index.php?rest_route=%2Fwp%2Fv2%2Fcategories&post=6823"},{"taxonomy":"post_tag","embeddable":true,"href":"https:\/\/www.mpal.mp.br\/index.php?rest_route=%2Fwp%2Fv2%2Ftags&post=6823"}],"curies":[{"name":"wp","href":"https:\/\/api.w.org\/{rel}","templated":true}]}}