{"id":67626,"date":"2026-03-17T19:18:30","date_gmt":"2026-03-17T22:18:30","guid":{"rendered":"https:\/\/www.mpal.mp.br\/?p=67626"},"modified":"2026-03-17T19:18:30","modified_gmt":"2026-03-17T22:18:30","slug":"apos-10-anos-mpal-leva-assassinos-a-condenacao-e-menino-dyllan-agora-pode-descansar","status":"publish","type":"post","link":"https:\/\/www.mpal.mp.br\/?p=67626","title":{"rendered":"Ap\u00f3s 10 anos, MPAL leva assassinos \u00e0 condena\u00e7\u00e3o e menino Dyllan, agora, pode descansar"},"content":{"rendered":"<div class=\"fusion-fullwidth fullwidth-box fusion-builder-row-1 nonhundred-percent-fullwidth non-hundred-percent-height-scrolling\"  style='background-color: #ffffff;background-position: center center;background-repeat: no-repeat;padding-top:0px;padding-right:0px;padding-bottom:0px;padding-left:0px;'><div class=\"fusion-builder-row fusion-row \"><div  class=\"fusion-layout-column fusion_builder_column fusion_builder_column_1_1 fusion-builder-column-1 fusion-one-full fusion-column-first fusion-column-last 1_1\"  style='margin-top:0px;margin-bottom:0px;'>\n\t\t\t\t\t<div class=\"fusion-column-wrapper\" style=\"padding: 0px 0px 0px 0px;background-position:left top;background-repeat:no-repeat;-webkit-background-size:cover;-moz-background-size:cover;-o-background-size:cover;background-size:cover;\"   data-bg-url=\"\">\n\t\t\t\t\t\t<div class=\"fusion-text\"><p style=\"text-align: justify;\" align=\"justify\"><span style=\"font-family: helvetica, arial, sans-serif;\"><span style=\"font-size: medium;\">Um sofrimento inimagin\u00e1vel, um ser indefeso e sem a menor possibilidade de pedir socorro, al\u00e9m do mais, sendo v\u00edtima de quem mais deveria lhe proteger. Nesta ter\u00e7a-feira (17), o Minist\u00e9rio P\u00fablico de Alagoas (MPAL), muito bem representado pelo promotor de Justi\u00e7a Ivaldo da Silva, entrou no sal\u00e3o do j\u00fari em nome de <span style=\"color: #212529;\">Dyllan Taylor Soares, uma crian\u00e7a de apenas tr\u00eas anos, barbaramente assassinada pelo padrasto Meydson Alysson Alves da Silva Le\u00e3o <\/span><span style=\"color: #212529;\">(r\u00e9u confesso) <\/span><span style=\"color: #212529;\">e<\/span><span style=\"color: #212529;\"> coniv\u00eancia da sua genitora Joyce Silva Soares. Com uma sustenta\u00e7\u00e3o impec\u00e1vel do Minist\u00e9rio P\u00fablico e a sensibilidade do conselho de senten\u00e7a, <\/span><span style=\"color: #212529;\">ambos foram condenados, <\/span> <span style=\"color: #000000;\">s<\/span><span style=\"color: #000000;\">endo Joyce a <\/span><span style=\"color: #000000;\">13<\/span><span style=\"color: #000000;\"> anos, <\/span><span style=\"color: #000000;\">cinco meses e 15 dias<\/span> <span style=\"color: #000000;\">e Meydson a <\/span><span style=\"color: #000000;\">14 <\/span><span style=\"color: #000000;\">anos e tr\u00eas meses de reclus\u00e3o<\/span><span style=\"color: #212529;\">. <\/span><span style=\"color: #212529;\">Ela saiu presa, enquanto o padrasto com mandado de pris\u00e3o.<\/span><\/span><\/span><\/p>\n<p style=\"text-align: justify;\" align=\"justify\"><span style=\"font-family: helvetica, arial, sans-serif;\"><span style=\"font-size: medium;\"><span style=\"color: #212529;\">Ap\u00f3s 10 anos, a sociedade esperava pela puni\u00e7\u00e3o dos assassinos, <\/span><span style=\"color: #212529;\">pois \u00e0 \u00e9poca do fato a morte de Dyllan causou muita como\u00e7\u00e3o e indignou milhares de fam\u00edlias alagoanas. O promotor de Justi\u00e7a Ivaldo da Silva fala de como \u00e9 dif\u00edcil atuar num j\u00fari que tem uma crian\u00e7a como v\u00edtima de tanta crueldade. A atua\u00e7\u00e3o do promotor foi decisiva ao organizar a narrativa probat\u00f3ria, confrontar as vers\u00f5es defensivas com os laudos periciais e evidenciar que a morte da crian\u00e7a resultou de agress\u00f5es reiteradas, intensas e conscientes. Ao expor com firmeza a autoria e a materialidade delitivas, o \u00f3rg\u00e3o ministerial mostrou ao Conselho de Senten\u00e7a que a verdade dos fatos estava amparada n\u00e3o apenas pelo laudo cadav\u00e9rico, mas tamb\u00e9m pelo conjunto harm\u00f4nico de depoimentos e pelas circunst\u00e2ncias do caso.<br \/>\n<\/span><\/span><\/span><\/p>\n<p style=\"text-align: justify;\" align=\"justify\"><span style=\"color: #212529; font-family: helvetica, arial, sans-serif;\">\u201c<span style=\"font-size: medium;\">Com a condena\u00e7\u00e3o de ambos os r\u00e9us, o Tribunal do J\u00fari reafirmou a soberania dos veredictos e a for\u00e7a da prova produzida nos autos, acolhendo o entendimento de que o crime foi devidamente comprovado em sua materialidade e autoria. A decis\u00e3o representa uma resposta firme da Justi\u00e7a e da sociedade diante de um caso de extrema gravidade, marcado pela vulnerabilidade absoluta da v\u00edtima e pela quebra mais severa do dever de cuidado e prote\u00e7\u00e3o.\u201d, afirma o promotor.<\/span><\/span><\/p>\n<p style=\"text-align: justify;\"><span style=\"font-family: helvetica, arial, sans-serif;\">No curso da instru\u00e7\u00e3o foram colhidos depoimentos e interrogat\u00f3rios que evidenciaram um hist\u00f3rico cont\u00ednuo de maus-tratos contra a crian\u00e7a. Testemunhas relataram que o menino frequentemente aparecia com hematomas, marcas de agress\u00e3o e comportamento de medo, especialmente em rela\u00e7\u00e3o aos acusados. Houve refer\u00eancia, inclusive, a epis\u00f3dios anteriores de viol\u00eancia, com castigos f\u00edsicos e sinais reiterados de espancamento. Os pr\u00f3prios interrogat\u00f3rios revelaram contradi\u00e7\u00f5es relevantes, imputa\u00e7\u00f5es rec\u00edprocas e admiss\u00f5es parciais de agress\u00f5es, demonstrando que a viol\u00eancia no ambiente dom\u00e9stico era constante e que ambos tinham pleno conhecimento do sofrimento imposto \u00e0 v\u00edtima. <\/span><\/p>\n<p><span style=\"font-family: helvetica, arial, sans-serif;\">Para o membro ministerial, na sess\u00e3o plen\u00e1ria, o Minist\u00e9rio P\u00fablico conseguiu demonstrar aos jurados, de forma clara, segura e tecnicamente fundamentada, que n\u00e3o se tratava de um epis\u00f3dio isolado, tampouco de uma fatalidade dom\u00e9stica. <\/span><\/p>\n<p style=\"text-align: justify;\"><span style=\"font-family: helvetica, arial, sans-serif;\"><strong>O caso<\/strong><\/span><\/p>\n<p style=\"text-align: justify;\"><span style=\"font-family: helvetica, arial, sans-serif;\">Conforme os elementos reunidos no processo, o crime ocorreu na madrugada de 21 de janeiro de 2016, tendo a v\u00edtima sofrido sucessivas agress\u00f5es f\u00edsicas que culminaram em traumatismo cr\u00e2nio-encef\u00e1lico e traumatismo abdominal fechado, conforme constatado no laudo cadav\u00e9rico, que apontou morte por a\u00e7\u00e3o de instrumento contundente, isto \u00e9, espancamento. A prova da materialidade foi firme, t\u00e9cnica e incontest\u00e1vel, revelando quadro de extrema viol\u00eancia, com hemorragia interna, grande quantidade de sangue nas cavidades craniana e abdominal, les\u00f5es renais e intenso comprometimento interno, incompat\u00edveis com a vers\u00e3o defensiva de queda acidental.<\/span><\/p>\n<p>Foto: Rog\u00e9rio Nascimento (Gazeta Arapiraca)<\/p>\n<\/div><style type=\"text\/css\">.fusion-gallery-1 .fusion-gallery-image {border:0px solid #f6f6f6;-webkit-border-radius:5px;-moz-border-radius:5px;border-radius:5px;}<\/style><div class=\"fusion-gallery fusion-gallery-container fusion-grid-3 fusion-columns-total-0 fusion-gallery-layout-grid fusion-gallery-1\" style=\"margin:-5px;\"><div style=\"padding:5px;\" class=\"fusion-grid-column fusion-gallery-column fusion-gallery-column-3 hover-type-none\"><div class=\"fusion-gallery-image\"><a href=\"https:\/\/www.mpal.mp.br\/wp-content\/uploads\/2026\/03\/juri-dyllan.jpeg\" rel=\"noreferrer\" data-rel=\"iLightbox[gallery_image_1]\" class=\"fusion-lightbox\" target=\"_self\"><img loading=\"lazy\" decoding=\"async\" src=\"https:\/\/www.mpal.mp.br\/wp-content\/uploads\/2026\/03\/juri-dyllan.jpeg\" width=\"1170\" height=\"658\" alt=\"\" title=\"juri dyllan\" aria-label=\"juri dyllan\" class=\"img-responsive wp-image-67628\" \/><\/a><\/div><\/div><div style=\"padding:5px;\" class=\"fusion-grid-column fusion-gallery-column fusion-gallery-column-3 hover-type-none\"><div class=\"fusion-gallery-image\"><a href=\"https:\/\/www.mpal.mp.br\/wp-content\/uploads\/2026\/03\/juri-dyllan2.jpeg\" rel=\"noreferrer\" data-rel=\"iLightbox[gallery_image_1]\" class=\"fusion-lightbox\" target=\"_self\"><img loading=\"lazy\" decoding=\"async\" src=\"https:\/\/www.mpal.mp.br\/wp-content\/uploads\/2026\/03\/juri-dyllan2.jpeg\" width=\"1598\" height=\"899\" alt=\"\" title=\"juri dyllan2\" aria-label=\"juri dyllan2\" class=\"img-responsive wp-image-67627\" \/><\/a><\/div><\/div><\/div><div class=\"fusion-clearfix\"><\/div>\n\n\t\t\t\t\t<\/div>\n\t\t\t\t<\/div><\/div><\/div>\n","protected":false},"excerpt":{"rendered":"","protected":false},"author":8,"featured_media":67627,"comment_status":"open","ping_status":"open","sticky":false,"template":"","format":"standard","meta":{"om_disable_all_campaigns":false,"_monsterinsights_skip_tracking":false,"_monsterinsights_sitenote_active":false,"_monsterinsights_sitenote_note":"","_monsterinsights_sitenote_category":0,"_uf_show_specific_survey":0,"_uf_disable_surveys":false,"footnotes":""},"categories":[1],"tags":[],"class_list":["post-67626","post","type-post","status-publish","format-standard","has-post-thumbnail","hentry","category-sem-categoria"],"aioseo_notices":[],"_links":{"self":[{"href":"https:\/\/www.mpal.mp.br\/index.php?rest_route=\/wp\/v2\/posts\/67626","targetHints":{"allow":["GET"]}}],"collection":[{"href":"https:\/\/www.mpal.mp.br\/index.php?rest_route=\/wp\/v2\/posts"}],"about":[{"href":"https:\/\/www.mpal.mp.br\/index.php?rest_route=\/wp\/v2\/types\/post"}],"author":[{"embeddable":true,"href":"https:\/\/www.mpal.mp.br\/index.php?rest_route=\/wp\/v2\/users\/8"}],"replies":[{"embeddable":true,"href":"https:\/\/www.mpal.mp.br\/index.php?rest_route=%2Fwp%2Fv2%2Fcomments&post=67626"}],"version-history":[{"count":1,"href":"https:\/\/www.mpal.mp.br\/index.php?rest_route=\/wp\/v2\/posts\/67626\/revisions"}],"predecessor-version":[{"id":67629,"href":"https:\/\/www.mpal.mp.br\/index.php?rest_route=\/wp\/v2\/posts\/67626\/revisions\/67629"}],"wp:featuredmedia":[{"embeddable":true,"href":"https:\/\/www.mpal.mp.br\/index.php?rest_route=\/wp\/v2\/media\/67627"}],"wp:attachment":[{"href":"https:\/\/www.mpal.mp.br\/index.php?rest_route=%2Fwp%2Fv2%2Fmedia&parent=67626"}],"wp:term":[{"taxonomy":"category","embeddable":true,"href":"https:\/\/www.mpal.mp.br\/index.php?rest_route=%2Fwp%2Fv2%2Fcategories&post=67626"},{"taxonomy":"post_tag","embeddable":true,"href":"https:\/\/www.mpal.mp.br\/index.php?rest_route=%2Fwp%2Fv2%2Ftags&post=67626"}],"curies":[{"name":"wp","href":"https:\/\/api.w.org\/{rel}","templated":true}]}}