{"id":67609,"date":"2026-03-16T19:41:38","date_gmt":"2026-03-16T22:41:38","guid":{"rendered":"https:\/\/www.mpal.mp.br\/?p=67609"},"modified":"2026-03-16T19:41:38","modified_gmt":"2026-03-16T22:41:38","slug":"mpal-acompanha-apresentacao-do-plano-operativo-da-politica-nacional-de-atencao-integral-a-saude-de-adolescentes-em-conflito-com-a-lei","status":"publish","type":"post","link":"https:\/\/www.mpal.mp.br\/?p=67609","title":{"rendered":"MPAL acompanha apresenta\u00e7\u00e3o do Plano Operativo da Pol\u00edtica Nacional de Aten\u00e7\u00e3o Integral \u00e0 Sa\u00fade de Adolescentes em Conflito com a Lei"},"content":{"rendered":"<div class=\"fusion-fullwidth fullwidth-box fusion-builder-row-1 nonhundred-percent-fullwidth non-hundred-percent-height-scrolling\"  style='background-color: #ffffff;background-position: center center;background-repeat: no-repeat;padding-top:0px;padding-right:0px;padding-bottom:0px;padding-left:0px;'><div class=\"fusion-builder-row fusion-row \"><div  class=\"fusion-layout-column fusion_builder_column fusion_builder_column_1_1 fusion-builder-column-1 fusion-one-full fusion-column-first fusion-column-last 1_1\"  style='margin-top:0px;margin-bottom:0px;'>\n\t\t\t\t\t<div class=\"fusion-column-wrapper\" style=\"padding: 0px 0px 0px 0px;background-position:left top;background-repeat:no-repeat;-webkit-background-size:cover;-moz-background-size:cover;-o-background-size:cover;background-size:cover;\"   data-bg-url=\"\">\n\t\t\t\t\t\t<div class=\"fusion-text\"><p style=\"text-align: justify;\" align=\"justify\"><span style=\"font-family: helvetica, arial, sans-serif;\">O Minist\u00e9rio P\u00fablico do Estado de Alagoas (MPAL) participou, na manh\u00e3 desta segunda-feira (16), em Macei\u00f3, da apresenta\u00e7\u00e3o do Plano Operativo da Pol\u00edtica Nacional de Aten\u00e7\u00e3o Integral \u00e0 Sa\u00fade de Adolescentes em Conflito com a Lei (PNAISARI) pelos munic\u00edpios de Macei\u00f3, Rio Largo e Pilar.<\/span><\/p>\n<p style=\"text-align: justify;\" align=\"justify\"><span style=\"font-family: helvetica, arial, sans-serif;\">A apresenta\u00e7\u00e3o ocorreu durante a reuni\u00e3o da Comiss\u00e3o Intergestores Bipartite (CIB), a qual representa a inst\u00e2ncia do Sistema \u00danico de Sa\u00fade (SUS) em que estado e munic\u00edpios pactuam e deliberam sobre a implementa\u00e7\u00e3o e a organiza\u00e7\u00e3o das pol\u00edticas p\u00fablicas de sa\u00fade. Ap\u00f3s a apresenta\u00e7\u00e3o, o Plano foi aprovado pela CIB.<\/span><\/p>\n<p style=\"text-align: justify;\" align=\"justify\"><span style=\"font-family: helvetica, arial, sans-serif;\">Segundo a promotora de Justi\u00e7a Mar\u00edlia Cerqueira, titular da 12\u00aa Promotoria de Justi\u00e7a da Capital (PJC) e que representou o MPAL na ocasi\u00e3o, o Plano Operativo da Pol\u00edtica Nacional de Aten\u00e7\u00e3o Integral \u00e0 Sa\u00fade de Adolescentes em Conflito com a Lei \u00e9 uma vit\u00f3ria da pol\u00edtica socioeducativa.<\/span><\/p>\n<p style=\"text-align: justify;\" align=\"justify\"><span style=\"font-family: helvetica, arial, sans-serif;\">\u201cEsse Plano existe em algumas unidades da federa\u00e7\u00e3o, ent\u00e3o, em Alagoas foi implantada essa pol\u00edtica e, com isso, podem ser direcionadas a\u00e7\u00f5es mais espec\u00edficas para esse p\u00fablico, com a cria\u00e7\u00e3o, inclusive, de fluxos de atendimento. Vale dizer tamb\u00e9m que a aprova\u00e7\u00e3o do Plano representa o compromisso institucional com a articula\u00e7\u00e3o em rede para o cuidado integral e priorit\u00e1rio, al\u00e9m da garantia do direito \u00e0 sa\u00fade desses adolescentes\u201d, salientou a promotora.<\/span><\/p>\n<p style=\"text-align: justify;\" align=\"justify\"><span style=\"font-family: helvetica, arial, sans-serif;\">Entre as autoridades que participaram do encontro, estavam: o desembargador M\u00e1rcio Roberto Ten\u00f3rio de Albuquerque, que \u00e9 supervisor do Grupo de Monitoramento e Fiscaliza\u00e7\u00e3o do Sistema Carcer\u00e1rio e Socioeducativo do TJ\/AL; o magistrado Vin\u00edcius Garcia Modesto, representando a 1\u00aa Vara Criminal da Capital (Crian\u00e7a e Adolescente); representantes da Superintend\u00eancia de Medidas Socioeducativas (SUMESE); da Secretaria de Estado da Sa\u00fade (SESAU); das pastas municipais de sa\u00fade de Macei\u00f3, Rio Largo e Pilar; do Minist\u00e9rio da Sa\u00fade e do Conselho Nacional de Justi\u00e7a (CNJ); do Conselho de Secretarias Municipais de Sa\u00fade (COSEMS\/AL); al\u00e9m de t\u00e9cnicos da Socioeduca\u00e7\u00e3o.<\/span><\/p>\n<\/div><style type=\"text\/css\">.fusion-gallery-1 .fusion-gallery-image {border:0px solid #f6f6f6;-webkit-border-radius:5px;-moz-border-radius:5px;border-radius:5px;}<\/style><div class=\"fusion-gallery fusion-gallery-container fusion-grid-3 fusion-columns-total-0 fusion-gallery-layout-grid fusion-gallery-1\" style=\"margin:-5px;\"><div style=\"padding:5px;\" class=\"fusion-grid-column fusion-gallery-column fusion-gallery-column-3 hover-type-none\"><div class=\"fusion-gallery-image\"><a href=\"https:\/\/www.mpal.mp.br\/wp-content\/uploads\/2026\/03\/WhatsApp-Image-2026-03-16-at-18.57.35.jpeg\" rel=\"noreferrer\" data-rel=\"iLightbox[gallery_image_1]\" class=\"fusion-lightbox\" target=\"_self\"><img loading=\"lazy\" decoding=\"async\" src=\"https:\/\/www.mpal.mp.br\/wp-content\/uploads\/2026\/03\/WhatsApp-Image-2026-03-16-at-18.57.35.jpeg\" width=\"960\" height=\"1280\" alt=\"\" title=\"WhatsApp Image 2026-03-16 at 18.57.35\" aria-label=\"WhatsApp Image 2026-03-16 at 18.57.35\" class=\"img-responsive wp-image-67612\" \/><\/a><\/div><\/div><div style=\"padding:5px;\" class=\"fusion-grid-column fusion-gallery-column fusion-gallery-column-3 hover-type-none\"><div class=\"fusion-gallery-image\"><a href=\"https:\/\/www.mpal.mp.br\/wp-content\/uploads\/2026\/03\/WhatsApp-Image-2026-03-16-at-18.55.41-1-1.jpeg\" rel=\"noreferrer\" data-rel=\"iLightbox[gallery_image_1]\" class=\"fusion-lightbox\" target=\"_self\"><img loading=\"lazy\" decoding=\"async\" src=\"https:\/\/www.mpal.mp.br\/wp-content\/uploads\/2026\/03\/WhatsApp-Image-2026-03-16-at-18.55.41-1-1.jpeg\" width=\"1280\" height=\"960\" alt=\"\" title=\"WhatsApp Image 2026-03-16 at 18.55.41 (1)\" aria-label=\"WhatsApp Image 2026-03-16 at 18.55.41 (1)\" class=\"img-responsive wp-image-67613\" \/><\/a><\/div><\/div><div style=\"padding:5px;\" class=\"fusion-grid-column fusion-gallery-column fusion-gallery-column-3 hover-type-none\"><div class=\"fusion-gallery-image\"><a href=\"https:\/\/www.mpal.mp.br\/wp-content\/uploads\/2026\/03\/WhatsApp-Image-2026-03-16-at-18.55.41.jpeg\" rel=\"noreferrer\" data-rel=\"iLightbox[gallery_image_1]\" class=\"fusion-lightbox\" target=\"_self\"><img loading=\"lazy\" decoding=\"async\" src=\"https:\/\/www.mpal.mp.br\/wp-content\/uploads\/2026\/03\/WhatsApp-Image-2026-03-16-at-18.55.41.jpeg\" width=\"960\" height=\"1280\" alt=\"\" title=\"WhatsApp Image 2026-03-16 at 18.55.41\" aria-label=\"WhatsApp Image 2026-03-16 at 18.55.41\" class=\"img-responsive wp-image-67614\" \/><\/a><\/div><\/div><div class=\"clearfix\"><\/div><div style=\"padding:5px;\" class=\"fusion-grid-column fusion-gallery-column fusion-gallery-column-3 hover-type-none\"><div class=\"fusion-gallery-image\"><a href=\"https:\/\/www.mpal.mp.br\/wp-content\/uploads\/2026\/03\/WhatsApp-Image-2026-03-16-at-18.54.37.jpeg\" rel=\"noreferrer\" data-rel=\"iLightbox[gallery_image_1]\" class=\"fusion-lightbox\" target=\"_self\"><img loading=\"lazy\" decoding=\"async\" src=\"https:\/\/www.mpal.mp.br\/wp-content\/uploads\/2026\/03\/WhatsApp-Image-2026-03-16-at-18.54.37.jpeg\" width=\"1600\" height=\"900\" alt=\"\" title=\"WhatsApp Image 2026-03-16 at 18.54.37\" aria-label=\"WhatsApp Image 2026-03-16 at 18.54.37\" class=\"img-responsive wp-image-67615\" \/><\/a><\/div><\/div><\/div><div class=\"fusion-clearfix\"><\/div>\n\n\t\t\t\t\t<\/div>\n\t\t\t\t<\/div><\/div><\/div>\n","protected":false},"excerpt":{"rendered":"","protected":false},"author":24,"featured_media":67611,"comment_status":"open","ping_status":"open","sticky":false,"template":"","format":"standard","meta":{"om_disable_all_campaigns":false,"_monsterinsights_skip_tracking":false,"_monsterinsights_sitenote_active":false,"_monsterinsights_sitenote_note":"","_monsterinsights_sitenote_category":0,"_uf_show_specific_survey":0,"_uf_disable_surveys":false,"footnotes":""},"categories":[2],"tags":[],"class_list":["post-67609","post","type-post","status-publish","format-standard","has-post-thumbnail","hentry","category-not_mpal"],"aioseo_notices":[],"_links":{"self":[{"href":"https:\/\/www.mpal.mp.br\/index.php?rest_route=\/wp\/v2\/posts\/67609","targetHints":{"allow":["GET"]}}],"collection":[{"href":"https:\/\/www.mpal.mp.br\/index.php?rest_route=\/wp\/v2\/posts"}],"about":[{"href":"https:\/\/www.mpal.mp.br\/index.php?rest_route=\/wp\/v2\/types\/post"}],"author":[{"embeddable":true,"href":"https:\/\/www.mpal.mp.br\/index.php?rest_route=\/wp\/v2\/users\/24"}],"replies":[{"embeddable":true,"href":"https:\/\/www.mpal.mp.br\/index.php?rest_route=%2Fwp%2Fv2%2Fcomments&post=67609"}],"version-history":[{"count":1,"href":"https:\/\/www.mpal.mp.br\/index.php?rest_route=\/wp\/v2\/posts\/67609\/revisions"}],"predecessor-version":[{"id":67616,"href":"https:\/\/www.mpal.mp.br\/index.php?rest_route=\/wp\/v2\/posts\/67609\/revisions\/67616"}],"wp:featuredmedia":[{"embeddable":true,"href":"https:\/\/www.mpal.mp.br\/index.php?rest_route=\/wp\/v2\/media\/67611"}],"wp:attachment":[{"href":"https:\/\/www.mpal.mp.br\/index.php?rest_route=%2Fwp%2Fv2%2Fmedia&parent=67609"}],"wp:term":[{"taxonomy":"category","embeddable":true,"href":"https:\/\/www.mpal.mp.br\/index.php?rest_route=%2Fwp%2Fv2%2Fcategories&post=67609"},{"taxonomy":"post_tag","embeddable":true,"href":"https:\/\/www.mpal.mp.br\/index.php?rest_route=%2Fwp%2Fv2%2Ftags&post=67609"}],"curies":[{"name":"wp","href":"https:\/\/api.w.org\/{rel}","templated":true}]}}