{"id":67605,"date":"2026-03-16T13:17:17","date_gmt":"2026-03-16T16:17:17","guid":{"rendered":"https:\/\/www.mpal.mp.br\/?p=67605"},"modified":"2026-03-16T13:17:17","modified_gmt":"2026-03-16T16:17:17","slug":"na-proxima-quinta-feira-19-presidente-de-torcida-organizada-vai-juri-por-tentar-matar-torcedores-do-crb","status":"publish","type":"post","link":"https:\/\/www.mpal.mp.br\/?p=67605","title":{"rendered":"Na pr\u00f3xima quinta-feira, 19, presidente de torcida organizada vai j\u00fari por tentar matar torcedores do CRB"},"content":{"rendered":"<p align=\"justify\"><span style=\"font-family: helvetica, arial, sans-serif;\">H\u00e1 quase tr\u00eas anos, no dia 2 de agosto de 2023, a capital alagoana registrou mais um cap\u00edtulo de viol\u00eancia extrema promovida por integrantes, entre eles um <\/span><span style=\"font-family: helvetica, arial, sans-serif;\">dirigente de uma torcida organizada. Integrantes da Mancha Azul espancaram Symei Ara\u00fajo e Michael Douglas, torcedores do Clube de Regatas Brasil (CRB), deixando-o em coma na Unidade de Terapia Intensiva (UTI) do Hospital Geral do Estado (HGE). Na pr\u00f3xima quinta-feira (19), dois, dos cinco denunciados por envolvimento nas tentativas de homic\u00eddio, sentar\u00e3o no banco dos r\u00e9us, em j\u00fari que ocorrer\u00e1 na 9\u00aa Vara Criminal da Capital. Os demais julgamentos ocorrer\u00e3o separadamente, visto os nomes terem sido desmembrados. <\/span><span style=\"font-family: helvetica, arial, sans-serif;\">Representando o Minist\u00e9rio P\u00fablico de Alagoas (MPAL) estar\u00e1 a promotora de Justi\u00e7a Adilza de Freitas que susentar\u00e1 as qualificadoras do crime por motivo f\u00fatil, meio cruel, recurso que dificultou a defesa das v\u00edtimas\u00a0 e furto .<\/span><\/p>\n<p align=\"justify\"><span style=\"font-family: helvetica, arial, sans-serif;\">Somente para relembrar a estupidez cometida, consta nos autos que, no dia do fato, Symei Ara\u00fajo e Michael Douglas conversavam em uma rua localizada no bairro Ponta da Terra, parte baixa de Macei\u00f3, quando foram surpreendidos por um grupo da torcida organizada Mancha Azul ( do CSA), que ocupava dois ve\u00edculos: um Corsa Classic, de cor preta, e um de cor branca, possivelmente um Ford Ka. Todos armados com peda\u00e7os de madeira com pregos, al\u00e9m de porretes e tacos de beisebol, j\u00e1 partindo violentamente para o espancamento. Symei foi o que ficou em estado mais grave, tendo sofrido traumatismo craniano e perdendo massa encef\u00e1lica, ficando por dias na UTI. Enquanto Michael n\u00e3o foi assassinado gra\u00e7as ao toque do seu celular que imitava o som de uma sirene de viatura policial , o que dispersou os criminosos. Ele relatou que cerca de oito pessoas participaram da tentativa de homic\u00eddio, conseguindo identificar tr\u00eas.<\/span><\/p>\n<p align=\"justify\"><span style=\"font-family: helvetica, arial, sans-serif;\">Simey Ara\u00fajo ficou com limita\u00e7\u00f5es devido \u00e0 gravidade dos ferimentos sofridos.\u00a0<\/span><span style=\"font-family: helvetica, arial, sans-serif;\">Entre os cinco denunciados est\u00e1 o presidente da Mancha Azul (\u00e0 \u00e9poca).<\/span><\/p>\n<p align=\"justify\">Foto: Arquivo pessoal<\/p>\n","protected":false},"excerpt":{"rendered":"<p> [&hellip;]<\/p>\n","protected":false},"author":8,"featured_media":67606,"comment_status":"open","ping_status":"open","sticky":false,"template":"","format":"standard","meta":{"om_disable_all_campaigns":false,"_monsterinsights_skip_tracking":false,"_monsterinsights_sitenote_active":false,"_monsterinsights_sitenote_note":"","_monsterinsights_sitenote_category":0,"_uf_show_specific_survey":0,"_uf_disable_surveys":false,"footnotes":""},"categories":[2],"tags":[],"class_list":["post-67605","post","type-post","status-publish","format-standard","has-post-thumbnail","hentry","category-not_mpal"],"aioseo_notices":[],"_links":{"self":[{"href":"https:\/\/www.mpal.mp.br\/index.php?rest_route=\/wp\/v2\/posts\/67605","targetHints":{"allow":["GET"]}}],"collection":[{"href":"https:\/\/www.mpal.mp.br\/index.php?rest_route=\/wp\/v2\/posts"}],"about":[{"href":"https:\/\/www.mpal.mp.br\/index.php?rest_route=\/wp\/v2\/types\/post"}],"author":[{"embeddable":true,"href":"https:\/\/www.mpal.mp.br\/index.php?rest_route=\/wp\/v2\/users\/8"}],"replies":[{"embeddable":true,"href":"https:\/\/www.mpal.mp.br\/index.php?rest_route=%2Fwp%2Fv2%2Fcomments&post=67605"}],"version-history":[{"count":1,"href":"https:\/\/www.mpal.mp.br\/index.php?rest_route=\/wp\/v2\/posts\/67605\/revisions"}],"predecessor-version":[{"id":67608,"href":"https:\/\/www.mpal.mp.br\/index.php?rest_route=\/wp\/v2\/posts\/67605\/revisions\/67608"}],"wp:featuredmedia":[{"embeddable":true,"href":"https:\/\/www.mpal.mp.br\/index.php?rest_route=\/wp\/v2\/media\/67606"}],"wp:attachment":[{"href":"https:\/\/www.mpal.mp.br\/index.php?rest_route=%2Fwp%2Fv2%2Fmedia&parent=67605"}],"wp:term":[{"taxonomy":"category","embeddable":true,"href":"https:\/\/www.mpal.mp.br\/index.php?rest_route=%2Fwp%2Fv2%2Fcategories&post=67605"},{"taxonomy":"post_tag","embeddable":true,"href":"https:\/\/www.mpal.mp.br\/index.php?rest_route=%2Fwp%2Fv2%2Ftags&post=67605"}],"curies":[{"name":"wp","href":"https:\/\/api.w.org\/{rel}","templated":true}]}}