{"id":67558,"date":"2026-03-14T00:53:47","date_gmt":"2026-03-14T03:53:47","guid":{"rendered":"https:\/\/www.mpal.mp.br\/?p=67558"},"modified":"2026-03-14T00:53:47","modified_gmt":"2026-03-14T03:53:47","slug":"caso-rian-apos-13-horas-de-juri-mpal-consegue-condenacao-acima-de-24-anos-para-mandante-do-crime","status":"publish","type":"post","link":"https:\/\/www.mpal.mp.br\/?p=67558","title":{"rendered":"Caso Rian: Ap\u00f3s 13 horas de j\u00fari, MPAL consegue condena\u00e7\u00e3o acima de 24 anos para mandante do crime"},"content":{"rendered":"<div class=\"fusion-fullwidth fullwidth-box fusion-builder-row-1 nonhundred-percent-fullwidth non-hundred-percent-height-scrolling\"  style='background-color: #ffffff;background-position: center center;background-repeat: no-repeat;padding-top:0px;padding-right:0px;padding-bottom:0px;padding-left:0px;'><div class=\"fusion-builder-row fusion-row \"><div  class=\"fusion-layout-column fusion_builder_column fusion_builder_column_1_1 fusion-builder-column-1 fusion-one-full fusion-column-first fusion-column-last 1_1\"  style='margin-top:0px;margin-bottom:0px;'>\n\t\t\t\t\t<div class=\"fusion-column-wrapper\" style=\"padding: 0px 0px 0px 0px;background-position:left top;background-repeat:no-repeat;-webkit-background-size:cover;-moz-background-size:cover;-o-background-size:cover;background-size:cover;\"   data-bg-url=\"\">\n\t\t\t\t\t\t<div class=\"fusion-text\"><p style=\"text-align: justify;\" align=\"justify\"><span style=\"font-family: helvetica, arial, sans-serif;\">Um j\u00fari desaforado, muitos depoimentos, contradi\u00e7\u00f5es, acarea\u00e7\u00e3o, um Minist\u00e9rio P\u00fablico firme na sustenta\u00e7\u00e3o para garantir que a justi\u00e7a seria feita. Ap\u00f3s 13 horas de julgamento, entre debates com r\u00e9plica e tr\u00e9plica, o promotor de Justi\u00e7a Frederico Monteiro provou ao conselho de senten\u00e7a o envolvimento do r\u00e9u Wolkmar dos Santos J\u00fanior, como autor intelectual do assassinato de Rian Ven\u00e2ncio da Silva, e ele foi condenado a 24 anos e seis meses de pris\u00e3o, em regime inicialmente fechado. Os jurados acataram as qualificadoras de motivo torpe e recurso que dificultou a defesa da v\u00edtima.<\/span><\/p>\n<p style=\"text-align: justify;\" align=\"justify\"><span style=\"font-family: helvetica, arial, sans-serif;\">Uma defesa forte, quatro advogados constitu\u00eddos, a nega\u00e7\u00e3o do r\u00e9u, hist\u00f3rias desencontradas entre ele e outros depoentes, \u00e1libis criados e desfeitos. Durante os interrogat\u00f3rios, Jason acusou Eduardo(apontado como o executor) de ter enterrado a arma, um homem conhecido como \u2018Pez\u00e3o\u2019, de desenterrar e guard\u00e1-la em sua casa. Pez\u00e3o, ao ser ouvido, negou essa vers\u00e3o. O promotor Frederico Monteiro solicitou acarea\u00e7\u00e3o de ambos, o que aconteceu. Na tentativa de se defender, cada um responsabilizava o outro, mas para o Minist\u00e9rio P\u00fablico todos s\u00e3o envolvidos no assassinato de Rian, um jovem barbaramente assassinado, \u00e0 \u00e9poca com 18 anos.<\/span><\/p>\n<p style=\"text-align: justify;\" align=\"justify\"><span style=\"font-family: helvetica, arial, sans-serif;\">Em seu depoimento,Wolkmar J\u00fanior tentou atribuir o assassinato a seu padrinho, a quem identificou como Vav\u00e1. Segundo ele, o interesse em sua pris\u00e3o seria para eliminar a possibilidade de concorrer com o seu filho a uma vaga de conselheiro tutelar. O r\u00e9u afirmou que, logo que ocorrera o crime, o padrinho ligou para sua genitora afirmando que o afilhado era o mandante. A morte de Rian foi encomendada por Wolkmar que n\u00e3o aceitava o rompimento do relacionamento, tampouco que sua ex-namorada tivesse voltado a namorar com Rian. Apesar de se apresentar como uma pessoa pacata, a ex-namorada da v\u00edtima e do r\u00e9u, afirmou o contr\u00e1rio, disse que era agressivo, possessivo e que a seguia. Sobre Rian, os pr\u00f3prios suspeitos de envolvimento no crime reconheceram como \u201cpessoa de bem, sem inimizades, um menino muito bom\u201d.<\/span><\/p>\n<p style=\"text-align: justify;\" align=\"justify\"><span style=\"font-family: helvetica, arial, sans-serif;\">O representante ministerial fala sobre a senten\u00e7a, o acalento para a fam\u00edlia, e o dever cumprido na busca pela justi\u00e7a.<\/span><\/p>\n<p style=\"text-align: justify;\" align=\"justify\"><span style=\"font-family: helvetica, arial, sans-serif;\">\u201cEncerramos mais um j\u00fari, por sinal, muito dif\u00edcil, j\u00e1 t\u00ednhamos o executor sendo absolvido na comarca de Vi\u00e7osa, mas gra\u00e7as a Deus nossa sustenta\u00e7\u00e3o apontou um mosaico de informa\u00e7\u00f5es e conseguimos convencer o conselho de senten\u00e7a. Chegamos \u00e0 condena\u00e7\u00e3o do senhor Wolkmar Santos mantendo as duas qualificadoras que foram por motivo torpe, recurso que impossibilitou a defesa da v\u00edtima, e podemos, dessa forma, aliviar a dor da fam\u00edlia\u201d, declara o promotor Frederico Monteiro.<\/span><\/p>\n<p style=\"text-align: justify;\" align=\"justify\"><span style=\"font-family: helvetica, arial, sans-serif;\">Na dosimetria, o juiz Geraldo Amorim reprovou a culpabilidade do r\u00e9u ressaltando que o mesmo j\u00e1 havia feito amea\u00e7as \u00e0 v\u00edtima, perseguido e, tamb\u00e9m, comprado a arma dias antes do homic\u00eddio o que caracteriza premedita\u00e7\u00e3o do crime. \u201cDestaco que a conduta do r\u00e9u n\u00e3o foi a de mera encomenda do crime, mas sim de verdadeiro arquiteto do crime, com lideran\u00e7a sobre terceiro, pr\u00e9vio ajuste das condutas e ordena\u00e7\u00e3o das tarefas\u201d, diz parte da senten\u00e7a.<\/span><\/p>\n<\/div><style type=\"text\/css\">.fusion-gallery-1 .fusion-gallery-image {border:0px solid #f6f6f6;-webkit-border-radius:5px;-moz-border-radius:5px;border-radius:5px;}<\/style><div class=\"fusion-gallery fusion-gallery-container fusion-grid-3 fusion-columns-total-0 fusion-gallery-layout-grid fusion-gallery-1\" style=\"margin:-5px;\"><div style=\"padding:5px;\" class=\"fusion-grid-column fusion-gallery-column fusion-gallery-column-3 hover-type-none\"><div class=\"fusion-gallery-image\"><a href=\"https:\/\/www.mpal.mp.br\/wp-content\/uploads\/2026\/03\/dr-fred4.jpg\" rel=\"noreferrer\" data-rel=\"iLightbox[gallery_image_1]\" class=\"fusion-lightbox\" target=\"_self\"><img loading=\"lazy\" decoding=\"async\" src=\"https:\/\/www.mpal.mp.br\/wp-content\/uploads\/2026\/03\/dr-fred4.jpg\" width=\"1599\" height=\"1066\" alt=\"\" title=\"dr fred4\" aria-label=\"dr fred4\" class=\"img-responsive wp-image-67562\" \/><\/a><\/div><\/div><div style=\"padding:5px;\" class=\"fusion-grid-column fusion-gallery-column fusion-gallery-column-3 hover-type-none\"><div class=\"fusion-gallery-image\"><a href=\"https:\/\/www.mpal.mp.br\/wp-content\/uploads\/2026\/03\/dr-fred2.jpg\" rel=\"noreferrer\" data-rel=\"iLightbox[gallery_image_1]\" class=\"fusion-lightbox\" target=\"_self\"><img loading=\"lazy\" decoding=\"async\" src=\"https:\/\/www.mpal.mp.br\/wp-content\/uploads\/2026\/03\/dr-fred2.jpg\" width=\"1599\" height=\"1066\" alt=\"\" title=\"dr fred2\" aria-label=\"dr fred2\" class=\"img-responsive wp-image-67560\" \/><\/a><\/div><\/div><div style=\"padding:5px;\" class=\"fusion-grid-column fusion-gallery-column fusion-gallery-column-3 hover-type-none\"><div class=\"fusion-gallery-image\"><a href=\"https:\/\/www.mpal.mp.br\/wp-content\/uploads\/2026\/03\/dr-fred.jpg\" rel=\"noreferrer\" data-rel=\"iLightbox[gallery_image_1]\" class=\"fusion-lightbox\" target=\"_self\"><img loading=\"lazy\" decoding=\"async\" src=\"https:\/\/www.mpal.mp.br\/wp-content\/uploads\/2026\/03\/dr-fred.jpg\" width=\"1599\" height=\"1066\" alt=\"\" title=\"dr fred\" aria-label=\"dr fred\" class=\"img-responsive wp-image-67559\" \/><\/a><\/div><\/div><div class=\"clearfix\"><\/div><\/div><div class=\"fusion-clearfix\"><\/div>\n\n\t\t\t\t\t<\/div>\n\t\t\t\t<\/div><\/div><\/div>\n","protected":false},"excerpt":{"rendered":"","protected":false},"author":8,"featured_media":67559,"comment_status":"open","ping_status":"open","sticky":false,"template":"","format":"standard","meta":{"om_disable_all_campaigns":false,"_monsterinsights_skip_tracking":false,"_monsterinsights_sitenote_active":false,"_monsterinsights_sitenote_note":"","_monsterinsights_sitenote_category":0,"_uf_show_specific_survey":0,"_uf_disable_surveys":false,"footnotes":""},"categories":[2],"tags":[],"class_list":["post-67558","post","type-post","status-publish","format-standard","has-post-thumbnail","hentry","category-not_mpal"],"aioseo_notices":[],"_links":{"self":[{"href":"https:\/\/www.mpal.mp.br\/index.php?rest_route=\/wp\/v2\/posts\/67558","targetHints":{"allow":["GET"]}}],"collection":[{"href":"https:\/\/www.mpal.mp.br\/index.php?rest_route=\/wp\/v2\/posts"}],"about":[{"href":"https:\/\/www.mpal.mp.br\/index.php?rest_route=\/wp\/v2\/types\/post"}],"author":[{"embeddable":true,"href":"https:\/\/www.mpal.mp.br\/index.php?rest_route=\/wp\/v2\/users\/8"}],"replies":[{"embeddable":true,"href":"https:\/\/www.mpal.mp.br\/index.php?rest_route=%2Fwp%2Fv2%2Fcomments&post=67558"}],"version-history":[{"count":1,"href":"https:\/\/www.mpal.mp.br\/index.php?rest_route=\/wp\/v2\/posts\/67558\/revisions"}],"predecessor-version":[{"id":67563,"href":"https:\/\/www.mpal.mp.br\/index.php?rest_route=\/wp\/v2\/posts\/67558\/revisions\/67563"}],"wp:featuredmedia":[{"embeddable":true,"href":"https:\/\/www.mpal.mp.br\/index.php?rest_route=\/wp\/v2\/media\/67559"}],"wp:attachment":[{"href":"https:\/\/www.mpal.mp.br\/index.php?rest_route=%2Fwp%2Fv2%2Fmedia&parent=67558"}],"wp:term":[{"taxonomy":"category","embeddable":true,"href":"https:\/\/www.mpal.mp.br\/index.php?rest_route=%2Fwp%2Fv2%2Fcategories&post=67558"},{"taxonomy":"post_tag","embeddable":true,"href":"https:\/\/www.mpal.mp.br\/index.php?rest_route=%2Fwp%2Fv2%2Ftags&post=67558"}],"curies":[{"name":"wp","href":"https:\/\/api.w.org\/{rel}","templated":true}]}}