{"id":67516,"date":"2026-03-13T08:30:40","date_gmt":"2026-03-13T11:30:40","guid":{"rendered":"https:\/\/www.mpal.mp.br\/?p=67516"},"modified":"2026-03-13T08:38:41","modified_gmt":"2026-03-13T11:38:41","slug":"mpal-leva-a-justica-situacao-de-abrigo-e-obtem-decisao-para-garantir-dignidade-aos-acolhidos-do-lar-santo-antonio-de-padua","status":"publish","type":"post","link":"https:\/\/www.mpal.mp.br\/?p=67516","title":{"rendered":"MPAL leva \u00e0 Justi\u00e7a situa\u00e7\u00e3o de abrigo e obt\u00e9m decis\u00e3o para garantir dignidade aos acolhidos do Lar Santo Ant\u00f4nio de P\u00e1dua"},"content":{"rendered":"<p style=\"text-align: justify;\"><span style=\"font-family: helvetica, arial, sans-serif; font-size: 12pt;\">A defesa da dignidade humana &#8211; princ\u00edpio fundamental que orienta a atua\u00e7\u00e3o do Minist\u00e9rio P\u00fablico &#8211; motivou o ajuizamento de uma a\u00e7\u00e3o civil p\u00fablica (ACP), em 2025, para proteger pessoas acolhidas no Lar Santo Ant\u00f4nio de P\u00e1dua, em Macei\u00f3. A partir da iniciativa do Minist\u00e9rio P\u00fablico do Estado de Alagoas (MPAL) e da Defensoria P\u00fablica do Estado (DPE\/AL), o Poder Judici\u00e1rio acolheu todos os pedidos formulados pelos \u00f3rg\u00e3os e determinou que o Munic\u00edpio de Macei\u00f3 assuma a responsabilidade pela unidade, adotando medidas urgentes para assegurar condi\u00e7\u00f5es dignas de atendimento aos residentes.<\/span><\/p>\n<p style=\"text-align: justify;\" align=\"justify\"><span style=\"font-family: helvetica, arial, sans-serif; font-size: 12pt;\">A a\u00e7\u00e3o foi proposta pelas promotoras de Justi\u00e7a Maria Aparecida Carna\u00faba, Micheline Ten\u00f3rio e Alexandra Beurlen, da 25\u00aa Promotoria de Justi\u00e7a da Capital, 26\u00aa Promotoria de Justi\u00e7a da Capital e 61\u00aa Promotoria de Justi\u00e7a da Capital, respectivamente, em conjunto com os defensores p\u00fablicos Isaac Souto, Ricardo Melro e Roberta Gisbert de Mendon\u00e7a, ap\u00f3s a constata\u00e7\u00e3o de graves irregularidades no funcionamento da entidade que abriga pessoas em situa\u00e7\u00e3o de extrema vulnerabilidade social. <\/span><\/p>\n<p style=\"text-align: justify;\" align=\"justify\"><span style=\"font-family: helvetica, arial, sans-serif; font-size: 12pt;\">Nos autos, o Minist\u00e9rio P\u00fablico e a Defensoria P\u00fablica detalharam um cen\u00e1rio de precariedade estrutural e assistencial incompat\u00edvel com os direitos fundamentais das pessoas acolhidas. O diagn\u00f3stico apresentado apontou aus\u00eancia de diferencia\u00e7\u00e3o entre funcion\u00e1rios e residentes, insufici\u00eancia de cuidadores e fragilidade na rotina de cuidados b\u00e1sicos, incluindo alimenta\u00e7\u00e3o e higiene. Um dos trechos da a\u00e7\u00e3o destacou que havia \u201cintervalos de mais de 4 horas sem oferta de alimenta\u00e7\u00e3o e l\u00edquido, o que se torna extremamente grave em se tratando de pessoas idosas e com defici\u00eancia\u201d.<\/span><\/p>\n<p>Outro ponto ressaltado pelos autores foi a falta de organiza\u00e7\u00e3o institucional para o tipo de perfil dos acolhidos. Conforme consta na ACP, o abrigo atende p\u00fablicos com necessidades f\u00edsicas, cognitivas e psicossociais diversas \u201csem que haja organiza\u00e7\u00e3o estrutural, t\u00e9cnica ou assistencial compat\u00edvel com tal complexidade\u201d, o que inviabiliza a oferta de atendimento adequado e individualizado.<\/p>\n<p style=\"text-align: justify;\" align=\"justify\"><span style=\"font-family: helvetica, arial, sans-serif; font-size: 12pt;\">\u201cO p\u00fablico acolhido n\u00e3o se encontra em ambiente apto a suprir suas necessidades b\u00e1sicas\u201d, revelou a a\u00e7\u00e3o, numa evid\u00eancia \u00e0 gravidade da situa\u00e7\u00e3o enfrentada pelos residentes. <\/span><\/p>\n<p style=\"text-align: justify;\" align=\"justify\"><span style=\"font-family: helvetica, arial, sans-serif; font-size: 12pt;\">Entre os relatos mais graves apresentados na peti\u00e7\u00e3o est\u00e3o den\u00fancias envolvendo risco \u00e0 integridade f\u00edsica dos acolhidos. O documento menciona situa\u00e7\u00f5es de extrema viola\u00e7\u00e3o de direitos, incluindo casos de sofrimento f\u00edsico e psicol\u00f3gico e condi\u00e7\u00f5es prec\u00e1rias de higiene. <\/span><\/p>\n<p style=\"text-align: justify;\" align=\"justify\"><span style=\"font-family: helvetica, arial, sans-serif; font-size: 12pt;\"><strong>Pedidos formulados <\/strong><\/span><\/p>\n<p style=\"text-align: justify;\" align=\"justify\"><span style=\"font-family: helvetica, arial, sans-serif; font-size: 12pt;\">Diante do quadro apresentado pelo Minist\u00e9rio P\u00fablico e pela Defensoria, o Judici\u00e1rio acolheu integralmente os pedidos formulados, determinando que o Munic\u00edpio de Macei\u00f3 assuma a administra\u00e7\u00e3o do abrigo, passando a garantir alimenta\u00e7\u00e3o regular, fornecimento de produtos de higiene, assist\u00eancia \u00e0 sa\u00fade e suporte profissional adequado para os residentes. <\/span><\/p>\n<p style=\"text-align: justify;\" align=\"justify\"><span style=\"font-family: helvetica, arial, sans-serif; font-size: 12pt;\">A decis\u00e3o tamb\u00e9m determinou que o abrigo n\u00e3o receba novos acolhidos enquanto n\u00e3o houver condi\u00e7\u00f5es estruturais adequadas para funcionamento, medida considerada essencial para evitar o agravamento da situa\u00e7\u00e3o j\u00e1 enfrentada pelos residentes.<\/span><\/p>\n<p style=\"text-align: justify;\" align=\"justify\"><span style=\"font-family: helvetica, arial, sans-serif; font-size: 12pt;\">Outro pedido apresentado pelo MPAL e pela DPE\/AL e que foi acolhido pela Justi\u00e7a foi a transfer\u00eancia imediata de dois residentes para uma resid\u00eancia inclusiva, modalidade de acolhimento voltada a pessoas com defici\u00eancia que necessitam de acompanhamento especializado. <\/span><\/p>\n<p style=\"text-align: justify;\" align=\"justify\"><span style=\"font-family: helvetica, arial, sans-serif; font-size: 12pt;\">Caso o Munic\u00edpio de Macei\u00f3 descumpra as determina\u00e7\u00f5es, foi fixada multa di\u00e1ria de R$ 5 mil, al\u00e9m da obriga\u00e7\u00e3o de o prefeito, o procurador-geral do munic\u00edpio e a secret\u00e1ria municipal de Sa\u00fade apresentarem, em at\u00e9 72 horas, um cronograma detalhado das medidas que ser\u00e3o adotadas para cumprir a decis\u00e3o judicial. <\/span><\/p>\n<p style=\"text-align: justify;\" align=\"justify\">\n","protected":false},"excerpt":{"rendered":"<p> [&hellip;]<\/p>\n","protected":false},"author":17,"featured_media":35339,"comment_status":"open","ping_status":"open","sticky":false,"template":"","format":"standard","meta":{"om_disable_all_campaigns":false,"_monsterinsights_skip_tracking":false,"_monsterinsights_sitenote_active":false,"_monsterinsights_sitenote_note":"","_monsterinsights_sitenote_category":0,"_uf_show_specific_survey":0,"_uf_disable_surveys":false,"footnotes":""},"categories":[2],"tags":[],"class_list":["post-67516","post","type-post","status-publish","format-standard","has-post-thumbnail","hentry","category-not_mpal"],"aioseo_notices":[],"_links":{"self":[{"href":"https:\/\/www.mpal.mp.br\/index.php?rest_route=\/wp\/v2\/posts\/67516","targetHints":{"allow":["GET"]}}],"collection":[{"href":"https:\/\/www.mpal.mp.br\/index.php?rest_route=\/wp\/v2\/posts"}],"about":[{"href":"https:\/\/www.mpal.mp.br\/index.php?rest_route=\/wp\/v2\/types\/post"}],"author":[{"embeddable":true,"href":"https:\/\/www.mpal.mp.br\/index.php?rest_route=\/wp\/v2\/users\/17"}],"replies":[{"embeddable":true,"href":"https:\/\/www.mpal.mp.br\/index.php?rest_route=%2Fwp%2Fv2%2Fcomments&post=67516"}],"version-history":[{"count":2,"href":"https:\/\/www.mpal.mp.br\/index.php?rest_route=\/wp\/v2\/posts\/67516\/revisions"}],"predecessor-version":[{"id":67520,"href":"https:\/\/www.mpal.mp.br\/index.php?rest_route=\/wp\/v2\/posts\/67516\/revisions\/67520"}],"wp:featuredmedia":[{"embeddable":true,"href":"https:\/\/www.mpal.mp.br\/index.php?rest_route=\/wp\/v2\/media\/35339"}],"wp:attachment":[{"href":"https:\/\/www.mpal.mp.br\/index.php?rest_route=%2Fwp%2Fv2%2Fmedia&parent=67516"}],"wp:term":[{"taxonomy":"category","embeddable":true,"href":"https:\/\/www.mpal.mp.br\/index.php?rest_route=%2Fwp%2Fv2%2Fcategories&post=67516"},{"taxonomy":"post_tag","embeddable":true,"href":"https:\/\/www.mpal.mp.br\/index.php?rest_route=%2Fwp%2Fv2%2Ftags&post=67516"}],"curies":[{"name":"wp","href":"https:\/\/api.w.org\/{rel}","templated":true}]}}