{"id":67499,"date":"2026-03-12T17:26:30","date_gmt":"2026-03-12T20:26:30","guid":{"rendered":"https:\/\/www.mpal.mp.br\/?p=67499"},"modified":"2026-03-12T17:26:30","modified_gmt":"2026-03-12T20:26:30","slug":"sustentacao-do-mpal-leva-mais-um-feminicida-a-prisao-condenacao-ultrapassou-os-33-anos","status":"publish","type":"post","link":"https:\/\/www.mpal.mp.br\/?p=67499","title":{"rendered":"Sustenta\u00e7\u00e3o do MPAL leva mais um feminicida \u00e0 pris\u00e3o; condena\u00e7\u00e3o ultrapassou os 33 anos"},"content":{"rendered":"<p style=\"text-align: justify;\"><span style=\"font-family: helvetica, arial, sans-serif;\">\u201cMatei porque ela me amea\u00e7ou e resolvi mat\u00e1-la primeiro\u201d. No m\u00eas em que se debate as v\u00e1rias formas de viol\u00eancia contra a mulher, essa foi a justificativa de um feminicida. Nesta quinta-feira (120), o Minist\u00e9rio P\u00fablico de Alagoas (MPAL), infelizmente, atuou em mais um j\u00fari popular cujo r\u00e9u era acusado de feminic\u00eddio. Havia provas, testemunhas, a esperan\u00e7a da fam\u00edlia de Fabiana Cassimiro da Silva assassinada friamente e, paralelamente, uma sustenta\u00e7\u00e3o feita com muita veem\u00eancia pelo promotor de Justi\u00e7a Paulo Henrique Prado Filho convencendo o conselho de senten\u00e7a de que eles tinham nas m\u00e3os a oportunidade de fazer justi\u00e7a. Desse modo, dentro das expectativas ministeriais, conclu\u00eddo o j\u00fari, Jorge Luiz Henrique Barbosa, ex-companheiro da v\u00edtima, acusado de mat\u00e1-la a facadas, foi condenado a condenado em todas as qualificadoras- motivo torpe, emprego de meio cruel, recurso que impossibilitou a defesa da v\u00edtima e feminic\u00eddio, perfazendo 33 anos e 8 meses de pris\u00e3o em regime inicialmente fechado. O crime ocorreu no bairro Cidade Universit\u00e1ria, em Macei\u00f3, em 23 de julho de 2023.<\/span><\/p>\n<p style=\"text-align: justify;\"><span style=\"font-family: helvetica, arial, sans-serif;\">Fabiana Cassimiro e Jorge Luiz haviam se relacionado por 13 anos, mas estavam separados h\u00e1 dois meses \u00e0 \u00e9poca do crime. Durante os depoimentos, ocorridos no j\u00fari desta quinta-feira, foi relatado que o r\u00e9u tinha perfil violento e costumava chegar embriagado em casa. A ira do r\u00e9u teria sido por tomar ci\u00eancia de que a ex-mulher come\u00e7ara um novo relacionamento eliminando qualquer possibilidade de reatarem.<\/span><\/p>\n<p style=\"text-align: justify;\"><span style=\"font-family: helvetica, arial, sans-serif;\">\u201cSa\u00edmos do j\u00fari com a convic\u00e7\u00e3o de termos promovido justi\u00e7a, provado que assassinos de mulheres n\u00e3o ficar\u00e3o impunes e que a sociedade repudia essa viol\u00eancia. O crime foi de muita perversidade, assassinou a companheira, friamente, a golpes de faca, ignorando a presen\u00e7a do filho do casal, de apenas 13 anos, que pediu desesperadamente para o r\u00e9u parar. H\u00e1 relatos que comprovam um hist\u00f3rico de agress\u00f5es que a v\u00edtima vivenciava ha muito tempo, ent\u00e3o nossa sustenta\u00e7\u00e3o foi pela pena m\u00e1xima, com o reconhecimento de todas as qualificadoras e isso ocorreu\u201d, afirma o promotor. <\/span><\/p>\n<p style=\"text-align: justify;\"><span style=\"font-family: helvetica, arial, sans-serif;\"><strong>Qualificadoras<\/strong><\/span><\/p>\n<p style=\"text-align: justify;\"><span style=\"font-family: helvetica, arial, sans-serif;\">Motivo torpe, decorrente da n\u00e3o aceita\u00e7\u00e3o do t\u00e9rmino do relacionamento;<\/span><\/p>\n<p style=\"text-align: justify;\"><span style=\"font-family: helvetica, arial, sans-serif;\">Emprego de meio cruel, diante da multiplicidade de golpes de faca;<\/span><\/p>\n<p style=\"text-align: justify;\"><span style=\"font-family: helvetica, arial, sans-serif;\">Recurso que dificultou a defesa da v\u00edtima, por se tratar de ataque inesperado contra v\u00edtima desarmada;<\/span><\/p>\n<p style=\"text-align: justify;\"><span style=\"font-family: helvetica, arial, sans-serif;\">Feminic\u00eddio, por ter sido praticado em contexto de viol\u00eancia dom\u00e9stica e familiar contra a mulher.<\/span><\/p>\n<p style=\"text-align: justify;\"><span style=\"font-family: helvetica, arial, sans-serif;\"><strong>O caso<\/strong><\/span><\/p>\n<p style=\"text-align: justify;\"><span style=\"font-family: helvetica, arial, sans-serif;\">De acordo com a guarni\u00e7\u00e3o, a pol\u00edcia foi acionada e, chegando ao local, confirmou o \u00f3bito da v\u00edtima. O autor foi identificado por meio da informa\u00e7\u00e3o repassada pelo filho da v\u00edtima. A guarni\u00e7\u00e3o saiu em persegui\u00e7\u00e3o parando no viaduto da antiga Pol\u00edcia Rodovi\u00e1ria Federal, onde o acusado estava agarrado a um poste insinuando que pularia. Ap\u00f3s uma negocia\u00e7\u00e3o de cerca de cinco horas, ele foi convencido a descer e se entregar.<\/span><\/p>\n<p style=\"text-align: justify;\"><span style=\"font-family: helvetica, arial, sans-serif;\">Jorge Luiz, agora condenado, foi levado \u00e0 Upa, num primeiro momento, pois tinha ferimentos provocados por ele e, em seguida, para a delegacia onde confessou o feminic\u00eddio. Por\u00e9m, relatos de vizinhos, familiares e testemunhas arroladas afirmam que o relacionamento entre eles era conturbado, ao ponto de, certa vez, ela ter se escondido no mato com os filhos com medo de morrer.<\/span><\/p>\n<p style=\"text-align: justify;\">\n<p style=\"text-align: justify;\"><span style=\"font-family: helvetica, arial, sans-serif;\">No dia 23 de julho de 2023, dissimuladamente, o r\u00e9u usou de m\u00e1-f\u00e9 de aproximando de Fabiana com o pretexto de que queria dialogar com ela, mas j\u00e1 estaria com o desejo de mat\u00e1-la. Pois, aguardou a sua filha mais velha sair de casa para come\u00e7ar a lhe desferir os golpes. Quando ela come\u00e7ou a pedir socorro , um vizinho chegou a intervir e fazer com que o assassino parasse momentaneamente, nesse \u00ednterim a v\u00edtima correu para a cal\u00e7ada com a inten\u00e7\u00e3o de fugir dele, mas caiu e foi alcan\u00e7ada. L\u00e1 ele retomado a sua ira e conclu\u00eddo a execu\u00e7\u00e3o.<\/span><\/p>\n<p style=\"text-align: justify;\">\n<p style=\"text-align: justify;\">\n","protected":false},"excerpt":{"rendered":"<p> [&hellip;]<\/p>\n","protected":false},"author":8,"featured_media":67502,"comment_status":"open","ping_status":"open","sticky":false,"template":"","format":"standard","meta":{"om_disable_all_campaigns":false,"_monsterinsights_skip_tracking":false,"_monsterinsights_sitenote_active":false,"_monsterinsights_sitenote_note":"","_monsterinsights_sitenote_category":0,"_uf_show_specific_survey":0,"_uf_disable_surveys":false,"footnotes":""},"categories":[2],"tags":[],"class_list":["post-67499","post","type-post","status-publish","format-standard","has-post-thumbnail","hentry","category-not_mpal"],"aioseo_notices":[],"_links":{"self":[{"href":"https:\/\/www.mpal.mp.br\/index.php?rest_route=\/wp\/v2\/posts\/67499","targetHints":{"allow":["GET"]}}],"collection":[{"href":"https:\/\/www.mpal.mp.br\/index.php?rest_route=\/wp\/v2\/posts"}],"about":[{"href":"https:\/\/www.mpal.mp.br\/index.php?rest_route=\/wp\/v2\/types\/post"}],"author":[{"embeddable":true,"href":"https:\/\/www.mpal.mp.br\/index.php?rest_route=\/wp\/v2\/users\/8"}],"replies":[{"embeddable":true,"href":"https:\/\/www.mpal.mp.br\/index.php?rest_route=%2Fwp%2Fv2%2Fcomments&post=67499"}],"version-history":[{"count":1,"href":"https:\/\/www.mpal.mp.br\/index.php?rest_route=\/wp\/v2\/posts\/67499\/revisions"}],"predecessor-version":[{"id":67503,"href":"https:\/\/www.mpal.mp.br\/index.php?rest_route=\/wp\/v2\/posts\/67499\/revisions\/67503"}],"wp:featuredmedia":[{"embeddable":true,"href":"https:\/\/www.mpal.mp.br\/index.php?rest_route=\/wp\/v2\/media\/67502"}],"wp:attachment":[{"href":"https:\/\/www.mpal.mp.br\/index.php?rest_route=%2Fwp%2Fv2%2Fmedia&parent=67499"}],"wp:term":[{"taxonomy":"category","embeddable":true,"href":"https:\/\/www.mpal.mp.br\/index.php?rest_route=%2Fwp%2Fv2%2Fcategories&post=67499"},{"taxonomy":"post_tag","embeddable":true,"href":"https:\/\/www.mpal.mp.br\/index.php?rest_route=%2Fwp%2Fv2%2Ftags&post=67499"}],"curies":[{"name":"wp","href":"https:\/\/api.w.org\/{rel}","templated":true}]}}