{"id":67496,"date":"2026-03-12T14:13:50","date_gmt":"2026-03-12T17:13:50","guid":{"rendered":"https:\/\/www.mpal.mp.br\/?p=67496"},"modified":"2026-03-12T14:13:50","modified_gmt":"2026-03-12T17:13:50","slug":"ministerio-publico-instaura-procedimento-para-apurar-bullying-cometido-em-escola-particular-de-maceio","status":"publish","type":"post","link":"https:\/\/www.mpal.mp.br\/?p=67496","title":{"rendered":"Minist\u00e9rio P\u00fablico instaura procedimento para apurar bullying cometido em escola particular de Macei\u00f3"},"content":{"rendered":"<p align=\"justify\"><span style=\"font-family: helvetica, arial, sans-serif; font-size: 12pt;\"><span style=\"color: #0a0a0a;\">Humilhar, discriminar, intimidar de forma f\u00edsica, moral, verbal, sexual, social ou virtual, promover humilha\u00e7\u00f5es individualmente ou em grupo, submeter a constrangimento, e viol\u00eancia psicol\u00f3gica, intencionalmente, pelo prazer de se achar superior. Bullying. Ap\u00f3s receber den\u00fancia apontando a pr\u00e1tica em um col\u00e9gio particular, situado em Macei\u00f3, o Minist\u00e9rio P\u00fablico de Alagoas (MPAL), via <\/span><span style=\"color: #0a0a0a;\">Promotoria de Justi\u00e7a da Inf\u00e2ncia e da Juventude<\/span><span style=\"color: #0a0a0a;\">, <\/span><span style=\"color: #0a0a0a;\">instaurou procedimento para apurar poss\u00edvel omiss\u00e3o do estabelecimento de ensino no tocante \u00e0s medidas de preven\u00e7\u00e3o, enfrentamento, bem como para a cess\u00e3o de tais pr\u00e1ticas de intimida\u00e7\u00e3o sistem\u00e1tica por seus alunos.<\/span><\/span><\/p>\n<p align=\"justify\"><span style=\"font-family: helvetica, arial, sans-serif; font-size: 12pt;\">O caso est\u00e1 sendo acompanhado pelo promotor de Justi\u00e7a Gustavo Arns, autor do procedimento, que tamb\u00e9m integra o N\u00facleo de Defesa da Educa\u00e7\u00e3o (Nuded), do Minist\u00e9rio P\u00fablico de Alagoas.<\/span><\/p>\n<p align=\"justify\"><span style=\"font-family: helvetica, arial, sans-serif; font-size: 12pt;\">\u201cRecebemos em nossa promotoria a den\u00fancia de que uma aluna do col\u00e9gio estaria sendo submetida a atos de intimida\u00e7\u00e3o sistem\u00e1tica, o conhecido bullying, praticados reiteradas vezes, e que a dire\u00e7\u00e3o, mesmo tomando conhecimento das agress\u00f5es tinha ficado inerte. A lei diz, categoricamente, que esse tipo de comportamento viola os direitos fundamentais da crian\u00e7a e do adolescente. O Estatuto da Crian\u00e7a e do Adolescente \u00e9 muito claro ao estabelecer que devem ter direito \u00e0 dignidade, \u00e0 educa\u00e7\u00e3o e a um ambiente seguro, al\u00e9m de serem respeitados e protegidos das viol\u00eancias f\u00edsica e psicol\u00f3gica. E, n\u00f3s, enquanto Minist\u00e9rio P\u00fablico, precisamos adotar medidas que fa\u00e7am valer todo esse regramento para banir qualquer tipo de bullying na escola\u201d, destaca o promotor.<\/span><\/p>\n<p align=\"justify\"><span style=\"font-family: helvetica, arial, sans-serif; font-size: 12pt;\"><span style=\"color: #0a0a0a;\">A Lei <\/span><span style=\"color: #0a0a0a;\">a qual Gustavo Arns se refere \u00e9 a <\/span><span style=\"color: #0a0a0a;\">n\u00ba 14.811\/2024, <\/span><span style=\"color: #0a0a0a;\">que tornou<\/span><span style=\"color: #0a0a0a;\"> o bullying e o cyberbullying crimes <\/span><span style=\"color: #0a0a0a;\">cab\u00edveis de<\/span><span style=\"color: #0a0a0a;\"> multa \u2013 <\/span><span style=\"color: #0a0a0a;\">no caso de<\/span><span style=\"color: #0a0a0a;\"> bullying presencial-, <\/span><span style=\"color: #0a0a0a;\">e tamb\u00e9m de<\/span><span style=\"color: #0a0a0a;\"> reclus\u00e3o <\/span><span style=\"color: #0a0a0a;\">que podem variar de<\/span><span style=\"color: #0a0a0a;\"> 2 a 4 anos, <\/span><span style=\"color: #0a0a0a;\">al\u00e9m de multa &#8211; <\/span><span style=\"color: #0a0a0a;\"> e<\/span><span style=\"color: #0a0a0a;\">m caso de <\/span><span style=\"color: #0a0a0a;\">cyberbullying, <\/span><span style=\"color: #0a0a0a;\">ou seja, ocorrerem por meio de rede de computadores, aplicativos ou jogos online. E essa mesma lei obriga as unidades de ensino a implementar medidas de conscientiza\u00e7\u00e3o, preven\u00e7\u00e3o e combate \u00e0 viol\u00eancia. <\/span><\/span><\/p>\n<p align=\"justify\"><span style=\"font-family: helvetica, arial, sans-serif; font-size: 12pt;\">Como procedimento apurat\u00f3rio, o promotor de Justi\u00e7a Gustavo Arns determinou como provid\u00eancias iniciais a notifica\u00e7\u00e3o do col\u00e9gio para que, no prazo de 10 dias, apresente informa\u00e7\u00f5es detalhadas acerca dos fatos noticiados, devendo esclarecer:<\/span><\/p>\n<p align=\"justify\"><span style=\"font-family: helvetica, arial, sans-serif; font-size: 12pt;\">Se possui conhecimento das ocorr\u00eancias relatadas; quais provid\u00eancias foram adotadas para apura\u00e7\u00e3o dos fatos; quais medidas pedag\u00f3gicas, disciplinares ou de acompanhamento foram implementadas em rela\u00e7\u00e3o aos alunos envolvidos; e quais protocolos institucionais de preven\u00e7\u00e3o e enfrentamento ao bullying s\u00e3o adotados pela institui\u00e7\u00e3o.<\/span><\/p>\n<p align=\"justify\"><span style=\"font-family: helvetica, arial, sans-serif; font-size: 12pt;\">Requereu, tamb\u00e9m, c\u00f3pia de registros internos, relat\u00f3rios pedag\u00f3gicos, comunica\u00e7\u00f5es realizadas com respons\u00e1veis e eventuais documentos relacionados \u00e0 apura\u00e7\u00e3o dos fatos, bem como do protocolo institucional de preven\u00e7\u00e3o e combate \u00e0 viol\u00eancia escolar.<\/span><\/p>\n<p align=\"justify\"><span style=\"font-family: helvetica, arial, sans-serif; font-size: 12pt;\">No decorrer da apura\u00e7\u00e3o, poder\u00e3o ser adotadas outras dilig\u00eancias que se mostrarem necess\u00e1rias ao esclarecimento da situa\u00e7\u00e3o.<\/span><\/p>\n<p align=\"justify\">Foto: Imagem internet<\/p>\n","protected":false},"excerpt":{"rendered":"<p> [&hellip;]<\/p>\n","protected":false},"author":8,"featured_media":67497,"comment_status":"open","ping_status":"open","sticky":false,"template":"","format":"standard","meta":{"om_disable_all_campaigns":false,"_monsterinsights_skip_tracking":false,"_monsterinsights_sitenote_active":false,"_monsterinsights_sitenote_note":"","_monsterinsights_sitenote_category":0,"_uf_show_specific_survey":0,"_uf_disable_surveys":false,"footnotes":""},"categories":[2],"tags":[],"class_list":["post-67496","post","type-post","status-publish","format-standard","has-post-thumbnail","hentry","category-not_mpal"],"aioseo_notices":[],"_links":{"self":[{"href":"https:\/\/www.mpal.mp.br\/index.php?rest_route=\/wp\/v2\/posts\/67496","targetHints":{"allow":["GET"]}}],"collection":[{"href":"https:\/\/www.mpal.mp.br\/index.php?rest_route=\/wp\/v2\/posts"}],"about":[{"href":"https:\/\/www.mpal.mp.br\/index.php?rest_route=\/wp\/v2\/types\/post"}],"author":[{"embeddable":true,"href":"https:\/\/www.mpal.mp.br\/index.php?rest_route=\/wp\/v2\/users\/8"}],"replies":[{"embeddable":true,"href":"https:\/\/www.mpal.mp.br\/index.php?rest_route=%2Fwp%2Fv2%2Fcomments&post=67496"}],"version-history":[{"count":1,"href":"https:\/\/www.mpal.mp.br\/index.php?rest_route=\/wp\/v2\/posts\/67496\/revisions"}],"predecessor-version":[{"id":67498,"href":"https:\/\/www.mpal.mp.br\/index.php?rest_route=\/wp\/v2\/posts\/67496\/revisions\/67498"}],"wp:featuredmedia":[{"embeddable":true,"href":"https:\/\/www.mpal.mp.br\/index.php?rest_route=\/wp\/v2\/media\/67497"}],"wp:attachment":[{"href":"https:\/\/www.mpal.mp.br\/index.php?rest_route=%2Fwp%2Fv2%2Fmedia&parent=67496"}],"wp:term":[{"taxonomy":"category","embeddable":true,"href":"https:\/\/www.mpal.mp.br\/index.php?rest_route=%2Fwp%2Fv2%2Fcategories&post=67496"},{"taxonomy":"post_tag","embeddable":true,"href":"https:\/\/www.mpal.mp.br\/index.php?rest_route=%2Fwp%2Fv2%2Ftags&post=67496"}],"curies":[{"name":"wp","href":"https:\/\/api.w.org\/{rel}","templated":true}]}}